{"id":1412,"date":"2022-01-17T17:07:27","date_gmt":"2022-01-17T15:07:27","guid":{"rendered":"https:\/\/www.lacasadelelectrodomestico.com\/blog\/?p=1412"},"modified":"2025-06-26T16:14:37","modified_gmt":"2025-06-26T14:14:37","slug":"frigorificos-bajo-consumo","status":"publish","type":"post","link":"https:\/\/www.lacasadelelectrodomestico.com\/blog\/frigorificos-bajo-consumo\/","title":{"rendered":"Frigor\u00edficos de bajo consumo"},"content":{"rendered":"<p>Tanto las neveras como los <a href=\"https:\/\/www.lacasadelelectrodomestico.com\/Seccion~x~Frigorificos~IDSeccion~44.html\">frigor\u00edficos<\/a> son los \u00fanicos electrodom\u00e9sticos cuyo funcionamiento es continuo ya que hemos de usarlo todos los d\u00edas y a todas horas. Por eso, es uno de los aparatos que m\u00e1s consumen en nuestro hogar y\u00a0 es importante saber elegir de forma adecuada un <strong>frigor\u00edfico de bajo consumo<\/strong>.<\/p>\n<p>Cuando se trata de ahorrar energ\u00eda en casa, elegir un frigor\u00edfico eficiente es clave. Si adem\u00e1s buscas un modelo compacto, ideal para espacios reducidos, te invitamos a descubrir nuestros <a href=\"https:\/\/www.lacasadelelectrodomestico.com\/Seccion~x~Frigorificos-bajo-encimera~IDSeccion~632.html\" target=\"_new\" rel=\"noopener\" data-start=\"619\" data-end=\"741\"><strong data-start=\"620\" data-end=\"641\">frigor\u00edficos mini<\/strong><\/a>, donde puedes comparar distintas opciones de bajo consumo y encontrar el equilibrio perfecto entre tama\u00f1o y rendimiento.<\/p>\n<p><img loading=\"lazy\" decoding=\"async\" class=\"wp-image-1413 size-full aligncenter\" src=\"https:\/\/www.lacasadelelectrodomestico.com\/blog\/wp-content\/uploads\/2022\/01\/istockphoto-1316555834-612x612-1.jpg\" alt=\"Pl\u00e1tano en nevera\" width=\"612\" height=\"484\" srcset=\"https:\/\/www.lacasadelelectrodomestico.com\/blog\/wp-content\/uploads\/2022\/01\/istockphoto-1316555834-612x612-1.jpg 612w, https:\/\/www.lacasadelelectrodomestico.com\/blog\/wp-content\/uploads\/2022\/01\/istockphoto-1316555834-612x612-1-300x237.jpg 300w, https:\/\/www.lacasadelelectrodomestico.com\/blog\/wp-content\/uploads\/2022\/01\/istockphoto-1316555834-612x612-1-443x350.jpg 443w\" sizes=\"auto, (max-width: 612px) 100vw, 612px\" \/><\/p>\n<h2>Ventajas de los frigor\u00edficos bajo consumo<\/h2>\n<p>Los frigor\u00edficos de bajo consumo presentan una serie de ventajas que hay que tener en cuenta y que te ayudar\u00e1n a ahorrar energ\u00eda y dinero:<\/p>\n<ul>\n<li>Cuanto menos consuma el frigor\u00edfico, menos se notar\u00e1 a nivel econ\u00f3mico. Esto es ya suficiente para convencernos de que necesitamos uno de estos aparatos. Los frigor\u00edficos han de estar todo el d\u00eda conectado a la corriente el\u00e9ctrica por lo que, cuanto menos consuma, m\u00e1s lo agradecer\u00e1 nuestro bolsillo.<\/li>\n<li>Contribuye al consumo responsable, puesto que los frigor\u00edficos de bajo consumo cuidan y respetan m\u00e1s el medio ambiente y son m\u00e1s ecol\u00f3gicos que modelos menos sostenibles.<\/li>\n<\/ul>\n<h2>Eficiencia energ\u00e9tica<\/h2>\n<p>La eficiencia energ\u00e9tica es una especificaci\u00f3n que viene ya incluida en muchos electrodom\u00e9sticos (microondas, hornos, lavavajillas, etc.), entre ellos, los frigor\u00edficos y neveras.<\/p>\n<p>Podemos encontrar hasta 7 clasificaciones diferentes de energ\u00eda en los aparatos electrodom\u00e9sticos indicadas por letras de la A la G.<\/p>\n<p>Por lo general, la mayor\u00eda de equipos actuales contienen la clase A, que permiten ahorrar hasta un 20 % de energ\u00eda en el hogar. As\u00ed como los A+ y A++ su ponen un 40 % de ahorro y los A+++ altamente eficientes con hasta un 60% menos de consumo.<\/p>\n<h2>\u00bfCu\u00e1nto consume un frigor\u00edfico en watios (kWh)?<\/h2>\n<p>Seguramente te has preguntado en alguna ocasi\u00f3n cu\u00e1nto puede llegar a consumir un frigor\u00edfico de bajo consumo o cu\u00e1l es el ahorro que supone tener un aparato eficiente. Sin entrar mucho en detalle, te ponemos un ejemplo de consumo:<\/p>\n<ul>\n<li><strong>A+++<\/strong>: 174 kWh\/d\u00eda.<\/li>\n<li><strong>A++<\/strong>: 284 kWh\/d\u00eda.<\/li>\n<li><strong>A+<\/strong>: 319 kWh\/d\u00eda.<\/li>\n<li><strong>A<\/strong>: 374 kWh\/d\u00eda.<\/li>\n<li><strong>B<\/strong>: 506 kWh\/d\u00eda.<\/li>\n<li><strong>C<\/strong>: 647 kWh\/d\u00eda.<\/li>\n<\/ul>\n<p>En general, la diferencia de consumo entre los modelos m\u00e1s eficientes y los que menos, supone unas 5 veces el consumo. Esto multiplicado por el tiempo de vida \u00fatil de aparato hace que merezca la pena conseguir un frigor\u00edfico eficiente, ya no s\u00f3lo por el ahorro, sino tambi\u00e9n por un consumo m\u00e1s responsable, ecol\u00f3gico y sostenible.<\/p>\n<p><img loading=\"lazy\" decoding=\"async\" class=\"aligncenter wp-image-1414 size-full\" src=\"https:\/\/www.lacasadelelectrodomestico.com\/blog\/wp-content\/uploads\/2022\/01\/istockphoto-182849396-612x612-1.jpg\" alt=\"3 huchas de cerditos en el congelador\" width=\"612\" height=\"408\" srcset=\"https:\/\/www.lacasadelelectrodomestico.com\/blog\/wp-content\/uploads\/2022\/01\/istockphoto-182849396-612x612-1.jpg 612w, https:\/\/www.lacasadelelectrodomestico.com\/blog\/wp-content\/uploads\/2022\/01\/istockphoto-182849396-612x612-1-300x200.jpg 300w, https:\/\/www.lacasadelelectrodomestico.com\/blog\/wp-content\/uploads\/2022\/01\/istockphoto-182849396-612x612-1-450x300.jpg 450w\" sizes=\"auto, (max-width: 612px) 100vw, 612px\" \/><\/p>\n<h2>Otras caracter\u00edsticas a considerar<\/h2>\n<p>A la hora de escoger un frigor\u00edfico es recomendable que, aparte de la eficiencia energ\u00e9tica, tambi\u00e9n se valoren otras caracter\u00edsticas.<\/p>\n<h3>Clase clim\u00e1tica<\/h3>\n<p>Con esto hacemos referencia a ciertas indicaciones que realiza el fabricante en cuanto al clima o entorno de temperatura (ambiental) donde el frigor\u00edfico va a funcionar. Ya que se trata de un aparato que regula su temperatura en el interior, el rendimiento no ser\u00e1 el mismo si en el exterior hace fr\u00edo o calor. La clasificaci\u00f3n est\u00e1ndar habitual es:<\/p>\n<ul>\n<li><strong>T\u00b4<\/strong>(tropical): de +16C\u00ba a +43C\u00ba<\/li>\n<li><strong>ST<\/strong>\u00b4(subtropical): de +16C\u00ba a +38C\u00ba<\/li>\n<li><strong>N\u00b4<\/strong>(templada): de +16C\u00ba a +32C\u00ba<\/li>\n<li><strong>SN\u00b4<\/strong> (templada extendida): de +10C\u00ba a +32C\u00ba<\/li>\n<\/ul>\n<h3>Estrellas del congelador<\/h3>\n<p>Las estrellas del congelador nos sirven para saber qu\u00e9 poder de congelaci\u00f3n tiene un frigor\u00edfico en este apartado. Cuantas m\u00e1s estrellas contenga, m\u00e1s capacidad y rapidez tiene el aparato de bajar la temperatura, por lo que se corresponde con un mejor electrodom\u00e9stico. Para hacernos una idea, cada estrella suele contener una capacidad de bajar -6\u00baC.<\/p>\n<ul>\n<li><strong>4 estrellas<\/strong>. Permite la congelaci\u00f3n de alimentos frescos (que necesitan ser congelados a -18\u00baC). Por tanto, son los m\u00e1s habituales de encontrar en todo tipo de hogares.<\/li>\n<li><strong>3 estrellas<\/strong>. Permite conservar alimentos que han sido previamente congelados. No est\u00e1n habilitados para congelar los alimentos de forma directa dado que no tiene capacidad de bajar m\u00e1s all\u00e1 de los -18\u00baC, que es la temperatura necesaria para eliminar los microorganismos.<\/li>\n<li><strong>2 y 1 Estrellas<\/strong>. S\u00f3lo v\u00e1lidos para enfriar bebidas.<\/li>\n<\/ul>\n<h3>Capacidad<\/h3>\n<p>Una regla de oro es que la capacidad del frigor\u00edfico ha de estar directamente relacionado con el n\u00famero de habitantes del hogar que vayan a usarlo. Si es muy grande y no se llena, consumir\u00e1 m\u00e1s energ\u00eda. Por el contrario, si es peque\u00f1o y viv\u00eds muchos en casa, terminar\u00e1s haciendo la compra continuamente o tendr\u00e1s el aparato a rebosar de comida enfriada y congelada, pudiendo ser tambi\u00e9n un elemento negativo.<\/p>\n<p>Para hacernos una idea, una nevera de 125 litros deber\u00eda ser m\u00e1s que suficiente para una persona y, si comparamos con una familia de 3-4 miembros, la capacidad ideal ser\u00e1 entre 400 a 500 litros.<\/p>\n<p><img loading=\"lazy\" decoding=\"async\" class=\"aligncenter wp-image-1415 size-full\" src=\"https:\/\/www.lacasadelelectrodomestico.com\/blog\/wp-content\/uploads\/2022\/01\/istockphoto-669677488-612x612-1.jpg\" alt=\"Chica cogiendo comida de frigor\u00edfico\" width=\"612\" height=\"418\" srcset=\"https:\/\/www.lacasadelelectrodomestico.com\/blog\/wp-content\/uploads\/2022\/01\/istockphoto-669677488-612x612-1.jpg 612w, https:\/\/www.lacasadelelectrodomestico.com\/blog\/wp-content\/uploads\/2022\/01\/istockphoto-669677488-612x612-1-300x205.jpg 300w, https:\/\/www.lacasadelelectrodomestico.com\/blog\/wp-content\/uploads\/2022\/01\/istockphoto-669677488-612x612-1-450x307.jpg 450w\" sizes=\"auto, (max-width: 612px) 100vw, 612px\" \/><\/p>\n<h3>Cajones y compartimentos<\/h3>\n<p>Algunos de los modelos m\u00e1s actuales y eficientes del mercado disponen de cajones y compartimentos que permiten disponer de temperaturas independientes, pudiendo dividir dichos estancos seg\u00fan sean alimentos frescos, carnes y pescado. Aun as\u00ed, recuerda que la temperatura de la nevera no ha de ser la misma a lo largo de todo el a\u00f1o, es decir, durante el verano la temperatura bajo cero ha de ser mayor que en invierno debido a la temperatura ambiente.<\/p>\n<p>Es necesario adaptarlas a la cantidad y el tipo de alimento que contendr\u00e1 en su interior.<\/p>\n<h3>Iluminaci\u00f3n<\/h3>\n<p>Pr\u00e1cticamente los modelos de frigor\u00edfico actuales en el mercado ya cuentan con una iluminaci\u00f3n con bombillas LED ya que son un obligado en cualquier nevera eficiente. No solo reduce el consumo de energ\u00eda del electrodom\u00e9stico, sino tambi\u00e9n permite conservar mejor los alimentos.<\/p>\n<p>Existen estudios que demuestran que la luz ultravioleta alarga la vida y ralentiza el proceso de descomposici\u00f3n en alimentos como son las frutas y verduras. Adem\u00e1s, esta iluminaci\u00f3n da m\u00e1s luminosidad al frigor\u00edfico, haciendo que la luz abarque mejor el interior del electrodom\u00e9stico y llegue a todos los rincones.<\/p>\n<p>Si buscas un modelo que combine eficiencia energ\u00e9tica y dise\u00f1o compacto, te animamos a explorar nuestra selecci\u00f3n de <a href=\"https:\/\/www.lacasadelelectrodomestico.com\/Seccion~x~Frigorificos-1-puerta-bosch~IDSeccion~436.html\" target=\"_new\" rel=\"noopener noreferrer\" data-start=\"203\" data-end=\"332\">frigor\u00edficos 1 puerta BOSCH<\/a>, donde podr\u00e1s comparar distintas opciones de bajo consumo y encontrar el equilibrio perfecto entre tama\u00f1o y rendimiento.<\/p>\n<h2>Tipos de Neveras de Bajo Consumo<\/h2>\n<p>El actual mercado tecnol\u00f3gico ofrece una serie de modelos de este tipo de electrodom\u00e9sticos. A continuaci\u00f3n, te mostramos algunos tipos de neveras de bajo consumo adaptados a cada necesidad del hogar.<\/p>\n<ul>\n<li><strong>Nevera de 4 puertas<\/strong> Son electrodom\u00e9sticos de gran tama\u00f1o que, gracias a los avances en tecnolog\u00eda, pueden almacenar una gran cantidad de alimentos al tiempo que se ahorrar a nivel energ\u00e9tico y se es m\u00e1s responsable con el medio ambiente.<\/li>\n<li><strong>Nevera de 2 puertas<\/strong>. Es de menor tama\u00f1o, aunque permite conservar los alimentos de una forma eficiente. Contiene diversas funciones que garantizan una mayor durabilidad y cuidado a todos los alimentos almacenados en su interior. Son ideales para acondicionarlos seg\u00fan tus necesidades.<\/li>\n<li><strong>Nevera bajo consumo con placas solares<\/strong>. Este tipo de frigor\u00edficos son ideales para ser ubicados en estudios, oficinas, residencias de estudiantes, habitaciones, entre otros. Sus peque\u00f1as dimensiones permiten almacenar lo justo y necesario. Es m\u00e1s, algunos son solo refrigeradores y otros pueden combinar tanto congelador como nevera.<\/li>\n<\/ul>\n<div class=\"container_video\"><i><svg width=\"24\" height=\"18\" viewBox=\"0 0 24 18\" fill=\"none\" xmlns=\"http:\/\/www.w3.org\/2000\/svg\">\n<path fill-rule=\"evenodd\" clip-rule=\"evenodd\" d=\"M22.5979 3.16757C22.3325 2.14788 21.5504 1.34492 20.5573 1.07241C18.7576 0.577148 11.5401 0.577148 11.5401 0.577148C11.5401 0.577148 4.3227 0.577148 2.52283 1.07241C1.52972 1.34492 0.747617 2.14788 0.482194 3.16757C0 5.01563 0 8.87162 0 8.87162C0 8.87162 0 12.7275 0.482194 14.5757C0.747617 15.5954 1.52972 16.3983 2.52283 16.671C4.3227 17.1661 11.5401 17.1661 11.5401 17.1661C11.5401 17.1661 18.7576 17.1661 20.5573 16.671C21.5504 16.3983 22.3325 15.5954 22.5979 14.5757C23.0803 12.7275 23.0803 8.87162 23.0803 8.87162C23.0803 8.87162 23.0803 5.01563 22.5979 3.16757Z\" fill=\"#FF3333\"\/>\n<path fill-rule=\"evenodd\" clip-rule=\"evenodd\" d=\"M9.37634 12.8386V5.62598L15.1464 9.23241L9.37634 12.8386Z\" fill=\"white\"\/>\n<\/svg><br \/>\n<\/i><\/p>\n<figure><img decoding=\"async\" class=\"img_video\" src=\"https:\/\/img.youtube.com\/vi\/5f3y8ipabLA\/hqdefault.jpg\" alt=\"Video - Frigor\u00edficos de bajo consumo\" data-id=\"5f3y8ipabLA\"><\/figure>\n<\/div>\n<h2>Los sistemas de congelaci\u00f3n: la clave de los frigor\u00edficos de bajo consumo<\/h2>\n<h3>Sistema No Frost<\/h3>\n<p>A estas alturas, seguro que ya has escuchado hablar de las ventajas que ofrece el <a href=\"https:\/\/www.lacasadelelectrodomestico.com\/blog\/como-funciona-frigorifico-no-frost\/\"><strong>sistema No Frost<\/strong><\/a>. Esta tecnolog\u00eda no usa la congelaci\u00f3n por escharcha, por lo que no es necesario apagar el aparato para limpiar el frigor\u00edfico. Adem\u00e1s, evita que se forme escarcha en su interior, por lo que el rendimiento del electrodom\u00e9stico mejora much\u00edsimo, por lo que este sistema es cada vez m\u00e1s habitual en todos los frigor\u00edficos. Tambi\u00e9n cabe a\u00f1adir que este sistema ayuda a que los alimentos se descongelen de forma m\u00e1s uniforme, eliminando el exceso de agua y ayudando a conservar las propiedades nutritivas y el sabor de los productos.<\/p>\n<h3>Circuitos de fr\u00edo independiente<\/h3>\n<p>Tambi\u00e9n expertos se\u00f1alan que es m\u00e1s rentable optar por una nevera que contenga 2 <strong>circuitos de fr\u00edo independiente<\/strong>, es decir, uno para el congelador y otro para el frigor\u00edfico. Esto supone que tendr\u00e1s un congelador seco (no ser\u00e1 necesario descongelar) y una nevera que mantiene la humedad correcta para conservar adecuadamente los alimentos.<\/p>\n<h3>Sistema MultiAirflow<\/h3>\n<p>Tambi\u00e9n, nuestro frigor\u00edfico puede contener un sistema que se centre en la ventilaci\u00f3n y la circulaci\u00f3n interna del aire del aparato. En este caso el sistema usado es el MultiAirflow, que ayuda a que la circulaci\u00f3n del aire sea constante en todos los niveles para y favorecer as\u00ed la conservaci\u00f3n de todos los alimentos por igual.<\/p>\n<p>En general, estos son algunos de los elementos que has de tener en cuenta cuando compres un frigor\u00edfico de bajo consumo. Igualmente, tendr\u00e1s que valorar la relaci\u00f3n calidad-precio, as\u00ed como la funcionalidad del aparato y que se adapte a tus necesidades.<\/p>\n<section class=\"section_shortcode_products\"><div class=\"container_button\"><a href=\"https:\/\/www.lacasadelelectrodomestico.com\/Articulo~x~Lg-gsjv70mble-frigorifico-americano-179x91-3-cm-clase-e-doorcooling~IDArticulo~183924.html\">Ver m\u00e1s<i><svg width=\"24\" height=\"24\" viewBox=\"0 0 24 24\" fill=\"none\" xmlns=\"http:\/\/www.w3.org\/2000\/svg\"><path fill-rule=\"evenodd\" clip-rule=\"evenodd\" d=\"M2.00039 13.0002L17.6004 13.0002L15.3004 15.3002L16.7004 16.7002L21.4004 12.0002L16.7004 7.3002L15.3004 8.70019L17.6004 11.0002L2.00039 11.0002L2.00039 13.0002Z\" fill=\"#333333\"><\/path><\/svg>\n<\/i><\/a><\/div><div class=\"shortcode_products\"><\/div><\/section>\n<h2>Advertencias de Uso<\/h2>\n<p>Por \u00faltimo, vamos a daros algunos <em>tips<\/em> para alargar la vida de tu frigor\u00edfico de bajo consumo, ya que, si no eres capaz de mantenerlo en buen rendimiento, terminar\u00e1 por estropearse y ser menos eficiente de lo que deber\u00eda. Algunas de estas advertencias de uso son:<\/p>\n<ul>\n<li>Antes de conectar el electrodom\u00e9stico por primera vez, lee bien las indicaciones del fabricante en el manual de uso, porque solo as\u00ed sabr\u00e1s cu\u00e1l es la conexi\u00f3n correcta.<\/li>\n<li>Cuando limpies la nevera, descon\u00e9ctala de la toma de corriente para evitar m\u00e1s de un susto.<\/li>\n<li>Mant\u00e9n las entradas y salidas de aire abiertas, ya que as\u00ed prolongar\u00e1s la vida \u00fatil del frigor\u00edfico y no tendr\u00e1s problemas ni aver\u00edas inc\u00f3modas.<\/li>\n<li>No coloques en su interior alimentos t\u00f3xicos o sustancias que puedan explotar en el interior de la nevera.<\/li>\n<\/ul>\n<p>&nbsp;<\/p>\n<p>Y hasta aqu\u00ed te hemos mostrado todo lo que has de saber sobre los <strong>frigor\u00edficos de bajo consumo<\/strong>. Como ves, son m\u00faltiples las ventajas que nos ofrecen, as\u00ed que, si est\u00e1s pensando en comprar un nuevo frigor\u00edfico, no lo dudes y ten en cuenta todo lo que te hemos contado aqu\u00ed.<\/p>\n","protected":false},"excerpt":{"rendered":"<p>Tanto las neveras como los frigor\u00edficos son los \u00fanicos electrodom\u00e9sticos cuyo funcionamiento es continuo ya que hemos de usarlo todos los d\u00edas y a todas horas. Por eso, es uno de los aparatos que m\u00e1s consumen en nuestro hogar y\u00a0 es importante saber elegir de forma adecuada un frigor\u00edfico de bajo consumo. Cuando se trata [&hellip;]<\/p>\n","protected":false},"author":17,"featured_media":0,"comment_status":"open","ping_status":"open","sticky":false,"template":"","format":"standard","meta":{"footnotes":""},"categories":[1],"tags":[],"class_list":["post-1412","post","type-post","status-publish","format-standard","hentry","category-cocina"],"yoast_head":"<!-- This site is optimized with the Yoast SEO plugin v26.1.1 - https:\/\/yoast.com\/wordpress\/plugins\/seo\/ -->\n<title>Frigor\u00edficos de bajo consumo - Blog de La Casa Del Electrodom\u00e9stico<\/title>\n<meta name=\"description\" content=\"\u00bfSabes por qu\u00e9 son mejores los frigor\u00edficos de bajo consumo? \u00a1La Casa del Electrodom\u00e9stico te lo cuenta todo!\" \/>\n<meta name=\"robots\" content=\"index, follow, max-snippet:-1, max-image-preview:large, max-video-preview:-1\" \/>\n<link rel=\"canonical\" href=\"https:\/\/www.lacasadelelectrodomestico.com\/blog\/frigorificos-bajo-consumo\/\" \/>\n<meta property=\"og:locale\" content=\"es_ES\" \/>\n<meta property=\"og:type\" content=\"article\" \/>\n<meta property=\"og:title\" content=\"Frigor\u00edficos de bajo consumo - Blog de La Casa Del Electrodom\u00e9stico\" \/>\n<meta property=\"og:description\" content=\"\u00bfSabes por qu\u00e9 son mejores los frigor\u00edficos de bajo consumo? \u00a1La Casa del Electrodom\u00e9stico te lo cuenta todo!\" \/>\n<meta property=\"og:url\" content=\"https:\/\/www.lacasadelelectrodomestico.com\/blog\/frigorificos-bajo-consumo\/\" \/>\n<meta property=\"og:site_name\" content=\"Blog de La Casa Del Electrodom\u00e9stico\" \/>\n<meta property=\"article:published_time\" content=\"2022-01-17T15:07:27+00:00\" \/>\n<meta property=\"article:modified_time\" content=\"2025-06-26T14:14:37+00:00\" \/>\n<meta property=\"og:image\" content=\"https:\/\/www.lacasadelelectrodomestico.com\/blog\/wp-content\/uploads\/2022\/01\/istockphoto-1316555834-612x612-1.jpg\" \/>\n<meta name=\"author\" content=\"Laura Conde\" \/>\n<meta name=\"twitter:card\" content=\"summary_large_image\" \/>\n<script type=\"application\/ld+json\" class=\"yoast-schema-graph\">{\"@context\":\"https:\/\/schema.org\",\"@graph\":[{\"@type\":\"Article\",\"@id\":\"https:\/\/www.lacasadelelectrodomestico.com\/blog\/frigorificos-bajo-consumo\/#article\",\"isPartOf\":{\"@id\":\"https:\/\/www.lacasadelelectrodomestico.com\/blog\/frigorificos-bajo-consumo\/\"},\"author\":{\"name\":\"Laura Conde\",\"@id\":\"https:\/\/www.lacasadelelectrodomestico.com\/blog\/#\/schema\/person\/b53d4da66a4952bfc90629a3c83ad1f6\"},\"headline\":\"Frigor\u00edficos de bajo consumo\",\"datePublished\":\"2022-01-17T15:07:27+00:00\",\"dateModified\":\"2025-06-26T14:14:37+00:00\",\"mainEntityOfPage\":{\"@id\":\"https:\/\/www.lacasadelelectrodomestico.com\/blog\/frigorificos-bajo-consumo\/\"},\"wordCount\":1907,\"commentCount\":0,\"publisher\":{\"@id\":\"https:\/\/www.lacasadelelectrodomestico.com\/blog\/#organization\"},\"image\":{\"@id\":\"https:\/\/www.lacasadelelectrodomestico.com\/blog\/frigorificos-bajo-consumo\/#primaryimage\"},\"thumbnailUrl\":\"https:\/\/www.lacasadelelectrodomestico.com\/blog\/wp-content\/uploads\/2022\/01\/istockphoto-1316555834-612x612-1.jpg\",\"articleSection\":[\"Cocina\"],\"inLanguage\":\"es\",\"potentialAction\":[{\"@type\":\"CommentAction\",\"name\":\"Comment\",\"target\":[\"https:\/\/www.lacasadelelectrodomestico.com\/blog\/frigorificos-bajo-consumo\/#respond\"]}]},{\"@type\":\"WebPage\",\"@id\":\"https:\/\/www.lacasadelelectrodomestico.com\/blog\/frigorificos-bajo-consumo\/\",\"url\":\"https:\/\/www.lacasadelelectrodomestico.com\/blog\/frigorificos-bajo-consumo\/\",\"name\":\"Frigor\u00edficos de bajo consumo - Blog de La Casa Del Electrodom\u00e9stico\",\"isPartOf\":{\"@id\":\"https:\/\/www.lacasadelelectrodomestico.com\/blog\/#website\"},\"primaryImageOfPage\":{\"@id\":\"https:\/\/www.lacasadelelectrodomestico.com\/blog\/frigorificos-bajo-consumo\/#primaryimage\"},\"image\":{\"@id\":\"https:\/\/www.lacasadelelectrodomestico.com\/blog\/frigorificos-bajo-consumo\/#primaryimage\"},\"thumbnailUrl\":\"https:\/\/www.lacasadelelectrodomestico.com\/blog\/wp-content\/uploads\/2022\/01\/istockphoto-1316555834-612x612-1.jpg\",\"datePublished\":\"2022-01-17T15:07:27+00:00\",\"dateModified\":\"2025-06-26T14:14:37+00:00\",\"description\":\"\u00bfSabes por qu\u00e9 son mejores los frigor\u00edficos de bajo consumo? \u00a1La Casa del Electrodom\u00e9stico te lo cuenta todo!\",\"breadcrumb\":{\"@id\":\"https:\/\/www.lacasadelelectrodomestico.com\/blog\/frigorificos-bajo-consumo\/#breadcrumb\"},\"inLanguage\":\"es\",\"potentialAction\":[{\"@type\":\"ReadAction\",\"target\":[\"https:\/\/www.lacasadelelectrodomestico.com\/blog\/frigorificos-bajo-consumo\/\"]}]},{\"@type\":\"ImageObject\",\"inLanguage\":\"es\",\"@id\":\"https:\/\/www.lacasadelelectrodomestico.com\/blog\/frigorificos-bajo-consumo\/#primaryimage\",\"url\":\"https:\/\/www.lacasadelelectrodomestico.com\/blog\/wp-content\/uploads\/2022\/01\/istockphoto-1316555834-612x612-1.jpg\",\"contentUrl\":\"https:\/\/www.lacasadelelectrodomestico.com\/blog\/wp-content\/uploads\/2022\/01\/istockphoto-1316555834-612x612-1.jpg\"},{\"@type\":\"BreadcrumbList\",\"@id\":\"https:\/\/www.lacasadelelectrodomestico.com\/blog\/frigorificos-bajo-consumo\/#breadcrumb\",\"itemListElement\":[{\"@type\":\"ListItem\",\"position\":1,\"name\":\"Blog\",\"item\":\"https:\/\/www.lacasadelelectrodomestico.com\/blog\/\"},{\"@type\":\"ListItem\",\"position\":2,\"name\":\"Frigor\u00edficos de bajo consumo\"}]},{\"@type\":\"WebSite\",\"@id\":\"https:\/\/www.lacasadelelectrodomestico.com\/blog\/#website\",\"url\":\"https:\/\/www.lacasadelelectrodomestico.com\/blog\/\",\"name\":\"Blog de La Casa Del Electrodom\u00e9stico\",\"description\":\"\",\"publisher\":{\"@id\":\"https:\/\/www.lacasadelelectrodomestico.com\/blog\/#organization\"},\"inLanguage\":\"es\"},{\"@type\":\"Organization\",\"@id\":\"https:\/\/www.lacasadelelectrodomestico.com\/blog\/#organization\",\"name\":\"Blog de electrodom\u00e9sticos - La Casa del Electrodom\u00e9stico\",\"url\":\"https:\/\/www.lacasadelelectrodomestico.com\/blog\/\",\"logo\":{\"@type\":\"ImageObject\",\"inLanguage\":\"es\",\"@id\":\"https:\/\/www.lacasadelelectrodomestico.com\/blog\/#\/schema\/logo\/image\/\",\"url\":\"https:\/\/www.lacasadelelectrodomestico.com\/blog\/wp-content\/uploads\/2021\/05\/la-casa-del-electrodomestico-logo.jpg\",\"contentUrl\":\"https:\/\/www.lacasadelelectrodomestico.com\/blog\/wp-content\/uploads\/2021\/05\/la-casa-del-electrodomestico-logo.jpg\",\"width\":300,\"height\":300,\"caption\":\"Blog de electrodom\u00e9sticos - La Casa del Electrodom\u00e9stico\"},\"image\":{\"@id\":\"https:\/\/www.lacasadelelectrodomestico.com\/blog\/#\/schema\/logo\/image\/\"}},{\"@type\":\"Person\",\"@id\":\"https:\/\/www.lacasadelelectrodomestico.com\/blog\/#\/schema\/person\/b53d4da66a4952bfc90629a3c83ad1f6\",\"name\":\"Laura Conde\",\"image\":{\"@type\":\"ImageObject\",\"inLanguage\":\"es\",\"@id\":\"https:\/\/www.lacasadelelectrodomestico.com\/blog\/#\/schema\/person\/image\/\",\"url\":\"https:\/\/secure.gravatar.com\/avatar\/dee8c5267734d3cf880aab29497486728780787448028721a639d0beea19053e?s=96&d=mm&r=g\",\"contentUrl\":\"https:\/\/secure.gravatar.com\/avatar\/dee8c5267734d3cf880aab29497486728780787448028721a639d0beea19053e?s=96&d=mm&r=g\",\"caption\":\"Laura Conde\"},\"description\":\"Dependienta en tienda f\u00edsica Experta en fr\u00edo\"}]}<\/script>\n<!-- \/ Yoast SEO plugin. -->","yoast_head_json":{"title":"Frigor\u00edficos de bajo consumo - Blog de La Casa Del Electrodom\u00e9stico","description":"\u00bfSabes por qu\u00e9 son mejores los frigor\u00edficos de bajo consumo? \u00a1La Casa del Electrodom\u00e9stico te lo cuenta todo!","robots":{"index":"index","follow":"follow","max-snippet":"max-snippet:-1","max-image-preview":"max-image-preview:large","max-video-preview":"max-video-preview:-1"},"canonical":"https:\/\/www.lacasadelelectrodomestico.com\/blog\/frigorificos-bajo-consumo\/","og_locale":"es_ES","og_type":"article","og_title":"Frigor\u00edficos de bajo consumo - Blog de La Casa Del Electrodom\u00e9stico","og_description":"\u00bfSabes por qu\u00e9 son mejores los frigor\u00edficos de bajo consumo? \u00a1La Casa del Electrodom\u00e9stico te lo cuenta todo!","og_url":"https:\/\/www.lacasadelelectrodomestico.com\/blog\/frigorificos-bajo-consumo\/","og_site_name":"Blog de La Casa Del Electrodom\u00e9stico","article_published_time":"2022-01-17T15:07:27+00:00","article_modified_time":"2025-06-26T14:14:37+00:00","og_image":[{"url":"https:\/\/www.lacasadelelectrodomestico.com\/blog\/wp-content\/uploads\/2022\/01\/istockphoto-1316555834-612x612-1.jpg","type":"","width":"","height":""}],"author":"Laura Conde","twitter_card":"summary_large_image","schema":{"@context":"https:\/\/schema.org","@graph":[{"@type":"Article","@id":"https:\/\/www.lacasadelelectrodomestico.com\/blog\/frigorificos-bajo-consumo\/#article","isPartOf":{"@id":"https:\/\/www.lacasadelelectrodomestico.com\/blog\/frigorificos-bajo-consumo\/"},"author":{"name":"Laura Conde","@id":"https:\/\/www.lacasadelelectrodomestico.com\/blog\/#\/schema\/person\/b53d4da66a4952bfc90629a3c83ad1f6"},"headline":"Frigor\u00edficos de bajo consumo","datePublished":"2022-01-17T15:07:27+00:00","dateModified":"2025-06-26T14:14:37+00:00","mainEntityOfPage":{"@id":"https:\/\/www.lacasadelelectrodomestico.com\/blog\/frigorificos-bajo-consumo\/"},"wordCount":1907,"commentCount":0,"publisher":{"@id":"https:\/\/www.lacasadelelectrodomestico.com\/blog\/#organization"},"image":{"@id":"https:\/\/www.lacasadelelectrodomestico.com\/blog\/frigorificos-bajo-consumo\/#primaryimage"},"thumbnailUrl":"https:\/\/www.lacasadelelectrodomestico.com\/blog\/wp-content\/uploads\/2022\/01\/istockphoto-1316555834-612x612-1.jpg","articleSection":["Cocina"],"inLanguage":"es","potentialAction":[{"@type":"CommentAction","name":"Comment","target":["https:\/\/www.lacasadelelectrodomestico.com\/blog\/frigorificos-bajo-consumo\/#respond"]}]},{"@type":"WebPage","@id":"https:\/\/www.lacasadelelectrodomestico.com\/blog\/frigorificos-bajo-consumo\/","url":"https:\/\/www.lacasadelelectrodomestico.com\/blog\/frigorificos-bajo-consumo\/","name":"Frigor\u00edficos de bajo consumo - Blog de La Casa Del Electrodom\u00e9stico","isPartOf":{"@id":"https:\/\/www.lacasadelelectrodomestico.com\/blog\/#website"},"primaryImageOfPage":{"@id":"https:\/\/www.lacasadelelectrodomestico.com\/blog\/frigorificos-bajo-consumo\/#primaryimage"},"image":{"@id":"https:\/\/www.lacasadelelectrodomestico.com\/blog\/frigorificos-bajo-consumo\/#primaryimage"},"thumbnailUrl":"https:\/\/www.lacasadelelectrodomestico.com\/blog\/wp-content\/uploads\/2022\/01\/istockphoto-1316555834-612x612-1.jpg","datePublished":"2022-01-17T15:07:27+00:00","dateModified":"2025-06-26T14:14:37+00:00","description":"\u00bfSabes por qu\u00e9 son mejores los frigor\u00edficos de bajo consumo? \u00a1La Casa del Electrodom\u00e9stico te lo cuenta todo!","breadcrumb":{"@id":"https:\/\/www.lacasadelelectrodomestico.com\/blog\/frigorificos-bajo-consumo\/#breadcrumb"},"inLanguage":"es","potentialAction":[{"@type":"ReadAction","target":["https:\/\/www.lacasadelelectrodomestico.com\/blog\/frigorificos-bajo-consumo\/"]}]},{"@type":"ImageObject","inLanguage":"es","@id":"https:\/\/www.lacasadelelectrodomestico.com\/blog\/frigorificos-bajo-consumo\/#primaryimage","url":"https:\/\/www.lacasadelelectrodomestico.com\/blog\/wp-content\/uploads\/2022\/01\/istockphoto-1316555834-612x612-1.jpg","contentUrl":"https:\/\/www.lacasadelelectrodomestico.com\/blog\/wp-content\/uploads\/2022\/01\/istockphoto-1316555834-612x612-1.jpg"},{"@type":"BreadcrumbList","@id":"https:\/\/www.lacasadelelectrodomestico.com\/blog\/frigorificos-bajo-consumo\/#breadcrumb","itemListElement":[{"@type":"ListItem","position":1,"name":"Blog","item":"https:\/\/www.lacasadelelectrodomestico.com\/blog\/"},{"@type":"ListItem","position":2,"name":"Frigor\u00edficos de bajo consumo"}]},{"@type":"WebSite","@id":"https:\/\/www.lacasadelelectrodomestico.com\/blog\/#website","url":"https:\/\/www.lacasadelelectrodomestico.com\/blog\/","name":"Blog de La Casa Del Electrodom\u00e9stico","description":"","publisher":{"@id":"https:\/\/www.lacasadelelectrodomestico.com\/blog\/#organization"},"inLanguage":"es"},{"@type":"Organization","@id":"https:\/\/www.lacasadelelectrodomestico.com\/blog\/#organization","name":"Blog de electrodom\u00e9sticos - La Casa del Electrodom\u00e9stico","url":"https:\/\/www.lacasadelelectrodomestico.com\/blog\/","logo":{"@type":"ImageObject","inLanguage":"es","@id":"https:\/\/www.lacasadelelectrodomestico.com\/blog\/#\/schema\/logo\/image\/","url":"https:\/\/www.lacasadelelectrodomestico.com\/blog\/wp-content\/uploads\/2021\/05\/la-casa-del-electrodomestico-logo.jpg","contentUrl":"https:\/\/www.lacasadelelectrodomestico.com\/blog\/wp-content\/uploads\/2021\/05\/la-casa-del-electrodomestico-logo.jpg","width":300,"height":300,"caption":"Blog de electrodom\u00e9sticos - La Casa del Electrodom\u00e9stico"},"image":{"@id":"https:\/\/www.lacasadelelectrodomestico.com\/blog\/#\/schema\/logo\/image\/"}},{"@type":"Person","@id":"https:\/\/www.lacasadelelectrodomestico.com\/blog\/#\/schema\/person\/b53d4da66a4952bfc90629a3c83ad1f6","name":"Laura Conde","image":{"@type":"ImageObject","inLanguage":"es","@id":"https:\/\/www.lacasadelelectrodomestico.com\/blog\/#\/schema\/person\/image\/","url":"https:\/\/secure.gravatar.com\/avatar\/dee8c5267734d3cf880aab29497486728780787448028721a639d0beea19053e?s=96&d=mm&r=g","contentUrl":"https:\/\/secure.gravatar.com\/avatar\/dee8c5267734d3cf880aab29497486728780787448028721a639d0beea19053e?s=96&d=mm&r=g","caption":"Laura Conde"},"description":"Dependienta en tienda f\u00edsica Experta en fr\u00edo"}]}},"_links":{"self":[{"href":"https:\/\/www.lacasadelelectrodomestico.com\/blog\/wp-json\/wp\/v2\/posts\/1412","targetHints":{"allow":["GET"]}}],"collection":[{"href":"https:\/\/www.lacasadelelectrodomestico.com\/blog\/wp-json\/wp\/v2\/posts"}],"about":[{"href":"https:\/\/www.lacasadelelectrodomestico.com\/blog\/wp-json\/wp\/v2\/types\/post"}],"author":[{"embeddable":true,"href":"https:\/\/www.lacasadelelectrodomestico.com\/blog\/wp-json\/wp\/v2\/users\/17"}],"replies":[{"embeddable":true,"href":"https:\/\/www.lacasadelelectrodomestico.com\/blog\/wp-json\/wp\/v2\/comments?post=1412"}],"version-history":[{"count":2,"href":"https:\/\/www.lacasadelelectrodomestico.com\/blog\/wp-json\/wp\/v2\/posts\/1412\/revisions"}],"predecessor-version":[{"id":7000,"href":"https:\/\/www.lacasadelelectrodomestico.com\/blog\/wp-json\/wp\/v2\/posts\/1412\/revisions\/7000"}],"wp:attachment":[{"href":"https:\/\/www.lacasadelelectrodomestico.com\/blog\/wp-json\/wp\/v2\/media?parent=1412"}],"wp:term":[{"taxonomy":"category","embeddable":true,"href":"https:\/\/www.lacasadelelectrodomestico.com\/blog\/wp-json\/wp\/v2\/categories?post=1412"},{"taxonomy":"post_tag","embeddable":true,"href":"https:\/\/www.lacasadelelectrodomestico.com\/blog\/wp-json\/wp\/v2\/tags?post=1412"}],"curies":[{"name":"wp","href":"https:\/\/api.w.org\/{rel}","templated":true}]}}