{"id":1921,"date":"2022-04-22T11:13:57","date_gmt":"2022-04-22T09:13:57","guid":{"rendered":"https:\/\/www.lacasadelelectrodomestico.com\/blog\/?p=1921"},"modified":"2025-06-27T11:22:03","modified_gmt":"2025-06-27T09:22:03","slug":"reclamar-electrodomesticos-con-tara","status":"publish","type":"post","link":"https:\/\/www.lacasadelelectrodomestico.com\/blog\/reclamar-electrodomesticos-con-tara\/","title":{"rendered":"C\u00f3mo reclamar electrodom\u00e9sticos con tara"},"content":{"rendered":"<p>A todos nos ha pasado alguna vez que hemos <a href=\"https:\/\/www.lacasadelelectrodomestico.com\/\">comprado un electrodom\u00e9stico<\/a> y, a los pocos d\u00edas, este ha dejado de funcionar de forma correcta o que cuando llega a casa, tiene un defecto en su acabado o interno. En otras palabras, tienen una \u201ctara\u201c y en este post os vamos a hablar de c\u00f3mo <strong>reclamar electrodom\u00e9sticos con tara<\/strong>.<\/p>\n<p>Se supone que esto nunca deber\u00eda suceder, ya que los fabricantes han de comprobar siempre que el producto est\u00e9 en buenas condiciones a la hora de salir al mercado. Aunque es posible que muchas veces no se den cuenta y uno de estos productos defectuosos salgan para la venta o, simplemente, lo sepan y deseen vendernos igualmente el producto como si estuviese en \u00f3ptimas condiciones. Por este motivo, es conveniente que tratemos de evitar este tipo de art\u00edculos.<\/p>\n<p><img loading=\"lazy\" decoding=\"async\" class=\"aligncenter wp-image-1922 \" src=\"https:\/\/www.lacasadelelectrodomestico.com\/blog\/wp-content\/uploads\/2022\/04\/istockphoto-1003790522-612x612-1.jpg\" alt=\"cable pelado\" width=\"768\" height=\"512\" srcset=\"https:\/\/www.lacasadelelectrodomestico.com\/blog\/wp-content\/uploads\/2022\/04\/istockphoto-1003790522-612x612-1.jpg 612w, https:\/\/www.lacasadelelectrodomestico.com\/blog\/wp-content\/uploads\/2022\/04\/istockphoto-1003790522-612x612-1-300x200.jpg 300w, https:\/\/www.lacasadelelectrodomestico.com\/blog\/wp-content\/uploads\/2022\/04\/istockphoto-1003790522-612x612-1-450x300.jpg 450w\" sizes=\"auto, (max-width: 768px) 100vw, 768px\" \/><\/p>\n<h2>C\u00f3mo evitar los electrodom\u00e9sticos con tara<\/h2>\n<p>Para que no caigamos en adquirir este tipo de electrodom\u00e9sticos (si no est\u00e1 indicado) y que su precio sea como un producto sin defectos, tenemos que seguir las siguientes recomendaciones:<\/p>\n<h3>Fijarnos en el art\u00edculo antes de comprarlo<\/h3>\n<p>Antes de comprar un electrodom\u00e9stico, es importante que <strong>comprobemos si tiene alg\u00fan da\u00f1o<\/strong> en su estructura. Cuando est\u00e1n embalados, es complicado que podamos revisarlo antes de la compra. Pero nada m\u00e1s abrirlo en casa, hemos de inspeccionar <strong>sin romper el embalaje<\/strong> y comprobar su funcionamiento. Cuanto antes se compruebe el fallo, m\u00e1s f\u00e1cil es convencer al vendedor de que es un defecto de f\u00e1brica.<\/p>\n<h3>Compra en lugares autorizados<\/h3>\n<p>Para evitar timos y comprar con tara, hemos de acudir siempre a <strong>lugares autorizados por las marcas<\/strong>. Lo normal es la mayor\u00eda lo est\u00e9n, pero hay que comprobar que el fabricante del producto lo tenga autorizado para no ver incrementada la posibilidad de tara.<\/p>\n<section class=\"section_shortcode_products\"><div class=\"container_button\"><a href=\"https:\/\/www.lacasadelelectrodomestico.com\/Articulo~x~Haier-hdr3619fnmn-frigorifico-combi-190-5-x-59-5cm-nofrost-clase-f-inox~IDArticulo~185319.html\">Ver m\u00e1s<i><svg width=\"24\" height=\"24\" viewBox=\"0 0 24 24\" fill=\"none\" xmlns=\"http:\/\/www.w3.org\/2000\/svg\"><path fill-rule=\"evenodd\" clip-rule=\"evenodd\" d=\"M2.00039 13.0002L17.6004 13.0002L15.3004 15.3002L16.7004 16.7002L21.4004 12.0002L16.7004 7.3002L15.3004 8.70019L17.6004 11.0002L2.00039 11.0002L2.00039 13.0002Z\" fill=\"#333333\"><\/path><\/svg>\n<\/i><\/a><\/div><div class=\"shortcode_products\"><\/div><\/section>\n<h3>Pedir la garant\u00eda<\/h3>\n<p>Siempre que adquiramos un producto, tenemos <strong>15 d\u00edas para comprobar que est\u00e1 en buenas condiciones<\/strong>. A lo largo de esos d\u00edas, se puede devolver el art\u00edculo al vendedor y pedir el reembolso del dinero o, bien, cambiarlo por otro. Tras ese periodo, conviene <strong>sellar la garant\u00eda<\/strong> por si el fallo aparece tras el plazo de 15 d\u00edas y que sea el fabricante quien cargue con la reparaci\u00f3n o lo cambie por otro producto.<\/p>\n<p><img loading=\"lazy\" decoding=\"async\" class=\"aligncenter wp-image-1924 \" src=\"https:\/\/www.lacasadelelectrodomestico.com\/blog\/wp-content\/uploads\/2022\/04\/istockphoto-502129265-612x612-1.jpg\" alt=\"Pedir garant\u00eda\" width=\"859\" height=\"572\" srcset=\"https:\/\/www.lacasadelelectrodomestico.com\/blog\/wp-content\/uploads\/2022\/04\/istockphoto-502129265-612x612-1.jpg 612w, https:\/\/www.lacasadelelectrodomestico.com\/blog\/wp-content\/uploads\/2022\/04\/istockphoto-502129265-612x612-1-300x200.jpg 300w, https:\/\/www.lacasadelelectrodomestico.com\/blog\/wp-content\/uploads\/2022\/04\/istockphoto-502129265-612x612-1-450x300.jpg 450w\" sizes=\"auto, (max-width: 859px) 100vw, 859px\" \/><\/p>\n<h2>Otros consejos para evitar reclamar electrodom\u00e9sticos con tara<\/h2>\n<p>Aparte de lo anteriormente visto, tambi\u00e9n tenemos que tener en cuenta los siguientes consejos para evitar pagar m\u00e1s por tara:<\/p>\n<h3>No nos fiemos de productos de marca muy baratos<\/h3>\n<p>Si no son rebajas, los <strong>electrodom\u00e9sticos no pueden ser vendidos a precios muy bajos<\/strong>. Es decir, si los encontramos, posiblemente tengan un fallo. Estos electrodom\u00e9sticos pueden ser vendidos legalmente siempre y cuando <strong>indiquen que poseen una tara<\/strong> o defecto est\u00e9tico y que no afecte al funcionamiento del mismo.<\/p>\n<h3>Apostar por marcas blancas<\/h3>\n<p>Antes de comprar un producto, sin querer, con tara, conviene <strong>investigar un poco sobre las marcas blancas<\/strong>. Aunque la calidad no sea la misma, estos electrodom\u00e9sticos cumplen su funci\u00f3n por precios m\u00e1s bajos.<\/p>\n<h3>Buscar opiniones del lugar de venta<\/h3>\n<p>Para saber si un establecimiento es de fiar, podemos recurrir a <strong>buscar opiniones del mismo en internet<\/strong>. Las <strong>redes sociales o p\u00e1ginas de comentarios<\/strong> son las mejores opciones para comprobarlo. Leer la experiencia de otros usuarios puede darnos una idea, aunque es mejor leer varias opiniones y no quedarnos en unas pocas.<\/p>\n<h2>Garant\u00eda de los electrodom\u00e9sticos y reclamar electrodom\u00e9sticos con tara<\/h2>\n<p>En el caso de un electrodom\u00e9stico nuevo tenemos que ver la <strong>garant\u00eda que incluye<\/strong>. <strong>La Ley General de Defensa de los Consumidores y Usuarios<\/strong> establece una media de <strong>2 a\u00f1os desde la fecha de factura, albar\u00e1n o tique<\/strong> de compra. En ciertos casos, la <strong>empresa vendedora puede ampliar<\/strong>, si as\u00ed lo estima oportuno, este plazo de garant\u00eda pasando entonces a denominarse garant\u00eda comercial. \u00a0Esta garant\u00eda, de todas formas, nunca podr\u00e1 sustituir ni reducir la garant\u00eda legal.<\/p>\n<p>Si en los <strong>6 primeros meses aparece un defecto<\/strong> en el electrodom\u00e9stico, se considera que el defecto es de origen o f\u00e1brica y, si aparece posteriormente, se podr\u00eda pedir pruebas de que se trata de un defecto de f\u00e1brica.<\/p>\n<section class=\"section_shortcode_products\"><div class=\"container_button\"><a href=\"https:\/\/www.lacasadelelectrodomestico.com\/Articulo~x~Haier-hdr3619fnmn-frigorifico-combi-190-5-x-59-5cm-nofrost-clase-f-inox~IDArticulo~185319.html\">Ver m\u00e1s<i><svg width=\"24\" height=\"24\" viewBox=\"0 0 24 24\" fill=\"none\" xmlns=\"http:\/\/www.w3.org\/2000\/svg\"><path fill-rule=\"evenodd\" clip-rule=\"evenodd\" d=\"M2.00039 13.0002L17.6004 13.0002L15.3004 15.3002L16.7004 16.7002L21.4004 12.0002L16.7004 7.3002L15.3004 8.70019L17.6004 11.0002L2.00039 11.0002L2.00039 13.0002Z\" fill=\"#333333\"><\/path><\/svg>\n<\/i><\/a><\/div><div class=\"shortcode_products\"><\/div><\/section>\n<p>La <strong>empresa es quien deber\u00eda responder con la garant\u00eda<\/strong>, a excepci\u00f3n de que el lugar de compra sea en otro pa\u00eds o el negocio haya cerrado, en cuyo caso tendremos que dirigirnos a la empresa que fabric\u00f3 el producto.<\/p>\n<p>Si queremos reclamar una garant\u00eda, debemos de saber que podemos optar por una reparaci\u00f3n o sustituci\u00f3n, salvo que sea imposible o desproporcionado realizarlo. En general, la <strong>garant\u00eda da derecho<\/strong> a las siguientes opciones:<\/p>\n<ul>\n<li>Sustituci\u00f3n del producto por otro nuevo.<\/li>\n<li>Resolver el contrato de compra.<\/li>\n<li>Reparar el producto.<\/li>\n<li>Reducir el importe de compra.<\/li>\n<li>Ya sea reparaci\u00f3n o sustituci\u00f3n, ha de ser totalmente gratis para el consumidor como el vendedor.<\/li>\n<\/ul>\n<p>En caso de comprar un electrodom\u00e9stico, que se estropee, lo arreglen y se vuelva a estropear en poco tiempo, tenemos que saber que hay una <strong>garant\u00eda de reparaciones<\/strong> que indica que no se puede cobrar por la reparaci\u00f3n, el desplazamiento, la mano de obra o piezas sustituidas.<\/p>\n<h3>\u00bfC\u00f3mo reclamar la garant\u00eda?<\/h3>\n<p>Lo m\u00e1s importante es que, cuando compremos un producto, solicitemos todos los <strong>documentos vinculados al producto<\/strong> para hacer valer la garant\u00eda en caso de que tengamos alg\u00fan tipo de fallo en lo que hayamos comprado. Por eso, siempre hay que <strong>pedir factura de compra, albar\u00e1n o tique<\/strong> e informarnos de las condiciones de garant\u00eda del establecimiento donde se haya comprado.<\/p>\n<p>En caso de querer reclamar la garant\u00eda, hay que <strong>ponerse en contacto con la tienda<\/strong> que vendi\u00f3 el electrodom\u00e9stico y solicitar la reparaci\u00f3n o sustituci\u00f3n y, si ponen pegas, se puede recurrir a la <strong>hoja de reclamaciones<\/strong>. Pero, si el negocio ha cerrado, podemos dirigirnos directamente al fabricante.<\/p>\n<p><img loading=\"lazy\" decoding=\"async\" class=\"aligncenter wp-image-1925 \" src=\"https:\/\/www.lacasadelelectrodomestico.com\/blog\/wp-content\/uploads\/2022\/04\/istockphoto-1206800961-612x612-1.jpg\" alt=\"comprar por internet\" width=\"805\" height=\"384\" srcset=\"https:\/\/www.lacasadelelectrodomestico.com\/blog\/wp-content\/uploads\/2022\/04\/istockphoto-1206800961-612x612-1.jpg 612w, https:\/\/www.lacasadelelectrodomestico.com\/blog\/wp-content\/uploads\/2022\/04\/istockphoto-1206800961-612x612-1-300x143.jpg 300w, https:\/\/www.lacasadelelectrodomestico.com\/blog\/wp-content\/uploads\/2022\/04\/istockphoto-1206800961-612x612-1-450x215.jpg 450w\" sizes=\"auto, (max-width: 805px) 100vw, 805px\" \/><\/p>\n<h2>\u00bfY qu\u00e9 pasa si quiero reclamar electrodom\u00e9stico con tara en una tienda online?<\/h2>\n<p>En caso de comprar en una tienda online, podemos encontrar un espacio para la devoluci\u00f3n y\/o garant\u00eda de los productos con fallo. En caso de la mayor\u00eda de los establecimientos online:<\/p>\n<ul>\n<li>El <strong>consumidor puede se\u00f1alar al vendedor la falta de conformidad<\/strong> del producto en 2 meses desde que tuvo conocimiento de ella. En ese caso, el vendedor debe proceder a la reparaci\u00f3n, sustituci\u00f3n, rebaja del precio o resoluci\u00f3n del contrato.<\/li>\n<li>Si se <strong>realiza el reembolso del dinero<\/strong>, la tienda lo har\u00e1 en la forma en que el cliente pag\u00f3 en su momento. Si se hizo por transferencia bancaria, la devoluci\u00f3n se realizar\u00e1 por esta v\u00eda y en un plazo de 14 d\u00edas.<\/li>\n<li>Si el <strong>comprador es responsable del producto hasta que llegue a la tienda<\/strong> y se ha de encargar del modo de transporte y los gastos de env\u00edo. Si bien es cierto que hay establecimientos que no cobran portes a los consumidores por el producto da\u00f1ado.<\/li>\n<li>Se ha de <strong>adjuntar un formulario rellenado y la factura de compra<\/strong> junto con el producto a devolver.<\/li>\n<\/ul>\n<div class=\"container_video\"><i><svg width=\"24\" height=\"18\" viewBox=\"0 0 24 18\" fill=\"none\" xmlns=\"http:\/\/www.w3.org\/2000\/svg\">\n<path fill-rule=\"evenodd\" clip-rule=\"evenodd\" d=\"M22.5979 3.16757C22.3325 2.14788 21.5504 1.34492 20.5573 1.07241C18.7576 0.577148 11.5401 0.577148 11.5401 0.577148C11.5401 0.577148 4.3227 0.577148 2.52283 1.07241C1.52972 1.34492 0.747617 2.14788 0.482194 3.16757C0 5.01563 0 8.87162 0 8.87162C0 8.87162 0 12.7275 0.482194 14.5757C0.747617 15.5954 1.52972 16.3983 2.52283 16.671C4.3227 17.1661 11.5401 17.1661 11.5401 17.1661C11.5401 17.1661 18.7576 17.1661 20.5573 16.671C21.5504 16.3983 22.3325 15.5954 22.5979 14.5757C23.0803 12.7275 23.0803 8.87162 23.0803 8.87162C23.0803 8.87162 23.0803 5.01563 22.5979 3.16757Z\" fill=\"#FF3333\"\/>\n<path fill-rule=\"evenodd\" clip-rule=\"evenodd\" d=\"M9.37634 12.8386V5.62598L15.1464 9.23241L9.37634 12.8386Z\" fill=\"white\"\/>\n<\/svg><br \/>\n<\/i><\/p>\n<figure><img decoding=\"async\" class=\"img_video\" src=\"https:\/\/img.youtube.com\/vi\/Or6SXD-agB4\/hqdefault.jpg\" alt=\"Video - C\u00f3mo reclamar electrodom\u00e9sticos con tara\" data-id=\"Or6SXD-agB4\"><\/figure>\n<\/div>\n<p>Como conclusi\u00f3n, siempre que vayamos a comprar un producto, nos tenemos que <strong>asegurar que no incluya taras<\/strong> si lo que buscamos es que este sea nuevo y est\u00e9 perfecto. Aun as\u00ed, si nos encontramos con este problema, podemos reclamar gracias a que tenemos la garant\u00eda y decidir qu\u00e9 es lo mejor si sustituir, reparar o que nos devuelvan el importe del producto.<\/p>\n<section class=\"section_shortcode_products\"><div class=\"container_button\"><a href=\"https:\/\/www.lacasadelelectrodomestico.com\/Articulo~x~Haier-hdr3619fnmn-frigorifico-combi-190-5-x-59-5cm-nofrost-clase-f-inox~IDArticulo~185319.html\">Ver m\u00e1s<i><svg width=\"24\" height=\"24\" viewBox=\"0 0 24 24\" fill=\"none\" xmlns=\"http:\/\/www.w3.org\/2000\/svg\"><path fill-rule=\"evenodd\" clip-rule=\"evenodd\" d=\"M2.00039 13.0002L17.6004 13.0002L15.3004 15.3002L16.7004 16.7002L21.4004 12.0002L16.7004 7.3002L15.3004 8.70019L17.6004 11.0002L2.00039 11.0002L2.00039 13.0002Z\" fill=\"#333333\"><\/path><\/svg>\n<\/i><\/a><\/div><div class=\"shortcode_products\"><\/div><\/section>\n","protected":false},"excerpt":{"rendered":"<p>A todos nos ha pasado alguna vez que hemos comprado un electrodom\u00e9stico y, a los pocos d\u00edas, este ha dejado de funcionar de forma correcta o que cuando llega a casa, tiene un defecto en su acabado o interno. En otras palabras, tienen una \u201ctara\u201c y en este post os vamos a hablar de c\u00f3mo [&hellip;]<\/p>\n","protected":false},"author":14,"featured_media":1927,"comment_status":"open","ping_status":"open","sticky":false,"template":"","format":"standard","meta":{"footnotes":""},"categories":[22],"tags":[],"class_list":["post-1921","post","type-post","status-publish","format-standard","has-post-thumbnail","hentry","category-averias"],"yoast_head":"<!-- This site is optimized with the Yoast SEO plugin v26.1.1 - https:\/\/yoast.com\/wordpress\/plugins\/seo\/ -->\n<title>C\u00f3mo reclamar electrodom\u00e9sticos con tara - Blog de La Casa Del Electrodom\u00e9stico<\/title>\n<meta name=\"description\" content=\"En La Casa Del Electrodom\u00e9sticos te contamos todo lo que tienes que saber para reclamar electrodom\u00e9sticos con tara.\" \/>\n<meta name=\"robots\" content=\"index, follow, max-snippet:-1, max-image-preview:large, max-video-preview:-1\" \/>\n<link rel=\"canonical\" href=\"https:\/\/www.lacasadelelectrodomestico.com\/blog\/reclamar-electrodomesticos-con-tara\/\" \/>\n<meta property=\"og:locale\" content=\"es_ES\" \/>\n<meta property=\"og:type\" content=\"article\" \/>\n<meta property=\"og:title\" content=\"C\u00f3mo reclamar electrodom\u00e9sticos con tara - Blog de La Casa Del Electrodom\u00e9stico\" \/>\n<meta property=\"og:description\" content=\"En La Casa Del Electrodom\u00e9sticos te contamos todo lo que tienes que saber para reclamar electrodom\u00e9sticos con tara.\" \/>\n<meta property=\"og:url\" content=\"https:\/\/www.lacasadelelectrodomestico.com\/blog\/reclamar-electrodomesticos-con-tara\/\" \/>\n<meta property=\"og:site_name\" content=\"Blog de La Casa Del Electrodom\u00e9stico\" \/>\n<meta property=\"article:published_time\" content=\"2022-04-22T09:13:57+00:00\" \/>\n<meta property=\"article:modified_time\" content=\"2025-06-27T09:22:03+00:00\" \/>\n<meta property=\"og:image\" content=\"https:\/\/www.lacasadelelectrodomestico.com\/blog\/wp-content\/uploads\/2022\/04\/istockphoto-847676220-612x612-1.jpg\" \/>\n\t<meta property=\"og:image:width\" content=\"612\" \/>\n\t<meta property=\"og:image:height\" content=\"408\" \/>\n\t<meta property=\"og:image:type\" content=\"image\/jpeg\" \/>\n<meta name=\"author\" content=\"Puri M\u00e9ndez Canales\" \/>\n<meta name=\"twitter:card\" content=\"summary_large_image\" \/>\n<script type=\"application\/ld+json\" class=\"yoast-schema-graph\">{\"@context\":\"https:\/\/schema.org\",\"@graph\":[{\"@type\":\"Article\",\"@id\":\"https:\/\/www.lacasadelelectrodomestico.com\/blog\/reclamar-electrodomesticos-con-tara\/#article\",\"isPartOf\":{\"@id\":\"https:\/\/www.lacasadelelectrodomestico.com\/blog\/reclamar-electrodomesticos-con-tara\/\"},\"author\":{\"name\":\"Puri M\u00e9ndez Canales\",\"@id\":\"https:\/\/www.lacasadelelectrodomestico.com\/blog\/#\/schema\/person\/e1914473fabe556b81569a86b0377163\"},\"headline\":\"C\u00f3mo reclamar electrodom\u00e9sticos con tara\",\"datePublished\":\"2022-04-22T09:13:57+00:00\",\"dateModified\":\"2025-06-27T09:22:03+00:00\",\"mainEntityOfPage\":{\"@id\":\"https:\/\/www.lacasadelelectrodomestico.com\/blog\/reclamar-electrodomesticos-con-tara\/\"},\"wordCount\":1709,\"commentCount\":0,\"publisher\":{\"@id\":\"https:\/\/www.lacasadelelectrodomestico.com\/blog\/#organization\"},\"image\":{\"@id\":\"https:\/\/www.lacasadelelectrodomestico.com\/blog\/reclamar-electrodomesticos-con-tara\/#primaryimage\"},\"thumbnailUrl\":\"https:\/\/www.lacasadelelectrodomestico.com\/blog\/wp-content\/uploads\/2022\/04\/istockphoto-847676220-612x612-1.jpg\",\"articleSection\":[\"Aver\u00edas\"],\"inLanguage\":\"es\",\"potentialAction\":[{\"@type\":\"CommentAction\",\"name\":\"Comment\",\"target\":[\"https:\/\/www.lacasadelelectrodomestico.com\/blog\/reclamar-electrodomesticos-con-tara\/#respond\"]}]},{\"@type\":\"WebPage\",\"@id\":\"https:\/\/www.lacasadelelectrodomestico.com\/blog\/reclamar-electrodomesticos-con-tara\/\",\"url\":\"https:\/\/www.lacasadelelectrodomestico.com\/blog\/reclamar-electrodomesticos-con-tara\/\",\"name\":\"C\u00f3mo reclamar electrodom\u00e9sticos con tara - Blog de La Casa Del Electrodom\u00e9stico\",\"isPartOf\":{\"@id\":\"https:\/\/www.lacasadelelectrodomestico.com\/blog\/#website\"},\"primaryImageOfPage\":{\"@id\":\"https:\/\/www.lacasadelelectrodomestico.com\/blog\/reclamar-electrodomesticos-con-tara\/#primaryimage\"},\"image\":{\"@id\":\"https:\/\/www.lacasadelelectrodomestico.com\/blog\/reclamar-electrodomesticos-con-tara\/#primaryimage\"},\"thumbnailUrl\":\"https:\/\/www.lacasadelelectrodomestico.com\/blog\/wp-content\/uploads\/2022\/04\/istockphoto-847676220-612x612-1.jpg\",\"datePublished\":\"2022-04-22T09:13:57+00:00\",\"dateModified\":\"2025-06-27T09:22:03+00:00\",\"description\":\"En La Casa Del Electrodom\u00e9sticos te contamos todo lo que tienes que saber para reclamar electrodom\u00e9sticos con tara.\",\"breadcrumb\":{\"@id\":\"https:\/\/www.lacasadelelectrodomestico.com\/blog\/reclamar-electrodomesticos-con-tara\/#breadcrumb\"},\"inLanguage\":\"es\",\"potentialAction\":[{\"@type\":\"ReadAction\",\"target\":[\"https:\/\/www.lacasadelelectrodomestico.com\/blog\/reclamar-electrodomesticos-con-tara\/\"]}]},{\"@type\":\"ImageObject\",\"inLanguage\":\"es\",\"@id\":\"https:\/\/www.lacasadelelectrodomestico.com\/blog\/reclamar-electrodomesticos-con-tara\/#primaryimage\",\"url\":\"https:\/\/www.lacasadelelectrodomestico.com\/blog\/wp-content\/uploads\/2022\/04\/istockphoto-847676220-612x612-1.jpg\",\"contentUrl\":\"https:\/\/www.lacasadelelectrodomestico.com\/blog\/wp-content\/uploads\/2022\/04\/istockphoto-847676220-612x612-1.jpg\",\"width\":612,\"height\":408,\"caption\":\"Upset Young Man Sitting Next To Dishwasher With Foam Coming Out In Kitchen\"},{\"@type\":\"BreadcrumbList\",\"@id\":\"https:\/\/www.lacasadelelectrodomestico.com\/blog\/reclamar-electrodomesticos-con-tara\/#breadcrumb\",\"itemListElement\":[{\"@type\":\"ListItem\",\"position\":1,\"name\":\"Blog\",\"item\":\"https:\/\/www.lacasadelelectrodomestico.com\/blog\/\"},{\"@type\":\"ListItem\",\"position\":2,\"name\":\"C\u00f3mo reclamar electrodom\u00e9sticos con tara\"}]},{\"@type\":\"WebSite\",\"@id\":\"https:\/\/www.lacasadelelectrodomestico.com\/blog\/#website\",\"url\":\"https:\/\/www.lacasadelelectrodomestico.com\/blog\/\",\"name\":\"Blog de La Casa Del Electrodom\u00e9stico\",\"description\":\"\",\"publisher\":{\"@id\":\"https:\/\/www.lacasadelelectrodomestico.com\/blog\/#organization\"},\"inLanguage\":\"es\"},{\"@type\":\"Organization\",\"@id\":\"https:\/\/www.lacasadelelectrodomestico.com\/blog\/#organization\",\"name\":\"Blog de electrodom\u00e9sticos - La Casa del Electrodom\u00e9stico\",\"url\":\"https:\/\/www.lacasadelelectrodomestico.com\/blog\/\",\"logo\":{\"@type\":\"ImageObject\",\"inLanguage\":\"es\",\"@id\":\"https:\/\/www.lacasadelelectrodomestico.com\/blog\/#\/schema\/logo\/image\/\",\"url\":\"https:\/\/www.lacasadelelectrodomestico.com\/blog\/wp-content\/uploads\/2021\/05\/la-casa-del-electrodomestico-logo.jpg\",\"contentUrl\":\"https:\/\/www.lacasadelelectrodomestico.com\/blog\/wp-content\/uploads\/2021\/05\/la-casa-del-electrodomestico-logo.jpg\",\"width\":300,\"height\":300,\"caption\":\"Blog de electrodom\u00e9sticos - La Casa del Electrodom\u00e9stico\"},\"image\":{\"@id\":\"https:\/\/www.lacasadelelectrodomestico.com\/blog\/#\/schema\/logo\/image\/\"}},{\"@type\":\"Person\",\"@id\":\"https:\/\/www.lacasadelelectrodomestico.com\/blog\/#\/schema\/person\/e1914473fabe556b81569a86b0377163\",\"name\":\"Puri M\u00e9ndez Canales\",\"image\":{\"@type\":\"ImageObject\",\"inLanguage\":\"es\",\"@id\":\"https:\/\/www.lacasadelelectrodomestico.com\/blog\/#\/schema\/person\/image\/\",\"url\":\"https:\/\/secure.gravatar.com\/avatar\/e95f2b36a9d90c9183df52d57a9c38edaeea2bf6955dccbfcd689f4f0b49dec2?s=96&d=mm&r=g\",\"contentUrl\":\"https:\/\/secure.gravatar.com\/avatar\/e95f2b36a9d90c9183df52d57a9c38edaeea2bf6955dccbfcd689f4f0b49dec2?s=96&d=mm&r=g\",\"caption\":\"Puri M\u00e9ndez Canales\"},\"description\":\"Dependienta en tienda f\u00edsica. Especialista en productos de imagen personal y peque\u00f1os electrodom\u00e9sticos.\"}]}<\/script>\n<!-- \/ Yoast SEO plugin. -->","yoast_head_json":{"title":"C\u00f3mo reclamar electrodom\u00e9sticos con tara - Blog de La Casa Del Electrodom\u00e9stico","description":"En La Casa Del Electrodom\u00e9sticos te contamos todo lo que tienes que saber para reclamar electrodom\u00e9sticos con tara.","robots":{"index":"index","follow":"follow","max-snippet":"max-snippet:-1","max-image-preview":"max-image-preview:large","max-video-preview":"max-video-preview:-1"},"canonical":"https:\/\/www.lacasadelelectrodomestico.com\/blog\/reclamar-electrodomesticos-con-tara\/","og_locale":"es_ES","og_type":"article","og_title":"C\u00f3mo reclamar electrodom\u00e9sticos con tara - Blog de La Casa Del Electrodom\u00e9stico","og_description":"En La Casa Del Electrodom\u00e9sticos te contamos todo lo que tienes que saber para reclamar electrodom\u00e9sticos con tara.","og_url":"https:\/\/www.lacasadelelectrodomestico.com\/blog\/reclamar-electrodomesticos-con-tara\/","og_site_name":"Blog de La Casa Del Electrodom\u00e9stico","article_published_time":"2022-04-22T09:13:57+00:00","article_modified_time":"2025-06-27T09:22:03+00:00","og_image":[{"width":612,"height":408,"url":"https:\/\/www.lacasadelelectrodomestico.com\/blog\/wp-content\/uploads\/2022\/04\/istockphoto-847676220-612x612-1.jpg","type":"image\/jpeg"}],"author":"Puri M\u00e9ndez Canales","twitter_card":"summary_large_image","schema":{"@context":"https:\/\/schema.org","@graph":[{"@type":"Article","@id":"https:\/\/www.lacasadelelectrodomestico.com\/blog\/reclamar-electrodomesticos-con-tara\/#article","isPartOf":{"@id":"https:\/\/www.lacasadelelectrodomestico.com\/blog\/reclamar-electrodomesticos-con-tara\/"},"author":{"name":"Puri M\u00e9ndez Canales","@id":"https:\/\/www.lacasadelelectrodomestico.com\/blog\/#\/schema\/person\/e1914473fabe556b81569a86b0377163"},"headline":"C\u00f3mo reclamar electrodom\u00e9sticos con tara","datePublished":"2022-04-22T09:13:57+00:00","dateModified":"2025-06-27T09:22:03+00:00","mainEntityOfPage":{"@id":"https:\/\/www.lacasadelelectrodomestico.com\/blog\/reclamar-electrodomesticos-con-tara\/"},"wordCount":1709,"commentCount":0,"publisher":{"@id":"https:\/\/www.lacasadelelectrodomestico.com\/blog\/#organization"},"image":{"@id":"https:\/\/www.lacasadelelectrodomestico.com\/blog\/reclamar-electrodomesticos-con-tara\/#primaryimage"},"thumbnailUrl":"https:\/\/www.lacasadelelectrodomestico.com\/blog\/wp-content\/uploads\/2022\/04\/istockphoto-847676220-612x612-1.jpg","articleSection":["Aver\u00edas"],"inLanguage":"es","potentialAction":[{"@type":"CommentAction","name":"Comment","target":["https:\/\/www.lacasadelelectrodomestico.com\/blog\/reclamar-electrodomesticos-con-tara\/#respond"]}]},{"@type":"WebPage","@id":"https:\/\/www.lacasadelelectrodomestico.com\/blog\/reclamar-electrodomesticos-con-tara\/","url":"https:\/\/www.lacasadelelectrodomestico.com\/blog\/reclamar-electrodomesticos-con-tara\/","name":"C\u00f3mo reclamar electrodom\u00e9sticos con tara - Blog de La Casa Del Electrodom\u00e9stico","isPartOf":{"@id":"https:\/\/www.lacasadelelectrodomestico.com\/blog\/#website"},"primaryImageOfPage":{"@id":"https:\/\/www.lacasadelelectrodomestico.com\/blog\/reclamar-electrodomesticos-con-tara\/#primaryimage"},"image":{"@id":"https:\/\/www.lacasadelelectrodomestico.com\/blog\/reclamar-electrodomesticos-con-tara\/#primaryimage"},"thumbnailUrl":"https:\/\/www.lacasadelelectrodomestico.com\/blog\/wp-content\/uploads\/2022\/04\/istockphoto-847676220-612x612-1.jpg","datePublished":"2022-04-22T09:13:57+00:00","dateModified":"2025-06-27T09:22:03+00:00","description":"En La Casa Del Electrodom\u00e9sticos te contamos todo lo que tienes que saber para reclamar electrodom\u00e9sticos con tara.","breadcrumb":{"@id":"https:\/\/www.lacasadelelectrodomestico.com\/blog\/reclamar-electrodomesticos-con-tara\/#breadcrumb"},"inLanguage":"es","potentialAction":[{"@type":"ReadAction","target":["https:\/\/www.lacasadelelectrodomestico.com\/blog\/reclamar-electrodomesticos-con-tara\/"]}]},{"@type":"ImageObject","inLanguage":"es","@id":"https:\/\/www.lacasadelelectrodomestico.com\/blog\/reclamar-electrodomesticos-con-tara\/#primaryimage","url":"https:\/\/www.lacasadelelectrodomestico.com\/blog\/wp-content\/uploads\/2022\/04\/istockphoto-847676220-612x612-1.jpg","contentUrl":"https:\/\/www.lacasadelelectrodomestico.com\/blog\/wp-content\/uploads\/2022\/04\/istockphoto-847676220-612x612-1.jpg","width":612,"height":408,"caption":"Upset Young Man Sitting Next To Dishwasher With Foam Coming Out In Kitchen"},{"@type":"BreadcrumbList","@id":"https:\/\/www.lacasadelelectrodomestico.com\/blog\/reclamar-electrodomesticos-con-tara\/#breadcrumb","itemListElement":[{"@type":"ListItem","position":1,"name":"Blog","item":"https:\/\/www.lacasadelelectrodomestico.com\/blog\/"},{"@type":"ListItem","position":2,"name":"C\u00f3mo reclamar electrodom\u00e9sticos con tara"}]},{"@type":"WebSite","@id":"https:\/\/www.lacasadelelectrodomestico.com\/blog\/#website","url":"https:\/\/www.lacasadelelectrodomestico.com\/blog\/","name":"Blog de La Casa Del Electrodom\u00e9stico","description":"","publisher":{"@id":"https:\/\/www.lacasadelelectrodomestico.com\/blog\/#organization"},"inLanguage":"es"},{"@type":"Organization","@id":"https:\/\/www.lacasadelelectrodomestico.com\/blog\/#organization","name":"Blog de electrodom\u00e9sticos - La Casa del Electrodom\u00e9stico","url":"https:\/\/www.lacasadelelectrodomestico.com\/blog\/","logo":{"@type":"ImageObject","inLanguage":"es","@id":"https:\/\/www.lacasadelelectrodomestico.com\/blog\/#\/schema\/logo\/image\/","url":"https:\/\/www.lacasadelelectrodomestico.com\/blog\/wp-content\/uploads\/2021\/05\/la-casa-del-electrodomestico-logo.jpg","contentUrl":"https:\/\/www.lacasadelelectrodomestico.com\/blog\/wp-content\/uploads\/2021\/05\/la-casa-del-electrodomestico-logo.jpg","width":300,"height":300,"caption":"Blog de electrodom\u00e9sticos - La Casa del Electrodom\u00e9stico"},"image":{"@id":"https:\/\/www.lacasadelelectrodomestico.com\/blog\/#\/schema\/logo\/image\/"}},{"@type":"Person","@id":"https:\/\/www.lacasadelelectrodomestico.com\/blog\/#\/schema\/person\/e1914473fabe556b81569a86b0377163","name":"Puri M\u00e9ndez Canales","image":{"@type":"ImageObject","inLanguage":"es","@id":"https:\/\/www.lacasadelelectrodomestico.com\/blog\/#\/schema\/person\/image\/","url":"https:\/\/secure.gravatar.com\/avatar\/e95f2b36a9d90c9183df52d57a9c38edaeea2bf6955dccbfcd689f4f0b49dec2?s=96&d=mm&r=g","contentUrl":"https:\/\/secure.gravatar.com\/avatar\/e95f2b36a9d90c9183df52d57a9c38edaeea2bf6955dccbfcd689f4f0b49dec2?s=96&d=mm&r=g","caption":"Puri M\u00e9ndez Canales"},"description":"Dependienta en tienda f\u00edsica. Especialista en productos de imagen personal y peque\u00f1os electrodom\u00e9sticos."}]}},"_links":{"self":[{"href":"https:\/\/www.lacasadelelectrodomestico.com\/blog\/wp-json\/wp\/v2\/posts\/1921","targetHints":{"allow":["GET"]}}],"collection":[{"href":"https:\/\/www.lacasadelelectrodomestico.com\/blog\/wp-json\/wp\/v2\/posts"}],"about":[{"href":"https:\/\/www.lacasadelelectrodomestico.com\/blog\/wp-json\/wp\/v2\/types\/post"}],"author":[{"embeddable":true,"href":"https:\/\/www.lacasadelelectrodomestico.com\/blog\/wp-json\/wp\/v2\/users\/14"}],"replies":[{"embeddable":true,"href":"https:\/\/www.lacasadelelectrodomestico.com\/blog\/wp-json\/wp\/v2\/comments?post=1921"}],"version-history":[{"count":1,"href":"https:\/\/www.lacasadelelectrodomestico.com\/blog\/wp-json\/wp\/v2\/posts\/1921\/revisions"}],"predecessor-version":[{"id":7121,"href":"https:\/\/www.lacasadelelectrodomestico.com\/blog\/wp-json\/wp\/v2\/posts\/1921\/revisions\/7121"}],"wp:featuredmedia":[{"embeddable":true,"href":"https:\/\/www.lacasadelelectrodomestico.com\/blog\/wp-json\/wp\/v2\/media\/1927"}],"wp:attachment":[{"href":"https:\/\/www.lacasadelelectrodomestico.com\/blog\/wp-json\/wp\/v2\/media?parent=1921"}],"wp:term":[{"taxonomy":"category","embeddable":true,"href":"https:\/\/www.lacasadelelectrodomestico.com\/blog\/wp-json\/wp\/v2\/categories?post=1921"},{"taxonomy":"post_tag","embeddable":true,"href":"https:\/\/www.lacasadelelectrodomestico.com\/blog\/wp-json\/wp\/v2\/tags?post=1921"}],"curies":[{"name":"wp","href":"https:\/\/api.w.org\/{rel}","templated":true}]}}