{"id":2597,"date":"2022-08-19T11:45:19","date_gmt":"2022-08-19T09:45:19","guid":{"rendered":"https:\/\/www.lacasadelelectrodomestico.com\/blog\/?p=2597"},"modified":"2025-07-07T11:10:49","modified_gmt":"2025-07-07T09:10:49","slug":"frigorificos-estrechos","status":"publish","type":"post","link":"https:\/\/www.lacasadelelectrodomestico.com\/blog\/frigorificos-estrechos\/","title":{"rendered":"Frigor\u00edficos estrechos: c\u00f3mo adecuar el espacio en la cocina"},"content":{"rendered":"<p>A la hora de dise\u00f1ar una cocina, siempre tomamos m\u00e1s en consideraci\u00f3n aspectos como son el color de las paredes y el suelo, el material, la distribuci\u00f3n de los muebles y el dise\u00f1o de las puertas. Sin embargo, nos olvidamos de lo m\u00e1s importante de la cocina: los electrodom\u00e9sticos. Eso no parece ser muy importante, si no fuese porque, en funci\u00f3n de las medidas de la cocina, tenemos en ocasiones que escoger aparatos con medidas reducidas para que todo nos quepa en la misma estancia. Hablamos, por ejemplo, de los\u00a0<strong>frigor\u00edficos estrechos<\/strong>\u00a0que funcionan bien en <a href=\"https:\/\/www.lacasadelelectrodomestico.com\/blog\/decorar-cocina-pequena\/\">cocinas peque\u00f1as<\/a>.<\/p>\n<p>En este post te vamos a se\u00f1alar qu\u00e9 son y que medidas tienen los <a href=\"https:\/\/www.lacasadelelectrodomestico.com\/Seccion~x~Frigorificos~IDSeccion~44.html\">frigor\u00edficos estrechos<\/a> y qu\u00e9 tenemos que tener en cuenta para poner instalar uno en nuestra cocina.<\/p>\n<p><img loading=\"lazy\" decoding=\"async\" class=\"aligncenter wp-image-2598 \" src=\"https:\/\/www.lacasadelelectrodomestico.com\/blog\/wp-content\/uploads\/2022\/07\/frigorificos-estrechos.jpg\" alt=\"boceto de cocina con frigor\u00edfico estrecho\" width=\"950\" height=\"475\" srcset=\"https:\/\/www.lacasadelelectrodomestico.com\/blog\/wp-content\/uploads\/2022\/07\/frigorificos-estrechos.jpg 612w, https:\/\/www.lacasadelelectrodomestico.com\/blog\/wp-content\/uploads\/2022\/07\/frigorificos-estrechos-300x150.jpg 300w, https:\/\/www.lacasadelelectrodomestico.com\/blog\/wp-content\/uploads\/2022\/07\/frigorificos-estrechos-450x225.jpg 450w\" sizes=\"auto, (max-width: 950px) 100vw, 950px\" \/><\/p>\n<h2>\u00bfQu\u00e9 son los refrigeradores estrechos?<\/h2>\n<p>Los <strong>refrigeradores estrechos<\/strong> se consideran as\u00ed ya que disponen de medidas que son m\u00e1s cortas que el ancho est\u00e1ndar de los frigor\u00edficos. Se considera que un frigor\u00edfico es estrecho si tiene las medidas de ancho de <strong>40 cm, 45 cm y no m\u00e1s de 50 cm<\/strong>. Podemos encontrarlos f\u00e1cilmente en supermercados y establecimientos especializados en electrodom\u00e9sticos.<\/p>\n<p>A pesar de su tama\u00f1o m\u00e1s reducido en los laterales, disponen de las<strong> mismas funcionalidades que los tama\u00f1os \u201cnormales\u201d<\/strong>, incluso las innovaciones m\u00e1s actuales en tecnolog\u00eda y en <a href=\"https:\/\/www.lacasadelelectrodomestico.com\/blog\/frigorificos-bajo-consumo\/\">eficiencia energ\u00e9tica<\/a>.<\/p>\n<p>De igual modo, podemos encontrar <strong><a href=\"https:\/\/www.lacasadelelectrodomestico.com\/Seccion~x~Frigorificos-combi~IDSeccion~60.html\">modelos combi<\/a> o <a href=\"https:\/\/www.lacasadelelectrodomestico.com\/Seccion~x~Frigorificos-bajo-encimera~IDSeccion~632.html\">bajo la encimera<\/a><\/strong> con estas medidas, incluso hay fabricantes que, mientras reducen la anchura de sus frigor\u00edficos, ganan espacio hacia lo alto, creando aparatos de hasta 1.85 metros de alto.<\/p>\n<p><img loading=\"lazy\" decoding=\"async\" class=\"aligncenter wp-image-2600 \" src=\"https:\/\/www.lacasadelelectrodomestico.com\/blog\/wp-content\/uploads\/2022\/07\/frigorifico-estrecho-en-ccocina.jpg\" alt=\"frigor\u00edfico estrecho en cocina abierta\" width=\"795\" height=\"507\" srcset=\"https:\/\/www.lacasadelelectrodomestico.com\/blog\/wp-content\/uploads\/2022\/07\/frigorifico-estrecho-en-ccocina.jpg 679w, https:\/\/www.lacasadelelectrodomestico.com\/blog\/wp-content\/uploads\/2022\/07\/frigorifico-estrecho-en-ccocina-300x191.jpg 300w, https:\/\/www.lacasadelelectrodomestico.com\/blog\/wp-content\/uploads\/2022\/07\/frigorifico-estrecho-en-ccocina-450x287.jpg 450w\" sizes=\"auto, (max-width: 795px) 100vw, 795px\" \/><\/p>\n<h2>3 factores para elegir un frigor\u00edfico estrecho que se adapte al espacio.<\/h2>\n<p>A continuaci\u00f3n, presentamos 3 elementos que nos pueden ayudar a elegir el mejor modelo para nosotros de frigor\u00edfico estrecho:<\/p>\n<ul>\n<li>El <strong>tama\u00f1o de la puerta de la cocina<\/strong>. Hay que pensar en si es posible o no introducir el frigor\u00edfico f\u00e1cilmente en la cocina. Si no es as\u00ed, entonces es mejor optar por uno estrecho.<\/li>\n<li>La <strong>capacidad interior de un modelo estrecho<\/strong>. Es recomendable tener en cuenta la altura y la profundidad disponible. As\u00ed mismo, hay que recordar dejar siempre un poco de margen libre entre los muebles y la pared para el correcto funcionamiento del aparato (entre unos 3 a 4 cm en cada lado).<\/li>\n<li><strong>Medir el giro de la puerta de apertura del frigor\u00edfico<\/strong>. Esto nos ayudar\u00e1 a determinar la distancia m\u00e1xima para que no golpee con los muebles o la propia puerta de la cocina. Si no podemos abrir totalmente la puerta del frigor\u00edfico, tal vez tambi\u00e9n podamos escoger uno con puerta reversible.<\/li>\n<\/ul>\n<section class=\"section_shortcode_products\"><div class=\"container_button\"><a href=\"https:\/\/www.lacasadelelectrodomestico.com\/Articulo~x~Exquisit-ks85v091fweiss-frigorifico-table-top-84-5x45cm-clase-f~IDArticulo~185658.html\">Ver m\u00e1s<i><svg width=\"24\" height=\"24\" viewBox=\"0 0 24 24\" fill=\"none\" xmlns=\"http:\/\/www.w3.org\/2000\/svg\"><path fill-rule=\"evenodd\" clip-rule=\"evenodd\" d=\"M2.00039 13.0002L17.6004 13.0002L15.3004 15.3002L16.7004 16.7002L21.4004 12.0002L16.7004 7.3002L15.3004 8.70019L17.6004 11.0002L2.00039 11.0002L2.00039 13.0002Z\" fill=\"#333333\"><\/path><\/svg>\n<\/i><\/a><\/div><div class=\"shortcode_products\"><\/div><\/section>\n<h2>Los 3 mejores modelos de frigor\u00edficos estrechos<\/h2>\n<p>Para comentar que son los <strong>\u00a0modelos de frigor\u00edficos estrechos<\/strong>, te presentamos 3 modelos interesantes:<\/p>\n<h3>Exquisit KS85-V-091F<\/h3>\n\n<ul>\n<li>Tipo Table Top.<\/li>\n<li>Tecnolog\u00eda Dynamic de fr\u00edo.<\/li>\n<li>Ruido 41 dB.<\/li>\n<li>Control manual.<\/li>\n<li>Capacidad de 82 litros.<\/li>\n<li>Incluye caj\u00f3n verdulero.<\/li>\n<li>Funciona mediante luz LED.<\/li>\n<li>Eficiencia energ\u00e9tica clase F.<\/li>\n<li>Sistema de fr\u00edo c\u00edclico.<\/li>\n<li>Dimensiones: 45 cm ancho x 84.5 de alto.<\/li>\n<li>Garant\u00eda 3 a\u00f1os.<\/li>\n<li>Clase clim\u00e1tica: N 16\u00ba-32\u00baC, ST 16\u00ba-38\u00baC<\/li>\n<li>Puerta reversible.<\/li>\n<\/ul>\n<h3>Beko RDNT231I30XBN<\/h3>\n\n<ul>\n<li>Dispone de 2 sistemas de fr\u00edo independientes.<\/li>\n<li>Eficiencia de ruido C (41 dB).<\/li>\n<li>Incluye modo vacaciones.<\/li>\n<li>Dimensiones: 145 x 54 x 60 cm<\/li>\n<li>Capacidad 210 litros en total.<\/li>\n<li>Clase eficiencia energ\u00e9tica F.<\/li>\n<li>Garant\u00eda 3 a\u00f1os.<\/li>\n<li>Clase Clim\u00e1tica: SN-T 10\u00ba &#8211; 43\u00baC.<\/li>\n<li>Modelo de 2 puertas.<\/li>\n<li>Congelador en la parte superior.<\/li>\n<li>Display LED.<\/li>\n<\/ul>\n<h3>Beko RDSA280K30WN<\/h3>\n\n<ul>\n<li>Puerta reversible.<\/li>\n<li>Goma antibacteriana.<\/li>\n<li>Sistema de fr\u00edo MinFrost.<\/li>\n<li>Dimensiones 160,6 x 54 x 57,4 cm<\/li>\n<li>Eficiencia energ\u00e9tica F.<\/li>\n<li>Sistema de fr\u00edo c\u00edclico.<\/li>\n<li>Garant\u00eda de 3 a\u00f1os.<\/li>\n<li>Clase Clim\u00e1tica: SN 10\u00ba-32\u00baC, ST 16\u00ba-38\u00baC.<\/li>\n<li>Caj\u00f3n especial para frutas y verduras.<\/li>\n<li>Control manual.<\/li>\n<li>Iluminaci\u00f3n LED.<\/li>\n<li>4 estrellas de congelador.<\/li>\n<li>Nivel de ruido 34 dB.<\/li>\n<\/ul>\n<div class=\"container_video\"><i><svg width=\"24\" height=\"18\" viewBox=\"0 0 24 18\" fill=\"none\" xmlns=\"http:\/\/www.w3.org\/2000\/svg\">\n<path fill-rule=\"evenodd\" clip-rule=\"evenodd\" d=\"M22.5979 3.16757C22.3325 2.14788 21.5504 1.34492 20.5573 1.07241C18.7576 0.577148 11.5401 0.577148 11.5401 0.577148C11.5401 0.577148 4.3227 0.577148 2.52283 1.07241C1.52972 1.34492 0.747617 2.14788 0.482194 3.16757C0 5.01563 0 8.87162 0 8.87162C0 8.87162 0 12.7275 0.482194 14.5757C0.747617 15.5954 1.52972 16.3983 2.52283 16.671C4.3227 17.1661 11.5401 17.1661 11.5401 17.1661C11.5401 17.1661 18.7576 17.1661 20.5573 16.671C21.5504 16.3983 22.3325 15.5954 22.5979 14.5757C23.0803 12.7275 23.0803 8.87162 23.0803 8.87162C23.0803 8.87162 23.0803 5.01563 22.5979 3.16757Z\" fill=\"#FF3333\"\/>\n<path fill-rule=\"evenodd\" clip-rule=\"evenodd\" d=\"M9.37634 12.8386V5.62598L15.1464 9.23241L9.37634 12.8386Z\" fill=\"white\"\/>\n<\/svg><br \/>\n<\/i><\/p>\n<figure><img decoding=\"async\" class=\"img_video\" src=\"https:\/\/img.youtube.com\/vi\/QpBHcUs6rp4\/hqdefault.jpg\" alt=\"Video - Frigor\u00edficos estrechos: c\u00f3mo adecuar el espacio en la cocina\" data-id=\"QpBHcUs6rp4\"><\/figure>\n<\/div>\n<p>Como hemos podido ver, escoger un\u00a0<strong>frigor\u00edfico estrecho<\/strong> no supone renunciar a todas las prestaciones que un modelo de tama\u00f1o est\u00e1ndar o de otro tipo m\u00e1s anchos como son el <a href=\"https:\/\/www.lacasadelelectrodomestico.com\/Seccion~x~Frigorificos-americanos~IDSeccion~196.html\">modelo americano<\/a> o <a href=\"https:\/\/www.lacasadelelectrodomestico.com\/Seccion~x~Frigorificos-side-by-side~IDSeccion~68.html\">Side by Side<\/a>. Es m\u00e1s, en muchas ocasiones supone una ventaja, sobre todo en las cocinas de tama\u00f1o m\u00e1s peque\u00f1o.<\/p>\n<section class=\"section_shortcode_products\"><div class=\"container_button\"><a href=\"https:\/\/www.lacasadelelectrodomestico.com\/Articulo~x~Exquisit-ks85v091fweiss-frigorifico-table-top-84-5x45cm-clase-f~IDArticulo~185658.html\">Ver m\u00e1s<i><svg width=\"24\" height=\"24\" viewBox=\"0 0 24 24\" fill=\"none\" xmlns=\"http:\/\/www.w3.org\/2000\/svg\"><path fill-rule=\"evenodd\" clip-rule=\"evenodd\" d=\"M2.00039 13.0002L17.6004 13.0002L15.3004 15.3002L16.7004 16.7002L21.4004 12.0002L16.7004 7.3002L15.3004 8.70019L17.6004 11.0002L2.00039 11.0002L2.00039 13.0002Z\" fill=\"#333333\"><\/path><\/svg>\n<\/i><\/a><\/div><div class=\"shortcode_products\"><\/div><\/section>\n","protected":false},"excerpt":{"rendered":"<p>A la hora de dise\u00f1ar una cocina, siempre tomamos m\u00e1s en consideraci\u00f3n aspectos como son el color de las paredes y el suelo, el material, la distribuci\u00f3n de los muebles y el dise\u00f1o de las puertas. Sin embargo, nos olvidamos de lo m\u00e1s importante de la cocina: los electrodom\u00e9sticos. Eso no parece ser muy importante, [&hellip;]<\/p>\n","protected":false},"author":17,"featured_media":2599,"comment_status":"open","ping_status":"open","sticky":false,"template":"","format":"standard","meta":{"footnotes":""},"categories":[1],"tags":[],"class_list":["post-2597","post","type-post","status-publish","format-standard","has-post-thumbnail","hentry","category-cocina"],"yoast_head":"<!-- This site is optimized with the Yoast SEO plugin v26.1.1 - https:\/\/yoast.com\/wordpress\/plugins\/seo\/ -->\n<title>Frigor\u00edficos estrechos: c\u00f3mo adecuar el espacio en la cocina - Blog de La Casa Del Electrodom\u00e9stico<\/title>\n<meta name=\"description\" content=\"En nuestra tienda podr\u00e1s encontrar los mejores modelos de frigor\u00edficos estrechos. \u00a1ENTRA AHORA para para saber cu\u00e1les son y conseguir el tuyo!\" \/>\n<meta name=\"robots\" content=\"index, follow, max-snippet:-1, max-image-preview:large, max-video-preview:-1\" \/>\n<link rel=\"canonical\" href=\"https:\/\/www.lacasadelelectrodomestico.com\/blog\/frigorificos-estrechos\/\" \/>\n<meta property=\"og:locale\" content=\"es_ES\" \/>\n<meta property=\"og:type\" content=\"article\" \/>\n<meta property=\"og:title\" content=\"Frigor\u00edficos estrechos: c\u00f3mo adecuar el espacio en la cocina - Blog de La Casa Del Electrodom\u00e9stico\" \/>\n<meta property=\"og:description\" content=\"En nuestra tienda podr\u00e1s encontrar los mejores modelos de frigor\u00edficos estrechos. \u00a1ENTRA AHORA para para saber cu\u00e1les son y conseguir el tuyo!\" \/>\n<meta property=\"og:url\" content=\"https:\/\/www.lacasadelelectrodomestico.com\/blog\/frigorificos-estrechos\/\" \/>\n<meta property=\"og:site_name\" content=\"Blog de La Casa Del Electrodom\u00e9stico\" \/>\n<meta property=\"article:published_time\" content=\"2022-08-19T09:45:19+00:00\" \/>\n<meta property=\"article:modified_time\" content=\"2025-07-07T09:10:49+00:00\" \/>\n<meta property=\"og:image\" content=\"https:\/\/www.lacasadelelectrodomestico.com\/blog\/wp-content\/uploads\/2022\/07\/exquisit-ks85-v-091f-weiss-frigorifico-table-top-84-5x45cm-clase-f-0185658.jpg\" \/>\n\t<meta property=\"og:image:width\" content=\"405\" \/>\n\t<meta property=\"og:image:height\" content=\"600\" \/>\n\t<meta property=\"og:image:type\" content=\"image\/jpeg\" \/>\n<meta name=\"author\" content=\"Laura Conde\" \/>\n<meta name=\"twitter:card\" content=\"summary_large_image\" \/>\n<script type=\"application\/ld+json\" class=\"yoast-schema-graph\">{\"@context\":\"https:\/\/schema.org\",\"@graph\":[{\"@type\":\"Article\",\"@id\":\"https:\/\/www.lacasadelelectrodomestico.com\/blog\/frigorificos-estrechos\/#article\",\"isPartOf\":{\"@id\":\"https:\/\/www.lacasadelelectrodomestico.com\/blog\/frigorificos-estrechos\/\"},\"author\":{\"name\":\"Laura Conde\",\"@id\":\"https:\/\/www.lacasadelelectrodomestico.com\/blog\/#\/schema\/person\/b53d4da66a4952bfc90629a3c83ad1f6\"},\"headline\":\"Frigor\u00edficos estrechos: c\u00f3mo adecuar el espacio en la cocina\",\"datePublished\":\"2022-08-19T09:45:19+00:00\",\"dateModified\":\"2025-07-07T09:10:49+00:00\",\"mainEntityOfPage\":{\"@id\":\"https:\/\/www.lacasadelelectrodomestico.com\/blog\/frigorificos-estrechos\/\"},\"wordCount\":1044,\"commentCount\":0,\"publisher\":{\"@id\":\"https:\/\/www.lacasadelelectrodomestico.com\/blog\/#organization\"},\"image\":{\"@id\":\"https:\/\/www.lacasadelelectrodomestico.com\/blog\/frigorificos-estrechos\/#primaryimage\"},\"thumbnailUrl\":\"https:\/\/www.lacasadelelectrodomestico.com\/blog\/wp-content\/uploads\/2022\/07\/exquisit-ks85-v-091f-weiss-frigorifico-table-top-84-5x45cm-clase-f-0185658.jpg\",\"articleSection\":[\"Cocina\"],\"inLanguage\":\"es\",\"potentialAction\":[{\"@type\":\"CommentAction\",\"name\":\"Comment\",\"target\":[\"https:\/\/www.lacasadelelectrodomestico.com\/blog\/frigorificos-estrechos\/#respond\"]}]},{\"@type\":\"WebPage\",\"@id\":\"https:\/\/www.lacasadelelectrodomestico.com\/blog\/frigorificos-estrechos\/\",\"url\":\"https:\/\/www.lacasadelelectrodomestico.com\/blog\/frigorificos-estrechos\/\",\"name\":\"Frigor\u00edficos estrechos: c\u00f3mo adecuar el espacio en la cocina - Blog de La Casa Del Electrodom\u00e9stico\",\"isPartOf\":{\"@id\":\"https:\/\/www.lacasadelelectrodomestico.com\/blog\/#website\"},\"primaryImageOfPage\":{\"@id\":\"https:\/\/www.lacasadelelectrodomestico.com\/blog\/frigorificos-estrechos\/#primaryimage\"},\"image\":{\"@id\":\"https:\/\/www.lacasadelelectrodomestico.com\/blog\/frigorificos-estrechos\/#primaryimage\"},\"thumbnailUrl\":\"https:\/\/www.lacasadelelectrodomestico.com\/blog\/wp-content\/uploads\/2022\/07\/exquisit-ks85-v-091f-weiss-frigorifico-table-top-84-5x45cm-clase-f-0185658.jpg\",\"datePublished\":\"2022-08-19T09:45:19+00:00\",\"dateModified\":\"2025-07-07T09:10:49+00:00\",\"description\":\"En nuestra tienda podr\u00e1s encontrar los mejores modelos de frigor\u00edficos estrechos. \u00a1ENTRA AHORA para para saber cu\u00e1les son y conseguir el tuyo!\",\"breadcrumb\":{\"@id\":\"https:\/\/www.lacasadelelectrodomestico.com\/blog\/frigorificos-estrechos\/#breadcrumb\"},\"inLanguage\":\"es\",\"potentialAction\":[{\"@type\":\"ReadAction\",\"target\":[\"https:\/\/www.lacasadelelectrodomestico.com\/blog\/frigorificos-estrechos\/\"]}]},{\"@type\":\"ImageObject\",\"inLanguage\":\"es\",\"@id\":\"https:\/\/www.lacasadelelectrodomestico.com\/blog\/frigorificos-estrechos\/#primaryimage\",\"url\":\"https:\/\/www.lacasadelelectrodomestico.com\/blog\/wp-content\/uploads\/2022\/07\/exquisit-ks85-v-091f-weiss-frigorifico-table-top-84-5x45cm-clase-f-0185658.jpg\",\"contentUrl\":\"https:\/\/www.lacasadelelectrodomestico.com\/blog\/wp-content\/uploads\/2022\/07\/exquisit-ks85-v-091f-weiss-frigorifico-table-top-84-5x45cm-clase-f-0185658.jpg\",\"width\":405,\"height\":600,\"caption\":\"frigor\u00edficos estrechos\"},{\"@type\":\"BreadcrumbList\",\"@id\":\"https:\/\/www.lacasadelelectrodomestico.com\/blog\/frigorificos-estrechos\/#breadcrumb\",\"itemListElement\":[{\"@type\":\"ListItem\",\"position\":1,\"name\":\"Blog\",\"item\":\"https:\/\/www.lacasadelelectrodomestico.com\/blog\/\"},{\"@type\":\"ListItem\",\"position\":2,\"name\":\"Frigor\u00edficos estrechos: c\u00f3mo adecuar el espacio en la cocina\"}]},{\"@type\":\"WebSite\",\"@id\":\"https:\/\/www.lacasadelelectrodomestico.com\/blog\/#website\",\"url\":\"https:\/\/www.lacasadelelectrodomestico.com\/blog\/\",\"name\":\"Blog de La Casa Del Electrodom\u00e9stico\",\"description\":\"\",\"publisher\":{\"@id\":\"https:\/\/www.lacasadelelectrodomestico.com\/blog\/#organization\"},\"inLanguage\":\"es\"},{\"@type\":\"Organization\",\"@id\":\"https:\/\/www.lacasadelelectrodomestico.com\/blog\/#organization\",\"name\":\"Blog de electrodom\u00e9sticos - La Casa del Electrodom\u00e9stico\",\"url\":\"https:\/\/www.lacasadelelectrodomestico.com\/blog\/\",\"logo\":{\"@type\":\"ImageObject\",\"inLanguage\":\"es\",\"@id\":\"https:\/\/www.lacasadelelectrodomestico.com\/blog\/#\/schema\/logo\/image\/\",\"url\":\"https:\/\/www.lacasadelelectrodomestico.com\/blog\/wp-content\/uploads\/2021\/05\/la-casa-del-electrodomestico-logo.jpg\",\"contentUrl\":\"https:\/\/www.lacasadelelectrodomestico.com\/blog\/wp-content\/uploads\/2021\/05\/la-casa-del-electrodomestico-logo.jpg\",\"width\":300,\"height\":300,\"caption\":\"Blog de electrodom\u00e9sticos - La Casa del Electrodom\u00e9stico\"},\"image\":{\"@id\":\"https:\/\/www.lacasadelelectrodomestico.com\/blog\/#\/schema\/logo\/image\/\"}},{\"@type\":\"Person\",\"@id\":\"https:\/\/www.lacasadelelectrodomestico.com\/blog\/#\/schema\/person\/b53d4da66a4952bfc90629a3c83ad1f6\",\"name\":\"Laura Conde\",\"image\":{\"@type\":\"ImageObject\",\"inLanguage\":\"es\",\"@id\":\"https:\/\/www.lacasadelelectrodomestico.com\/blog\/#\/schema\/person\/image\/\",\"url\":\"https:\/\/secure.gravatar.com\/avatar\/dee8c5267734d3cf880aab29497486728780787448028721a639d0beea19053e?s=96&d=mm&r=g\",\"contentUrl\":\"https:\/\/secure.gravatar.com\/avatar\/dee8c5267734d3cf880aab29497486728780787448028721a639d0beea19053e?s=96&d=mm&r=g\",\"caption\":\"Laura Conde\"},\"description\":\"Dependienta en tienda f\u00edsica Experta en fr\u00edo\"}]}<\/script>\n<!-- \/ Yoast SEO plugin. -->","yoast_head_json":{"title":"Frigor\u00edficos estrechos: c\u00f3mo adecuar el espacio en la cocina - Blog de La Casa Del Electrodom\u00e9stico","description":"En nuestra tienda podr\u00e1s encontrar los mejores modelos de frigor\u00edficos estrechos. \u00a1ENTRA AHORA para para saber cu\u00e1les son y conseguir el tuyo!","robots":{"index":"index","follow":"follow","max-snippet":"max-snippet:-1","max-image-preview":"max-image-preview:large","max-video-preview":"max-video-preview:-1"},"canonical":"https:\/\/www.lacasadelelectrodomestico.com\/blog\/frigorificos-estrechos\/","og_locale":"es_ES","og_type":"article","og_title":"Frigor\u00edficos estrechos: c\u00f3mo adecuar el espacio en la cocina - Blog de La Casa Del Electrodom\u00e9stico","og_description":"En nuestra tienda podr\u00e1s encontrar los mejores modelos de frigor\u00edficos estrechos. \u00a1ENTRA AHORA para para saber cu\u00e1les son y conseguir el tuyo!","og_url":"https:\/\/www.lacasadelelectrodomestico.com\/blog\/frigorificos-estrechos\/","og_site_name":"Blog de La Casa Del Electrodom\u00e9stico","article_published_time":"2022-08-19T09:45:19+00:00","article_modified_time":"2025-07-07T09:10:49+00:00","og_image":[{"width":405,"height":600,"url":"https:\/\/www.lacasadelelectrodomestico.com\/blog\/wp-content\/uploads\/2022\/07\/exquisit-ks85-v-091f-weiss-frigorifico-table-top-84-5x45cm-clase-f-0185658.jpg","type":"image\/jpeg"}],"author":"Laura Conde","twitter_card":"summary_large_image","schema":{"@context":"https:\/\/schema.org","@graph":[{"@type":"Article","@id":"https:\/\/www.lacasadelelectrodomestico.com\/blog\/frigorificos-estrechos\/#article","isPartOf":{"@id":"https:\/\/www.lacasadelelectrodomestico.com\/blog\/frigorificos-estrechos\/"},"author":{"name":"Laura Conde","@id":"https:\/\/www.lacasadelelectrodomestico.com\/blog\/#\/schema\/person\/b53d4da66a4952bfc90629a3c83ad1f6"},"headline":"Frigor\u00edficos estrechos: c\u00f3mo adecuar el espacio en la cocina","datePublished":"2022-08-19T09:45:19+00:00","dateModified":"2025-07-07T09:10:49+00:00","mainEntityOfPage":{"@id":"https:\/\/www.lacasadelelectrodomestico.com\/blog\/frigorificos-estrechos\/"},"wordCount":1044,"commentCount":0,"publisher":{"@id":"https:\/\/www.lacasadelelectrodomestico.com\/blog\/#organization"},"image":{"@id":"https:\/\/www.lacasadelelectrodomestico.com\/blog\/frigorificos-estrechos\/#primaryimage"},"thumbnailUrl":"https:\/\/www.lacasadelelectrodomestico.com\/blog\/wp-content\/uploads\/2022\/07\/exquisit-ks85-v-091f-weiss-frigorifico-table-top-84-5x45cm-clase-f-0185658.jpg","articleSection":["Cocina"],"inLanguage":"es","potentialAction":[{"@type":"CommentAction","name":"Comment","target":["https:\/\/www.lacasadelelectrodomestico.com\/blog\/frigorificos-estrechos\/#respond"]}]},{"@type":"WebPage","@id":"https:\/\/www.lacasadelelectrodomestico.com\/blog\/frigorificos-estrechos\/","url":"https:\/\/www.lacasadelelectrodomestico.com\/blog\/frigorificos-estrechos\/","name":"Frigor\u00edficos estrechos: c\u00f3mo adecuar el espacio en la cocina - Blog de La Casa Del Electrodom\u00e9stico","isPartOf":{"@id":"https:\/\/www.lacasadelelectrodomestico.com\/blog\/#website"},"primaryImageOfPage":{"@id":"https:\/\/www.lacasadelelectrodomestico.com\/blog\/frigorificos-estrechos\/#primaryimage"},"image":{"@id":"https:\/\/www.lacasadelelectrodomestico.com\/blog\/frigorificos-estrechos\/#primaryimage"},"thumbnailUrl":"https:\/\/www.lacasadelelectrodomestico.com\/blog\/wp-content\/uploads\/2022\/07\/exquisit-ks85-v-091f-weiss-frigorifico-table-top-84-5x45cm-clase-f-0185658.jpg","datePublished":"2022-08-19T09:45:19+00:00","dateModified":"2025-07-07T09:10:49+00:00","description":"En nuestra tienda podr\u00e1s encontrar los mejores modelos de frigor\u00edficos estrechos. \u00a1ENTRA AHORA para para saber cu\u00e1les son y conseguir el tuyo!","breadcrumb":{"@id":"https:\/\/www.lacasadelelectrodomestico.com\/blog\/frigorificos-estrechos\/#breadcrumb"},"inLanguage":"es","potentialAction":[{"@type":"ReadAction","target":["https:\/\/www.lacasadelelectrodomestico.com\/blog\/frigorificos-estrechos\/"]}]},{"@type":"ImageObject","inLanguage":"es","@id":"https:\/\/www.lacasadelelectrodomestico.com\/blog\/frigorificos-estrechos\/#primaryimage","url":"https:\/\/www.lacasadelelectrodomestico.com\/blog\/wp-content\/uploads\/2022\/07\/exquisit-ks85-v-091f-weiss-frigorifico-table-top-84-5x45cm-clase-f-0185658.jpg","contentUrl":"https:\/\/www.lacasadelelectrodomestico.com\/blog\/wp-content\/uploads\/2022\/07\/exquisit-ks85-v-091f-weiss-frigorifico-table-top-84-5x45cm-clase-f-0185658.jpg","width":405,"height":600,"caption":"frigor\u00edficos estrechos"},{"@type":"BreadcrumbList","@id":"https:\/\/www.lacasadelelectrodomestico.com\/blog\/frigorificos-estrechos\/#breadcrumb","itemListElement":[{"@type":"ListItem","position":1,"name":"Blog","item":"https:\/\/www.lacasadelelectrodomestico.com\/blog\/"},{"@type":"ListItem","position":2,"name":"Frigor\u00edficos estrechos: c\u00f3mo adecuar el espacio en la cocina"}]},{"@type":"WebSite","@id":"https:\/\/www.lacasadelelectrodomestico.com\/blog\/#website","url":"https:\/\/www.lacasadelelectrodomestico.com\/blog\/","name":"Blog de La Casa Del Electrodom\u00e9stico","description":"","publisher":{"@id":"https:\/\/www.lacasadelelectrodomestico.com\/blog\/#organization"},"inLanguage":"es"},{"@type":"Organization","@id":"https:\/\/www.lacasadelelectrodomestico.com\/blog\/#organization","name":"Blog de electrodom\u00e9sticos - La Casa del Electrodom\u00e9stico","url":"https:\/\/www.lacasadelelectrodomestico.com\/blog\/","logo":{"@type":"ImageObject","inLanguage":"es","@id":"https:\/\/www.lacasadelelectrodomestico.com\/blog\/#\/schema\/logo\/image\/","url":"https:\/\/www.lacasadelelectrodomestico.com\/blog\/wp-content\/uploads\/2021\/05\/la-casa-del-electrodomestico-logo.jpg","contentUrl":"https:\/\/www.lacasadelelectrodomestico.com\/blog\/wp-content\/uploads\/2021\/05\/la-casa-del-electrodomestico-logo.jpg","width":300,"height":300,"caption":"Blog de electrodom\u00e9sticos - La Casa del Electrodom\u00e9stico"},"image":{"@id":"https:\/\/www.lacasadelelectrodomestico.com\/blog\/#\/schema\/logo\/image\/"}},{"@type":"Person","@id":"https:\/\/www.lacasadelelectrodomestico.com\/blog\/#\/schema\/person\/b53d4da66a4952bfc90629a3c83ad1f6","name":"Laura Conde","image":{"@type":"ImageObject","inLanguage":"es","@id":"https:\/\/www.lacasadelelectrodomestico.com\/blog\/#\/schema\/person\/image\/","url":"https:\/\/secure.gravatar.com\/avatar\/dee8c5267734d3cf880aab29497486728780787448028721a639d0beea19053e?s=96&d=mm&r=g","contentUrl":"https:\/\/secure.gravatar.com\/avatar\/dee8c5267734d3cf880aab29497486728780787448028721a639d0beea19053e?s=96&d=mm&r=g","caption":"Laura Conde"},"description":"Dependienta en tienda f\u00edsica Experta en fr\u00edo"}]}},"_links":{"self":[{"href":"https:\/\/www.lacasadelelectrodomestico.com\/blog\/wp-json\/wp\/v2\/posts\/2597","targetHints":{"allow":["GET"]}}],"collection":[{"href":"https:\/\/www.lacasadelelectrodomestico.com\/blog\/wp-json\/wp\/v2\/posts"}],"about":[{"href":"https:\/\/www.lacasadelelectrodomestico.com\/blog\/wp-json\/wp\/v2\/types\/post"}],"author":[{"embeddable":true,"href":"https:\/\/www.lacasadelelectrodomestico.com\/blog\/wp-json\/wp\/v2\/users\/17"}],"replies":[{"embeddable":true,"href":"https:\/\/www.lacasadelelectrodomestico.com\/blog\/wp-json\/wp\/v2\/comments?post=2597"}],"version-history":[{"count":0,"href":"https:\/\/www.lacasadelelectrodomestico.com\/blog\/wp-json\/wp\/v2\/posts\/2597\/revisions"}],"wp:featuredmedia":[{"embeddable":true,"href":"https:\/\/www.lacasadelelectrodomestico.com\/blog\/wp-json\/wp\/v2\/media\/2599"}],"wp:attachment":[{"href":"https:\/\/www.lacasadelelectrodomestico.com\/blog\/wp-json\/wp\/v2\/media?parent=2597"}],"wp:term":[{"taxonomy":"category","embeddable":true,"href":"https:\/\/www.lacasadelelectrodomestico.com\/blog\/wp-json\/wp\/v2\/categories?post=2597"},{"taxonomy":"post_tag","embeddable":true,"href":"https:\/\/www.lacasadelelectrodomestico.com\/blog\/wp-json\/wp\/v2\/tags?post=2597"}],"curies":[{"name":"wp","href":"https:\/\/api.w.org\/{rel}","templated":true}]}}