{"id":3482,"date":"2023-02-16T14:24:36","date_gmt":"2023-02-16T12:24:36","guid":{"rendered":"https:\/\/www.lacasadelelectrodomestico.com\/blog\/?p=3482"},"modified":"2023-03-03T22:47:06","modified_gmt":"2023-03-03T20:47:06","slug":"cuando-se-invento-televisor","status":"publish","type":"post","link":"https:\/\/www.lacasadelelectrodomestico.com\/blog\/cuando-se-invento-televisor\/","title":{"rendered":"\u00bfCu\u00e1ndo se invent\u00f3 el televisor? Conoce la historia del equipo m\u00e1s popular del hogar"},"content":{"rendered":"<p>Al ser uno de los equipos m\u00e1s vendidos a nivel mundial, conocer cu\u00e1ndo se invent\u00f3 el <a href=\"https:\/\/www.lacasadelelectrodomestico.com\/Seccion~x~Televisores~IDSeccion~277.html\">televisor<\/a> te ayudar\u00e1 a entender la dimensi\u00f3n de este aparato, que pas\u00f3 de ser un <strong>experimento innovador <\/strong>a formar parte de la gran mayor\u00eda de los hogares del mundo.<\/p>\n<p>En este post, no solo te ense\u00f1aremos cu\u00e1ndo se invent\u00f3 el televisor, sino que tambi\u00e9n te hablaremos un poco sobre su historia y su desarrollo hasta los tiempos modernos.<\/p>\n<h2>\u00bfCu\u00e1ndo se invent\u00f3 el televisor?<\/h2>\n<p><img loading=\"lazy\" decoding=\"async\" class=\"alignnone wp-image-3484 size-full\" src=\"https:\/\/www.lacasadelelectrodomestico.com\/blog\/wp-content\/uploads\/2023\/02\/historia-television.jpg\" alt=\"pantalla de televisi\u00f3n antigua\" width=\"1024\" height=\"715\" srcset=\"https:\/\/www.lacasadelelectrodomestico.com\/blog\/wp-content\/uploads\/2023\/02\/historia-television.jpg 1024w, https:\/\/www.lacasadelelectrodomestico.com\/blog\/wp-content\/uploads\/2023\/02\/historia-television-300x209.jpg 300w, https:\/\/www.lacasadelelectrodomestico.com\/blog\/wp-content\/uploads\/2023\/02\/historia-television-768x536.jpg 768w, https:\/\/www.lacasadelelectrodomestico.com\/blog\/wp-content\/uploads\/2023\/02\/historia-television-450x314.jpg 450w\" sizes=\"auto, (max-width: 1024px) 100vw, 1024px\" \/><\/p>\n<p>Si tenemos que hablar sobre la fecha exacta de cu\u00e1ndo se invent\u00f3 el televisor, es necesario remontarse a los a\u00f1os 20 del siglo pasado. Concretamente, a 1926, a\u00f1o en el cual un inventor,<strong> John Logie Baird,<\/strong> convierte su idea en algo palpable y tangible.<\/p>\n<p>Sin embargo, los antecedentes de la televisi\u00f3n se remontan a 1924, cuando Baird plante\u00f3 lo que ser\u00eda el primer borrador de la televisi\u00f3n. Invent\u00f3 el disco de Nipkow, con el cual pudo transmitir una imagen a unos 3 metros de distancia.<\/p>\n<p>Con este exitoso precedente, Baird utiliz\u00f3 todos sus recursos disponibles (no le concedieron financiaci\u00f3n) para implantar su modelo m\u00e1s all\u00e1 y buscar la transmisi\u00f3n de im\u00e1genes a trav\u00e9s de ondas, de forma muy similar a lo que hac\u00eda el otro gran invento de esos tiempos: la radio.<\/p>\n<p>Y ser\u00eda en 1926 cuando se transmitieron im\u00e1genes en una pantalla por primera vez. Ser\u00eda el 26 de enero de 1926, a\u00f1o en el que naci\u00f3 oficialmente la televisi\u00f3n.<\/p>\n<h2>Trayectoria de la televisi\u00f3n<\/h2>\n<p>Tras el invento exitoso de Baird, la historia de la televisi\u00f3n no ha hecho m\u00e1s que empezar. En 1928, dos a\u00f1os tras la primera aparici\u00f3n de las primeras im\u00e1genes, Baird consigui\u00f3 demostrar que su sistema funcionaba, <strong>al transmitir primero en Londres y luego desde Glasgow hasta la ciudad inglesa<\/strong>.<\/p>\n<p>Pero lo que demostrar\u00eda el alcance que tuvo el invento ser\u00eda cuando se logr\u00f3 la transmisi\u00f3n de im\u00e1genes desde Londres a Nueva York, en 1928. Hab\u00eda comenzado el boom de la TV.<\/p>\n<h2>\u00bfC\u00f3mo se cre\u00f3 la televisi\u00f3n electr\u00f3nica?<\/h2>\n<p>Lo que comentamos anteriormente corresponde a cu\u00e1ndo se invent\u00f3 el televisor. Pero no responde a la interrogante sobre la fecha en la cual apareci\u00f3 el primer televisor electr\u00f3nico.<\/p>\n<p>B\u00e1sicamente, la televisi\u00f3n electr\u00f3nica fue desarrollada por Farnsworth y Zvorykin, los cuales dise\u00f1aron lo que se conoci\u00f3 posteriormente como el iconoscopio. Este tubo electr\u00f3nico permiti\u00f3 simplificar los grandes y engorrosos sistemas que se utilizaban en las primeras transmisiones por un televisor<strong> y facilit\u00f3 una televisi\u00f3n m\u00e1s eficiente<\/strong>.<\/p>\n<h2>Primeros usos de la televisi\u00f3n<\/h2>\n<p><img loading=\"lazy\" decoding=\"async\" class=\"alignnone wp-image-3485 size-full\" src=\"https:\/\/www.lacasadelelectrodomestico.com\/blog\/wp-content\/uploads\/2023\/02\/primeros-usos-television.jpg\" alt=\"sintonizando televisi\u00f3n antigua\" width=\"1024\" height=\"715\" srcset=\"https:\/\/www.lacasadelelectrodomestico.com\/blog\/wp-content\/uploads\/2023\/02\/primeros-usos-television.jpg 1024w, https:\/\/www.lacasadelelectrodomestico.com\/blog\/wp-content\/uploads\/2023\/02\/primeros-usos-television-300x209.jpg 300w, https:\/\/www.lacasadelelectrodomestico.com\/blog\/wp-content\/uploads\/2023\/02\/primeros-usos-television-768x536.jpg 768w, https:\/\/www.lacasadelelectrodomestico.com\/blog\/wp-content\/uploads\/2023\/02\/primeros-usos-television-450x314.jpg 450w\" sizes=\"auto, (max-width: 1024px) 100vw, 1024px\" \/><\/p>\n<p>En 1930, las que ser\u00edan grandes cadenas de televisi\u00f3n, como NBC y CBS, lograron transmisiones para todo EE.UU. Sin embargo, pese a que en un principio se le daba un concepto meramente de entretenimiento y diversi\u00f3n, el invento pasar\u00eda a tomar connotaci\u00f3n pol\u00edtica en a\u00f1os posteriores.<\/p>\n<p>\u00bfY qui\u00e9nes le dar\u00edan esta intenci\u00f3n? Los nazis, los cuales utilizaban todos los recursos a su disposici\u00f3n para<strong> erigir su propaganda pol\u00edtica, <\/strong>que cimentar\u00eda las bases de la consolidaci\u00f3n de esta ideolog\u00eda a\u00f1os m\u00e1s tarde, primero en Alemania y luego en diferentes partes de Europa.<\/p>\n<p>\u00bfC\u00f3mo eran las transmisiones en este punto? Nada de eventos en vivo y directo, como son muchos en la actualidad. Lo que mostraban las im\u00e1genes eran eventos filmados con im\u00e1genes en movimiento, los cuales se transmit\u00edan a unos 25 p\u00edxeles.<\/p>\n\n<h2>Fechas importantes de la historia de la televisi\u00f3n<\/h2>\n<p>Dentro de la historia de la televisi\u00f3n, existen <strong>diversas fechas<\/strong> que est\u00e1n marcadas en rojo y son fundamentales para comprender c\u00f3mo este mecanismo ha adquirido la popularidad con la que cuenta hoy en d\u00eda.<\/p>\n<p>Algunos de los momentos m\u00e1s importantes en la historia de la televisi\u00f3n son los siguientes:<\/p>\n<ul>\n<li><strong>1945<\/strong>: se comenzar\u00eda a explotar la se\u00f1al de televisi\u00f3n, aplicando las primeras normas televisivas.<\/li>\n<li><strong>1950<\/strong>: se comenz\u00f3 a transmitir a color en Europa, siendo adoptada por el resto de pa\u00edses en los a\u00f1os posteriores.<\/li>\n<li><strong>1980<\/strong>: inici\u00f3 el proceso de digitalizaci\u00f3n de la televisi\u00f3n, que tuvo incidencia en la producci\u00f3n y transmisi\u00f3n de programas.<\/li>\n<\/ul>\n<p>Aprender cu\u00e1ndo se invent\u00f3 el televisor es el comienzo de una historia apasionante, la cual permite marcar el camino de uno de los inventos m\u00e1s importantes del siglo XX.<\/p>\n<p>Si bien en la actualidad se han desarrollado una gran cantidad de tecnolog\u00edas, como el <a href=\"https:\/\/www.lacasadelelectrodomestico.com\/blog\/smart-tv-guia-como-funcionan\/\">Smart TV<\/a>, por ejemplo, la televisi\u00f3n sigue siendo de las creaciones m\u00e1s memorables y que a\u00fan permanecen en los hogares de la mayor parte de las familias en el mundo.<\/p>\n<p>Y si ya sabes cu\u00e1ndo se invent\u00f3 el televisor, \u00a1es momento de adquirir uno! Por ello, te recomendamos que revises nuestra secci\u00f3n de televisores, donde encontrar\u00e1s el modelo ideal para ti y tus necesidades, a los mejores precios del mercado.<\/p>\n<section class=\"section_shortcode_products\"><div class=\"container_button\"><a href=\"https:\/\/www.lacasadelelectrodomestico.com\/Articulo~x~Lg-65uq75006lf-smart-tv-2022-65-4k-uhd-con-wifi-integrado~IDArticulo~185440.html\">Ver m\u00e1s<i><svg width=\"24\" height=\"24\" viewBox=\"0 0 24 24\" fill=\"none\" xmlns=\"http:\/\/www.w3.org\/2000\/svg\"><path fill-rule=\"evenodd\" clip-rule=\"evenodd\" d=\"M2.00039 13.0002L17.6004 13.0002L15.3004 15.3002L16.7004 16.7002L21.4004 12.0002L16.7004 7.3002L15.3004 8.70019L17.6004 11.0002L2.00039 11.0002L2.00039 13.0002Z\" fill=\"#333333\"><\/path><\/svg>\n<\/i><\/a><\/div><div class=\"shortcode_products\"><\/div><\/section>\n","protected":false},"excerpt":{"rendered":"<p>Al ser uno de los equipos m\u00e1s vendidos a nivel mundial, conocer cu\u00e1ndo se invent\u00f3 el televisor te ayudar\u00e1 a entender la dimensi\u00f3n de este aparato, que pas\u00f3 de ser un experimento innovador a formar parte de la gran mayor\u00eda de los hogares del mundo. En este post, no solo te ense\u00f1aremos cu\u00e1ndo se invent\u00f3 [&hellip;]<\/p>\n","protected":false},"author":8,"featured_media":3483,"comment_status":"open","ping_status":"open","sticky":false,"template":"","format":"standard","meta":{"footnotes":""},"categories":[15],"tags":[40,42],"class_list":["post-3482","post","type-post","status-publish","format-standard","has-post-thumbnail","hentry","category-televisiones","tag-television","tag-televisor"],"yoast_head":"<!-- This site is optimized with the Yoast SEO plugin v26.1.1 - https:\/\/yoast.com\/wordpress\/plugins\/seo\/ -->\n<title>\u00bfCu\u00e1ndo se invent\u00f3 el televisor?: fechas y momentos clave<\/title>\n<meta name=\"description\" content=\"Al saber cu\u00e1ndo se invent\u00f3 el televisor, tendr\u00e1s un mejor panorama sobre la historia de uno de los electrodom\u00e9sticos m\u00e1s populares del mundo.\" \/>\n<meta name=\"robots\" content=\"index, follow, max-snippet:-1, max-image-preview:large, max-video-preview:-1\" \/>\n<link rel=\"canonical\" href=\"https:\/\/www.lacasadelelectrodomestico.com\/blog\/cuando-se-invento-televisor\/\" \/>\n<meta property=\"og:locale\" content=\"es_ES\" \/>\n<meta property=\"og:type\" content=\"article\" \/>\n<meta property=\"og:title\" content=\"\u00bfCu\u00e1ndo se invent\u00f3 el televisor?: fechas y momentos clave\" \/>\n<meta property=\"og:description\" content=\"Al saber cu\u00e1ndo se invent\u00f3 el televisor, tendr\u00e1s un mejor panorama sobre la historia de uno de los electrodom\u00e9sticos m\u00e1s populares del mundo.\" \/>\n<meta property=\"og:url\" content=\"https:\/\/www.lacasadelelectrodomestico.com\/blog\/cuando-se-invento-televisor\/\" \/>\n<meta property=\"og:site_name\" content=\"Blog de La Casa Del Electrodom\u00e9stico\" \/>\n<meta property=\"article:published_time\" content=\"2023-02-16T12:24:36+00:00\" \/>\n<meta property=\"article:modified_time\" content=\"2023-03-03T20:47:06+00:00\" \/>\n<meta property=\"og:image\" content=\"https:\/\/www.lacasadelelectrodomestico.com\/blog\/wp-content\/uploads\/2023\/02\/cuando-invento-television.jpg\" \/>\n\t<meta property=\"og:image:width\" content=\"1024\" \/>\n\t<meta property=\"og:image:height\" content=\"715\" \/>\n\t<meta property=\"og:image:type\" content=\"image\/jpeg\" \/>\n<meta name=\"author\" content=\"La Casa del Electrodom\u00e9stico\" \/>\n<meta name=\"twitter:card\" content=\"summary_large_image\" \/>\n<script type=\"application\/ld+json\" class=\"yoast-schema-graph\">{\"@context\":\"https:\/\/schema.org\",\"@graph\":[{\"@type\":\"Article\",\"@id\":\"https:\/\/www.lacasadelelectrodomestico.com\/blog\/cuando-se-invento-televisor\/#article\",\"isPartOf\":{\"@id\":\"https:\/\/www.lacasadelelectrodomestico.com\/blog\/cuando-se-invento-televisor\/\"},\"author\":{\"name\":\"La Casa del Electrodom\u00e9stico\",\"@id\":\"https:\/\/www.lacasadelelectrodomestico.com\/blog\/#\/schema\/person\/64f2627af6179efb7cf5a57d104b22f5\"},\"headline\":\"\u00bfCu\u00e1ndo se invent\u00f3 el televisor? Conoce la historia del equipo m\u00e1s popular del hogar\",\"datePublished\":\"2023-02-16T12:24:36+00:00\",\"dateModified\":\"2023-03-03T20:47:06+00:00\",\"mainEntityOfPage\":{\"@id\":\"https:\/\/www.lacasadelelectrodomestico.com\/blog\/cuando-se-invento-televisor\/\"},\"wordCount\":994,\"commentCount\":0,\"publisher\":{\"@id\":\"https:\/\/www.lacasadelelectrodomestico.com\/blog\/#organization\"},\"image\":{\"@id\":\"https:\/\/www.lacasadelelectrodomestico.com\/blog\/cuando-se-invento-televisor\/#primaryimage\"},\"thumbnailUrl\":\"https:\/\/www.lacasadelelectrodomestico.com\/blog\/wp-content\/uploads\/2023\/02\/cuando-invento-television.jpg\",\"keywords\":[\"televisi\u00f3n\",\"televisor\"],\"articleSection\":[\"Televisiones\"],\"inLanguage\":\"es\",\"potentialAction\":[{\"@type\":\"CommentAction\",\"name\":\"Comment\",\"target\":[\"https:\/\/www.lacasadelelectrodomestico.com\/blog\/cuando-se-invento-televisor\/#respond\"]}]},{\"@type\":\"WebPage\",\"@id\":\"https:\/\/www.lacasadelelectrodomestico.com\/blog\/cuando-se-invento-televisor\/\",\"url\":\"https:\/\/www.lacasadelelectrodomestico.com\/blog\/cuando-se-invento-televisor\/\",\"name\":\"\u00bfCu\u00e1ndo se invent\u00f3 el televisor?: fechas y momentos clave\",\"isPartOf\":{\"@id\":\"https:\/\/www.lacasadelelectrodomestico.com\/blog\/#website\"},\"primaryImageOfPage\":{\"@id\":\"https:\/\/www.lacasadelelectrodomestico.com\/blog\/cuando-se-invento-televisor\/#primaryimage\"},\"image\":{\"@id\":\"https:\/\/www.lacasadelelectrodomestico.com\/blog\/cuando-se-invento-televisor\/#primaryimage\"},\"thumbnailUrl\":\"https:\/\/www.lacasadelelectrodomestico.com\/blog\/wp-content\/uploads\/2023\/02\/cuando-invento-television.jpg\",\"datePublished\":\"2023-02-16T12:24:36+00:00\",\"dateModified\":\"2023-03-03T20:47:06+00:00\",\"description\":\"Al saber cu\u00e1ndo se invent\u00f3 el televisor, tendr\u00e1s un mejor panorama sobre la historia de uno de los electrodom\u00e9sticos m\u00e1s populares del mundo.\",\"breadcrumb\":{\"@id\":\"https:\/\/www.lacasadelelectrodomestico.com\/blog\/cuando-se-invento-televisor\/#breadcrumb\"},\"inLanguage\":\"es\",\"potentialAction\":[{\"@type\":\"ReadAction\",\"target\":[\"https:\/\/www.lacasadelelectrodomestico.com\/blog\/cuando-se-invento-televisor\/\"]}]},{\"@type\":\"ImageObject\",\"inLanguage\":\"es\",\"@id\":\"https:\/\/www.lacasadelelectrodomestico.com\/blog\/cuando-se-invento-televisor\/#primaryimage\",\"url\":\"https:\/\/www.lacasadelelectrodomestico.com\/blog\/wp-content\/uploads\/2023\/02\/cuando-invento-television.jpg\",\"contentUrl\":\"https:\/\/www.lacasadelelectrodomestico.com\/blog\/wp-content\/uploads\/2023\/02\/cuando-invento-television.jpg\",\"width\":1024,\"height\":715,\"caption\":\"televisi\u00f3n antigua\"},{\"@type\":\"BreadcrumbList\",\"@id\":\"https:\/\/www.lacasadelelectrodomestico.com\/blog\/cuando-se-invento-televisor\/#breadcrumb\",\"itemListElement\":[{\"@type\":\"ListItem\",\"position\":1,\"name\":\"Blog\",\"item\":\"https:\/\/www.lacasadelelectrodomestico.com\/blog\/\"},{\"@type\":\"ListItem\",\"position\":2,\"name\":\"\u00bfCu\u00e1ndo se invent\u00f3 el televisor? Conoce la historia del equipo m\u00e1s popular del hogar\"}]},{\"@type\":\"WebSite\",\"@id\":\"https:\/\/www.lacasadelelectrodomestico.com\/blog\/#website\",\"url\":\"https:\/\/www.lacasadelelectrodomestico.com\/blog\/\",\"name\":\"Blog de La Casa Del Electrodom\u00e9stico\",\"description\":\"\",\"publisher\":{\"@id\":\"https:\/\/www.lacasadelelectrodomestico.com\/blog\/#organization\"},\"inLanguage\":\"es\"},{\"@type\":\"Organization\",\"@id\":\"https:\/\/www.lacasadelelectrodomestico.com\/blog\/#organization\",\"name\":\"Blog de electrodom\u00e9sticos - La Casa del Electrodom\u00e9stico\",\"url\":\"https:\/\/www.lacasadelelectrodomestico.com\/blog\/\",\"logo\":{\"@type\":\"ImageObject\",\"inLanguage\":\"es\",\"@id\":\"https:\/\/www.lacasadelelectrodomestico.com\/blog\/#\/schema\/logo\/image\/\",\"url\":\"https:\/\/www.lacasadelelectrodomestico.com\/blog\/wp-content\/uploads\/2021\/05\/la-casa-del-electrodomestico-logo.jpg\",\"contentUrl\":\"https:\/\/www.lacasadelelectrodomestico.com\/blog\/wp-content\/uploads\/2021\/05\/la-casa-del-electrodomestico-logo.jpg\",\"width\":300,\"height\":300,\"caption\":\"Blog de electrodom\u00e9sticos - La Casa del Electrodom\u00e9stico\"},\"image\":{\"@id\":\"https:\/\/www.lacasadelelectrodomestico.com\/blog\/#\/schema\/logo\/image\/\"}},{\"@type\":\"Person\",\"@id\":\"https:\/\/www.lacasadelelectrodomestico.com\/blog\/#\/schema\/person\/64f2627af6179efb7cf5a57d104b22f5\",\"name\":\"La Casa del Electrodom\u00e9stico\",\"image\":{\"@type\":\"ImageObject\",\"inLanguage\":\"es\",\"@id\":\"https:\/\/www.lacasadelelectrodomestico.com\/blog\/#\/schema\/person\/image\/\",\"url\":\"https:\/\/secure.gravatar.com\/avatar\/49cc8edb6733ba0d2ed8dec0c021d2a125ec5fd35848b7d4e81cab01117f464b?s=96&d=mm&r=g\",\"contentUrl\":\"https:\/\/secure.gravatar.com\/avatar\/49cc8edb6733ba0d2ed8dec0c021d2a125ec5fd35848b7d4e81cab01117f464b?s=96&d=mm&r=g\",\"caption\":\"La Casa del Electrodom\u00e9stico\"},\"sameAs\":[\"https:\/\/www.lacasadelelectrodomestico.com\/\"]}]}<\/script>\n<!-- \/ Yoast SEO plugin. -->","yoast_head_json":{"title":"\u00bfCu\u00e1ndo se invent\u00f3 el televisor?: fechas y momentos clave","description":"Al saber cu\u00e1ndo se invent\u00f3 el televisor, tendr\u00e1s un mejor panorama sobre la historia de uno de los electrodom\u00e9sticos m\u00e1s populares del mundo.","robots":{"index":"index","follow":"follow","max-snippet":"max-snippet:-1","max-image-preview":"max-image-preview:large","max-video-preview":"max-video-preview:-1"},"canonical":"https:\/\/www.lacasadelelectrodomestico.com\/blog\/cuando-se-invento-televisor\/","og_locale":"es_ES","og_type":"article","og_title":"\u00bfCu\u00e1ndo se invent\u00f3 el televisor?: fechas y momentos clave","og_description":"Al saber cu\u00e1ndo se invent\u00f3 el televisor, tendr\u00e1s un mejor panorama sobre la historia de uno de los electrodom\u00e9sticos m\u00e1s populares del mundo.","og_url":"https:\/\/www.lacasadelelectrodomestico.com\/blog\/cuando-se-invento-televisor\/","og_site_name":"Blog de La Casa Del Electrodom\u00e9stico","article_published_time":"2023-02-16T12:24:36+00:00","article_modified_time":"2023-03-03T20:47:06+00:00","og_image":[{"width":1024,"height":715,"url":"https:\/\/www.lacasadelelectrodomestico.com\/blog\/wp-content\/uploads\/2023\/02\/cuando-invento-television.jpg","type":"image\/jpeg"}],"author":"La Casa del Electrodom\u00e9stico","twitter_card":"summary_large_image","schema":{"@context":"https:\/\/schema.org","@graph":[{"@type":"Article","@id":"https:\/\/www.lacasadelelectrodomestico.com\/blog\/cuando-se-invento-televisor\/#article","isPartOf":{"@id":"https:\/\/www.lacasadelelectrodomestico.com\/blog\/cuando-se-invento-televisor\/"},"author":{"name":"La Casa del Electrodom\u00e9stico","@id":"https:\/\/www.lacasadelelectrodomestico.com\/blog\/#\/schema\/person\/64f2627af6179efb7cf5a57d104b22f5"},"headline":"\u00bfCu\u00e1ndo se invent\u00f3 el televisor? Conoce la historia del equipo m\u00e1s popular del hogar","datePublished":"2023-02-16T12:24:36+00:00","dateModified":"2023-03-03T20:47:06+00:00","mainEntityOfPage":{"@id":"https:\/\/www.lacasadelelectrodomestico.com\/blog\/cuando-se-invento-televisor\/"},"wordCount":994,"commentCount":0,"publisher":{"@id":"https:\/\/www.lacasadelelectrodomestico.com\/blog\/#organization"},"image":{"@id":"https:\/\/www.lacasadelelectrodomestico.com\/blog\/cuando-se-invento-televisor\/#primaryimage"},"thumbnailUrl":"https:\/\/www.lacasadelelectrodomestico.com\/blog\/wp-content\/uploads\/2023\/02\/cuando-invento-television.jpg","keywords":["televisi\u00f3n","televisor"],"articleSection":["Televisiones"],"inLanguage":"es","potentialAction":[{"@type":"CommentAction","name":"Comment","target":["https:\/\/www.lacasadelelectrodomestico.com\/blog\/cuando-se-invento-televisor\/#respond"]}]},{"@type":"WebPage","@id":"https:\/\/www.lacasadelelectrodomestico.com\/blog\/cuando-se-invento-televisor\/","url":"https:\/\/www.lacasadelelectrodomestico.com\/blog\/cuando-se-invento-televisor\/","name":"\u00bfCu\u00e1ndo se invent\u00f3 el televisor?: fechas y momentos clave","isPartOf":{"@id":"https:\/\/www.lacasadelelectrodomestico.com\/blog\/#website"},"primaryImageOfPage":{"@id":"https:\/\/www.lacasadelelectrodomestico.com\/blog\/cuando-se-invento-televisor\/#primaryimage"},"image":{"@id":"https:\/\/www.lacasadelelectrodomestico.com\/blog\/cuando-se-invento-televisor\/#primaryimage"},"thumbnailUrl":"https:\/\/www.lacasadelelectrodomestico.com\/blog\/wp-content\/uploads\/2023\/02\/cuando-invento-television.jpg","datePublished":"2023-02-16T12:24:36+00:00","dateModified":"2023-03-03T20:47:06+00:00","description":"Al saber cu\u00e1ndo se invent\u00f3 el televisor, tendr\u00e1s un mejor panorama sobre la historia de uno de los electrodom\u00e9sticos m\u00e1s populares del mundo.","breadcrumb":{"@id":"https:\/\/www.lacasadelelectrodomestico.com\/blog\/cuando-se-invento-televisor\/#breadcrumb"},"inLanguage":"es","potentialAction":[{"@type":"ReadAction","target":["https:\/\/www.lacasadelelectrodomestico.com\/blog\/cuando-se-invento-televisor\/"]}]},{"@type":"ImageObject","inLanguage":"es","@id":"https:\/\/www.lacasadelelectrodomestico.com\/blog\/cuando-se-invento-televisor\/#primaryimage","url":"https:\/\/www.lacasadelelectrodomestico.com\/blog\/wp-content\/uploads\/2023\/02\/cuando-invento-television.jpg","contentUrl":"https:\/\/www.lacasadelelectrodomestico.com\/blog\/wp-content\/uploads\/2023\/02\/cuando-invento-television.jpg","width":1024,"height":715,"caption":"televisi\u00f3n antigua"},{"@type":"BreadcrumbList","@id":"https:\/\/www.lacasadelelectrodomestico.com\/blog\/cuando-se-invento-televisor\/#breadcrumb","itemListElement":[{"@type":"ListItem","position":1,"name":"Blog","item":"https:\/\/www.lacasadelelectrodomestico.com\/blog\/"},{"@type":"ListItem","position":2,"name":"\u00bfCu\u00e1ndo se invent\u00f3 el televisor? Conoce la historia del equipo m\u00e1s popular del hogar"}]},{"@type":"WebSite","@id":"https:\/\/www.lacasadelelectrodomestico.com\/blog\/#website","url":"https:\/\/www.lacasadelelectrodomestico.com\/blog\/","name":"Blog de La Casa Del Electrodom\u00e9stico","description":"","publisher":{"@id":"https:\/\/www.lacasadelelectrodomestico.com\/blog\/#organization"},"inLanguage":"es"},{"@type":"Organization","@id":"https:\/\/www.lacasadelelectrodomestico.com\/blog\/#organization","name":"Blog de electrodom\u00e9sticos - La Casa del Electrodom\u00e9stico","url":"https:\/\/www.lacasadelelectrodomestico.com\/blog\/","logo":{"@type":"ImageObject","inLanguage":"es","@id":"https:\/\/www.lacasadelelectrodomestico.com\/blog\/#\/schema\/logo\/image\/","url":"https:\/\/www.lacasadelelectrodomestico.com\/blog\/wp-content\/uploads\/2021\/05\/la-casa-del-electrodomestico-logo.jpg","contentUrl":"https:\/\/www.lacasadelelectrodomestico.com\/blog\/wp-content\/uploads\/2021\/05\/la-casa-del-electrodomestico-logo.jpg","width":300,"height":300,"caption":"Blog de electrodom\u00e9sticos - La Casa del Electrodom\u00e9stico"},"image":{"@id":"https:\/\/www.lacasadelelectrodomestico.com\/blog\/#\/schema\/logo\/image\/"}},{"@type":"Person","@id":"https:\/\/www.lacasadelelectrodomestico.com\/blog\/#\/schema\/person\/64f2627af6179efb7cf5a57d104b22f5","name":"La Casa del Electrodom\u00e9stico","image":{"@type":"ImageObject","inLanguage":"es","@id":"https:\/\/www.lacasadelelectrodomestico.com\/blog\/#\/schema\/person\/image\/","url":"https:\/\/secure.gravatar.com\/avatar\/49cc8edb6733ba0d2ed8dec0c021d2a125ec5fd35848b7d4e81cab01117f464b?s=96&d=mm&r=g","contentUrl":"https:\/\/secure.gravatar.com\/avatar\/49cc8edb6733ba0d2ed8dec0c021d2a125ec5fd35848b7d4e81cab01117f464b?s=96&d=mm&r=g","caption":"La Casa del Electrodom\u00e9stico"},"sameAs":["https:\/\/www.lacasadelelectrodomestico.com\/"]}]}},"_links":{"self":[{"href":"https:\/\/www.lacasadelelectrodomestico.com\/blog\/wp-json\/wp\/v2\/posts\/3482","targetHints":{"allow":["GET"]}}],"collection":[{"href":"https:\/\/www.lacasadelelectrodomestico.com\/blog\/wp-json\/wp\/v2\/posts"}],"about":[{"href":"https:\/\/www.lacasadelelectrodomestico.com\/blog\/wp-json\/wp\/v2\/types\/post"}],"author":[{"embeddable":true,"href":"https:\/\/www.lacasadelelectrodomestico.com\/blog\/wp-json\/wp\/v2\/users\/8"}],"replies":[{"embeddable":true,"href":"https:\/\/www.lacasadelelectrodomestico.com\/blog\/wp-json\/wp\/v2\/comments?post=3482"}],"version-history":[{"count":0,"href":"https:\/\/www.lacasadelelectrodomestico.com\/blog\/wp-json\/wp\/v2\/posts\/3482\/revisions"}],"wp:featuredmedia":[{"embeddable":true,"href":"https:\/\/www.lacasadelelectrodomestico.com\/blog\/wp-json\/wp\/v2\/media\/3483"}],"wp:attachment":[{"href":"https:\/\/www.lacasadelelectrodomestico.com\/blog\/wp-json\/wp\/v2\/media?parent=3482"}],"wp:term":[{"taxonomy":"category","embeddable":true,"href":"https:\/\/www.lacasadelelectrodomestico.com\/blog\/wp-json\/wp\/v2\/categories?post=3482"},{"taxonomy":"post_tag","embeddable":true,"href":"https:\/\/www.lacasadelelectrodomestico.com\/blog\/wp-json\/wp\/v2\/tags?post=3482"}],"curies":[{"name":"wp","href":"https:\/\/api.w.org\/{rel}","templated":true}]}}