{"id":4439,"date":"2024-10-02T10:00:26","date_gmt":"2024-10-02T08:00:26","guid":{"rendered":"https:\/\/www.lacasadelelectrodomestico.com\/blog\/?p=4439"},"modified":"2025-07-04T14:58:34","modified_gmt":"2025-07-04T12:58:34","slug":"5-formas-secar-ropa-invierno","status":"publish","type":"post","link":"https:\/\/www.lacasadelelectrodomestico.com\/blog\/5-formas-secar-ropa-invierno\/","title":{"rendered":"C\u00f3mo secar la ropa en invierno de forma eficiente"},"content":{"rendered":"<p><strong>Secar la ropa en invierno<\/strong> puede ser un desaf\u00edo, especialmente cuando el clima es h\u00famedo y fr\u00edo. \u00bfTe ha pasado que la ropa tarda d\u00edas en secarse o incluso queda con mal olor? Esto ocurre porque la falta de calor y ventilaci\u00f3n retrasa el proceso de secado.<\/p>\n<p>Sin embargo, existen formas eficientes de acelerar este proceso sin necesidad de depender solo de una <a href=\"https:\/\/www.lacasadelelectrodomestico.com\/Seccion~x~Secadoras~IDSeccion~111.html\">secadora<\/a>. Aqu\u00ed te mostraremos los mejores trucos y t\u00e9cnicas para que puedas <strong>secar tu ropa<\/strong> de manera r\u00e1pida y eficaz durante el invierno. \u00a1Acomp\u00e1\u00f1anos!<\/p>\n<p style=\"text-align: center;\"><iframe loading=\"lazy\" title=\"YouTube video player\" src=\"https:\/\/www.youtube.com\/embed\/uf8by7DV2ZQ?si=Rmnpt371wbs-8Aiw\" width=\"560\" height=\"315\" frameborder=\"0\" allowfullscreen=\"allowfullscreen\"><\/iframe><\/p>\n<h2>Factores que dificultan el secado de la ropa en invierno<\/h2>\n<p>El invierno presenta varios obst\u00e1culos cuando se trata de secar la ropa. Estos factores principales hacen que el proceso sea m\u00e1s lento y complicado.<\/p>\n<h3>Clima h\u00famedo y su impacto en el secado<\/h3>\n<p>El aire con alta humedad reduce la capacidad de secado de la ropa. <strong>El exceso de vapor de agua en el ambiente dificulta la evaporaci\u00f3n de la humedad de las prendas<\/strong>, haciendo que se mantengan mojadas durante m\u00e1s tiempo.<\/p>\n<p>Esto es com\u00fan en zonas donde llueve frecuentemente o en \u00e1reas con mala ventilaci\u00f3n en interiores, lo que empeora el problema.<\/p>\n<h3>Temperaturas bajas y ventilaci\u00f3n reducida<\/h3>\n<p>Durante el invierno, las <strong>bajas temperaturas<\/strong> hacen que el aire no absorba la humedad de la ropa con la misma eficiencia que en estaciones m\u00e1s c\u00e1lidas.<\/p>\n<p>Adem\u00e1s, la <strong>falta de ventilaci\u00f3n<\/strong>, com\u00fan cuando se mantienen las ventanas cerradas para conservar el calor, retrasa a\u00fan m\u00e1s el proceso, dejando las prendas h\u00famedas por largos periodos.<\/p>\n<h3>Problemas comunes como la humedad en la ropa<\/h3>\n<p>La ropa que tarda en secarse correctamente puede desarrollar <strong>malos olores<\/strong> o incluso <strong>manchas de moho<\/strong>. Esto ocurre cuando la humedad queda atrapada durante demasiado tiempo en las fibras, proporcionando un entorno favorable para la proliferaci\u00f3n de bacterias y hongos, lo que afecta el olor, la durabilidad y la salud de las prendas.<\/p>\n<h2>M\u00e9todos eficaces para secar la ropa en invierno<\/h2>\n<p><img loading=\"lazy\" decoding=\"async\" class=\"size-full wp-image-6350 aligncenter\" src=\"https:\/\/www.lacasadelelectrodomestico.com\/blog\/wp-content\/uploads\/2024\/10\/secar-ropa-en-invierno-2.jpg\" alt=\"mujer sosteniendo una franela blanca\" width=\"1000\" height=\"666\" srcset=\"https:\/\/www.lacasadelelectrodomestico.com\/blog\/wp-content\/uploads\/2024\/10\/secar-ropa-en-invierno-2.jpg 1000w, https:\/\/www.lacasadelelectrodomestico.com\/blog\/wp-content\/uploads\/2024\/10\/secar-ropa-en-invierno-2-300x200.jpg 300w, https:\/\/www.lacasadelelectrodomestico.com\/blog\/wp-content\/uploads\/2024\/10\/secar-ropa-en-invierno-2-768x511.jpg 768w, https:\/\/www.lacasadelelectrodomestico.com\/blog\/wp-content\/uploads\/2024\/10\/secar-ropa-en-invierno-2-450x300.jpg 450w\" sizes=\"auto, (max-width: 1000px) 100vw, 1000px\" \/><\/p>\n<p>Secar la ropa en invierno puede parecer complicado, pero existen soluciones que permiten hacerlo de manera r\u00e1pida y eficiente.<\/p>\n<h3>Secado natural en interiores<\/h3>\n<p>El secado natural sigue siendo una opci\u00f3n viable en invierno, siempre que se aprovechen las condiciones adecuadas. <strong>Colocar el tendedero cerca de una fuente de calor moderada, como el que emiten los <\/strong><a href=\"https:\/\/www.lacasadelelectrodomestico.com\/Seccion~x~Radiadores~IDSeccion~213.html\"><strong>radiadores<\/strong><\/a><strong>, puede acelerar el proceso sin da\u00f1ar las prendas<\/strong>.<\/p>\n<p>Tambi\u00e9n es recomendable utilizar <strong>habitaciones bien ventiladas<\/strong>, permitiendo la circulaci\u00f3n del aire para evitar que la humedad se concentre en la ropa.<\/p>\n<p>Aqu\u00ed te contamos <a href=\"https:\/\/www.lacasadelelectrodomestico.com\/blog\/olor-humedad-ropa-tendida\/\">c\u00f3mo evitar el olor a humedad en la ropa tendida<\/a>.<\/p>\n<h3>Uso de secadoras: ventajas y consideraciones<\/h3>\n<p>Las secadoras son una opci\u00f3n eficiente cuando el clima no permite secar la ropa al aire libre. Las <a href=\"https:\/\/www.lacasadelelectrodomestico.com\/blog\/elegir-la-mejor-secadora\/\">mejores secadoras<\/a> modernas ofrecen <strong>programas especializados<\/strong> que cuidan las fibras, como el secado a baja temperatura o para prendas delicadas. Adem\u00e1s, son la alternativa m\u00e1s eficaz si necesitas <a href=\"https:\/\/www.lacasadelelectrodomestico.com\/blog\/secar-ropa-rapido\/\">secar ropa r\u00e1pido<\/a>.<\/p>\n<p>Es importante no sobrecargar la m\u00e1quina y <strong>limpiar los filtros regularmente<\/strong> para evitar malos olores y mantener la eficiencia energ\u00e9tica del electrodom\u00e9stico.<\/p>\n<section class=\"section_shortcode_products\"><div class=\"container_button\"><a href=\"https:\/\/www.lacasadelelectrodomestico.com\/Seccion~x~Secadoras~IDSeccion~111.html\">Ver m\u00e1s<i><svg width=\"24\" height=\"24\" viewBox=\"0 0 24 24\" fill=\"none\" xmlns=\"http:\/\/www.w3.org\/2000\/svg\"><path fill-rule=\"evenodd\" clip-rule=\"evenodd\" d=\"M2.00039 13.0002L17.6004 13.0002L15.3004 15.3002L16.7004 16.7002L21.4004 12.0002L16.7004 7.3002L15.3004 8.70019L17.6004 11.0002L2.00039 11.0002L2.00039 13.0002Z\" fill=\"#333333\"><\/path><\/svg>\n<\/i><\/a><\/div><div class=\"shortcode_products\"><\/div><\/section>\n<h2>Consejos para evitar la humedad al secar ropa en invierno<\/h2>\n<p>Evitar la humedad mientras secas ropa en invierno es fundamental para prevenir malos olores y el deterioro de las prendas. Aqu\u00ed tienes algunas estrategias efectivas para conseguirlo:<\/p>\n<ul>\n<li><strong>Aprovecha la luz solar<\/strong>: Si es posible, coloca la ropa cerca de una ventana que reciba luz solar. Aunque el sol sea d\u00e9bil en invierno, sus rayos pueden ayudar a eliminar la humedad.<\/li>\n<li><strong>Mant\u00e9n las puertas abiertas<\/strong>: Si secas la ropa en interiores, deja las puertas abiertas para facilitar la circulaci\u00f3n del aire entre las habitaciones, evitando que la humedad se concentre.<\/li>\n<li><strong>Evita apilar la ropa<\/strong>: Coloca las prendas de manera separada en el tendedero para que el aire pueda circular entre ellas, lo que ayuda a que se sequen de manera uniforme y sin humedad retenida.<\/li>\n<\/ul>\n<h2>Pros y contras del secado natural en interiores<\/h2>\n<p><a href=\"https:\/\/www.lacasadelelectrodomestico.com\/blog\/secar-ropa-dentro-de-casa\/\">Secar la ropa dentro de casa<\/a> es conveniente cuando el clima no permite hacerlo al aire libre. Ofrece la ventaja de <strong>controlar el ambiente y proteger la ropa de la intemperie<\/strong>. Sin embargo, la falta de ventilaci\u00f3n puede <strong>aumentar la humedad en el hogar<\/strong>, lo que favorece la aparici\u00f3n de moho y malos olores si no se toman precauciones adecuadas.<\/p>\n<h2>Mitos comunes sobre el secado de la ropa en invierno<\/h2>\n<p><img loading=\"lazy\" decoding=\"async\" class=\"size-full wp-image-6348 aligncenter\" src=\"https:\/\/www.lacasadelelectrodomestico.com\/blog\/wp-content\/uploads\/2023\/08\/secar-ropa-en-invierno-1.jpg\" alt=\"mujer secando ropa en invierno\" width=\"1000\" height=\"668\" srcset=\"https:\/\/www.lacasadelelectrodomestico.com\/blog\/wp-content\/uploads\/2023\/08\/secar-ropa-en-invierno-1.jpg 1000w, https:\/\/www.lacasadelelectrodomestico.com\/blog\/wp-content\/uploads\/2023\/08\/secar-ropa-en-invierno-1-300x200.jpg 300w, https:\/\/www.lacasadelelectrodomestico.com\/blog\/wp-content\/uploads\/2023\/08\/secar-ropa-en-invierno-1-768x513.jpg 768w, https:\/\/www.lacasadelelectrodomestico.com\/blog\/wp-content\/uploads\/2023\/08\/secar-ropa-en-invierno-1-450x301.jpg 450w\" sizes=\"auto, (max-width: 1000px) 100vw, 1000px\" \/><\/p>\n<p>Existen varios mitos relacionados con el secado de la ropa en invierno que es importante desmentir para evitar errores comunes.<\/p>\n<h3>\u00bfEs cierto que el fr\u00edo seco es mejor que el calor h\u00famedo?<\/h3>\n<p>Muchas personas creen que el fr\u00edo seco es m\u00e1s efectivo para secar la ropa que el calor h\u00famedo, pero <strong>esto no es del todo cierto<\/strong>.<\/p>\n<p>Si bien el aire fr\u00edo y seco puede ayudar a evaporar la humedad, <strong>un ambiente c\u00e1lido moderado con buena ventilaci\u00f3n sigue siendo m\u00e1s eficiente<\/strong>. El calor acelera la evaporaci\u00f3n, mientras que la ventilaci\u00f3n dispersa la humedad.<\/p>\n<h3>\u00bfSecar ropa cerca de un radiador da\u00f1a las prendas?<\/h3>\n<p>Otro mito es que <a href=\"https:\/\/www.lacasadelelectrodomestico.com\/blog\/secar-ropa-radiadores\/\">secar ropa cerca de un radiador<\/a> estropea las prendas. Aunque colocar la ropa directamente sobre el radiador puede causar desgaste en algunos materiales, <strong>colgarla a una distancia segura es perfectamente aceptable<\/strong>.<\/p>\n<p>De esta forma, aprovechas el calor sin da\u00f1ar los tejidos ni reducir su vida \u00fatil. Adem\u00e1s, la circulaci\u00f3n del aire ayuda a mejorar el secado.<\/p>\n<p>Secar la ropa en invierno puede ser complicado, pero con los m\u00e9todos adecuados es posible hacerlo de manera eficiente. Ya sea utilizando <strong>secadoras<\/strong> o aplicando trucos para el secado natural, es importante mantener una buena ventilaci\u00f3n y evitar la humedad. Con estos consejos, puedes mantener tu ropa fresca, sin malos olores y bien cuidada durante los meses fr\u00edos.<\/p>\n","protected":false},"excerpt":{"rendered":"<p>Secar la ropa en invierno puede ser un desaf\u00edo, especialmente cuando el clima es h\u00famedo y fr\u00edo. \u00bfTe ha pasado que la ropa tarda d\u00edas en secarse o incluso queda con mal olor? Esto ocurre porque la falta de calor y ventilaci\u00f3n retrasa el proceso de secado. Sin embargo, existen formas eficientes de acelerar este [&hellip;]<\/p>\n","protected":false},"author":12,"featured_media":4442,"comment_status":"open","ping_status":"open","sticky":false,"template":"","format":"standard","meta":{"footnotes":""},"categories":[2,10],"tags":[157,156],"class_list":["post-4439","post","type-post","status-publish","format-standard","has-post-thumbnail","hentry","category-climatizacion","category-limpieza-y-ropa","tag-ropa-en-invierno","tag-secar-ropa-en-invierno"],"yoast_head":"<!-- This site is optimized with the Yoast SEO plugin v26.1.1 - https:\/\/yoast.com\/wordpress\/plugins\/seo\/ -->\n<title>Secar ropa en invierno: \u00a15 formas para un secado de calidad!<\/title>\n<meta name=\"description\" content=\"5 opciones para secar ropa en invierno y poder contar con tus prendas en todo momento a pesar de las dificultades de la \u00e9poca.\" \/>\n<meta name=\"robots\" content=\"index, follow, max-snippet:-1, max-image-preview:large, max-video-preview:-1\" \/>\n<link rel=\"canonical\" href=\"https:\/\/www.lacasadelelectrodomestico.com\/blog\/5-formas-secar-ropa-invierno\/\" \/>\n<meta property=\"og:locale\" content=\"es_ES\" \/>\n<meta property=\"og:type\" content=\"article\" \/>\n<meta property=\"og:title\" content=\"Secar ropa en invierno: \u00a15 formas para un secado de calidad!\" \/>\n<meta property=\"og:description\" content=\"5 opciones para secar ropa en invierno y poder contar con tus prendas en todo momento a pesar de las dificultades de la \u00e9poca.\" \/>\n<meta property=\"og:url\" content=\"https:\/\/www.lacasadelelectrodomestico.com\/blog\/5-formas-secar-ropa-invierno\/\" \/>\n<meta property=\"og:site_name\" content=\"Blog de La Casa Del Electrodom\u00e9stico\" \/>\n<meta property=\"article:published_time\" content=\"2024-10-02T08:00:26+00:00\" \/>\n<meta property=\"article:modified_time\" content=\"2025-07-04T12:58:34+00:00\" \/>\n<meta property=\"og:image\" content=\"https:\/\/www.lacasadelelectrodomestico.com\/blog\/wp-content\/uploads\/2023\/07\/secar-ropa-invierno-1.jpg\" \/>\n\t<meta property=\"og:image:width\" content=\"1000\" \/>\n\t<meta property=\"og:image:height\" content=\"640\" \/>\n\t<meta property=\"og:image:type\" content=\"image\/jpeg\" \/>\n<meta name=\"author\" content=\"Iris L\u00f3pez\" \/>\n<meta name=\"twitter:card\" content=\"summary_large_image\" \/>\n<script type=\"application\/ld+json\" class=\"yoast-schema-graph\">{\"@context\":\"https:\/\/schema.org\",\"@graph\":[{\"@type\":\"Article\",\"@id\":\"https:\/\/www.lacasadelelectrodomestico.com\/blog\/5-formas-secar-ropa-invierno\/#article\",\"isPartOf\":{\"@id\":\"https:\/\/www.lacasadelelectrodomestico.com\/blog\/5-formas-secar-ropa-invierno\/\"},\"author\":{\"name\":\"Iris L\u00f3pez\",\"@id\":\"https:\/\/www.lacasadelelectrodomestico.com\/blog\/#\/schema\/person\/4531464768a9555d74f5cd073f6ec99d\"},\"headline\":\"C\u00f3mo secar la ropa en invierno de forma eficiente\",\"datePublished\":\"2024-10-02T08:00:26+00:00\",\"dateModified\":\"2025-07-04T12:58:34+00:00\",\"mainEntityOfPage\":{\"@id\":\"https:\/\/www.lacasadelelectrodomestico.com\/blog\/5-formas-secar-ropa-invierno\/\"},\"wordCount\":1095,\"commentCount\":0,\"publisher\":{\"@id\":\"https:\/\/www.lacasadelelectrodomestico.com\/blog\/#organization\"},\"image\":{\"@id\":\"https:\/\/www.lacasadelelectrodomestico.com\/blog\/5-formas-secar-ropa-invierno\/#primaryimage\"},\"thumbnailUrl\":\"https:\/\/www.lacasadelelectrodomestico.com\/blog\/wp-content\/uploads\/2023\/07\/secar-ropa-invierno-1.jpg\",\"keywords\":[\"ropa en invierno\",\"secar ropa en invierno\"],\"articleSection\":[\"Climatizaci\u00f3n\",\"Limpieza y ropa\"],\"inLanguage\":\"es\",\"potentialAction\":[{\"@type\":\"CommentAction\",\"name\":\"Comment\",\"target\":[\"https:\/\/www.lacasadelelectrodomestico.com\/blog\/5-formas-secar-ropa-invierno\/#respond\"]}]},{\"@type\":\"WebPage\",\"@id\":\"https:\/\/www.lacasadelelectrodomestico.com\/blog\/5-formas-secar-ropa-invierno\/\",\"url\":\"https:\/\/www.lacasadelelectrodomestico.com\/blog\/5-formas-secar-ropa-invierno\/\",\"name\":\"Secar ropa en invierno: \u00a15 formas para un secado de calidad!\",\"isPartOf\":{\"@id\":\"https:\/\/www.lacasadelelectrodomestico.com\/blog\/#website\"},\"primaryImageOfPage\":{\"@id\":\"https:\/\/www.lacasadelelectrodomestico.com\/blog\/5-formas-secar-ropa-invierno\/#primaryimage\"},\"image\":{\"@id\":\"https:\/\/www.lacasadelelectrodomestico.com\/blog\/5-formas-secar-ropa-invierno\/#primaryimage\"},\"thumbnailUrl\":\"https:\/\/www.lacasadelelectrodomestico.com\/blog\/wp-content\/uploads\/2023\/07\/secar-ropa-invierno-1.jpg\",\"datePublished\":\"2024-10-02T08:00:26+00:00\",\"dateModified\":\"2025-07-04T12:58:34+00:00\",\"description\":\"5 opciones para secar ropa en invierno y poder contar con tus prendas en todo momento a pesar de las dificultades de la \u00e9poca.\",\"breadcrumb\":{\"@id\":\"https:\/\/www.lacasadelelectrodomestico.com\/blog\/5-formas-secar-ropa-invierno\/#breadcrumb\"},\"inLanguage\":\"es\",\"potentialAction\":[{\"@type\":\"ReadAction\",\"target\":[\"https:\/\/www.lacasadelelectrodomestico.com\/blog\/5-formas-secar-ropa-invierno\/\"]}]},{\"@type\":\"ImageObject\",\"inLanguage\":\"es\",\"@id\":\"https:\/\/www.lacasadelelectrodomestico.com\/blog\/5-formas-secar-ropa-invierno\/#primaryimage\",\"url\":\"https:\/\/www.lacasadelelectrodomestico.com\/blog\/wp-content\/uploads\/2023\/07\/secar-ropa-invierno-1.jpg\",\"contentUrl\":\"https:\/\/www.lacasadelelectrodomestico.com\/blog\/wp-content\/uploads\/2023\/07\/secar-ropa-invierno-1.jpg\",\"width\":1000,\"height\":640,\"caption\":\"secar ropa en invierno\"},{\"@type\":\"BreadcrumbList\",\"@id\":\"https:\/\/www.lacasadelelectrodomestico.com\/blog\/5-formas-secar-ropa-invierno\/#breadcrumb\",\"itemListElement\":[{\"@type\":\"ListItem\",\"position\":1,\"name\":\"Blog\",\"item\":\"https:\/\/www.lacasadelelectrodomestico.com\/blog\/\"},{\"@type\":\"ListItem\",\"position\":2,\"name\":\"C\u00f3mo secar la ropa en invierno de forma eficiente\"}]},{\"@type\":\"WebSite\",\"@id\":\"https:\/\/www.lacasadelelectrodomestico.com\/blog\/#website\",\"url\":\"https:\/\/www.lacasadelelectrodomestico.com\/blog\/\",\"name\":\"Blog de La Casa Del Electrodom\u00e9stico\",\"description\":\"\",\"publisher\":{\"@id\":\"https:\/\/www.lacasadelelectrodomestico.com\/blog\/#organization\"},\"inLanguage\":\"es\"},{\"@type\":\"Organization\",\"@id\":\"https:\/\/www.lacasadelelectrodomestico.com\/blog\/#organization\",\"name\":\"Blog de electrodom\u00e9sticos - La Casa del Electrodom\u00e9stico\",\"url\":\"https:\/\/www.lacasadelelectrodomestico.com\/blog\/\",\"logo\":{\"@type\":\"ImageObject\",\"inLanguage\":\"es\",\"@id\":\"https:\/\/www.lacasadelelectrodomestico.com\/blog\/#\/schema\/logo\/image\/\",\"url\":\"https:\/\/www.lacasadelelectrodomestico.com\/blog\/wp-content\/uploads\/2021\/05\/la-casa-del-electrodomestico-logo.jpg\",\"contentUrl\":\"https:\/\/www.lacasadelelectrodomestico.com\/blog\/wp-content\/uploads\/2021\/05\/la-casa-del-electrodomestico-logo.jpg\",\"width\":300,\"height\":300,\"caption\":\"Blog de electrodom\u00e9sticos - La Casa del Electrodom\u00e9stico\"},\"image\":{\"@id\":\"https:\/\/www.lacasadelelectrodomestico.com\/blog\/#\/schema\/logo\/image\/\"}},{\"@type\":\"Person\",\"@id\":\"https:\/\/www.lacasadelelectrodomestico.com\/blog\/#\/schema\/person\/4531464768a9555d74f5cd073f6ec99d\",\"name\":\"Iris L\u00f3pez\",\"image\":{\"@type\":\"ImageObject\",\"inLanguage\":\"es\",\"@id\":\"https:\/\/www.lacasadelelectrodomestico.com\/blog\/#\/schema\/person\/image\/\",\"url\":\"https:\/\/secure.gravatar.com\/avatar\/bdb7036f8d1bba50883c880d7254c202a9f32ce3f44bde347cc6dd8183892749?s=96&d=mm&r=g\",\"contentUrl\":\"https:\/\/secure.gravatar.com\/avatar\/bdb7036f8d1bba50883c880d7254c202a9f32ce3f44bde347cc6dd8183892749?s=96&d=mm&r=g\",\"caption\":\"Iris L\u00f3pez\"},\"description\":\"Comunicaci\u00f3n y Marketing Experta en lavado y secado\",\"sameAs\":[\"https:\/\/www.linkedin.com\/in\/irislopeza\/\"]}]}<\/script>\n<!-- \/ Yoast SEO plugin. -->","yoast_head_json":{"title":"Secar ropa en invierno: \u00a15 formas para un secado de calidad!","description":"5 opciones para secar ropa en invierno y poder contar con tus prendas en todo momento a pesar de las dificultades de la \u00e9poca.","robots":{"index":"index","follow":"follow","max-snippet":"max-snippet:-1","max-image-preview":"max-image-preview:large","max-video-preview":"max-video-preview:-1"},"canonical":"https:\/\/www.lacasadelelectrodomestico.com\/blog\/5-formas-secar-ropa-invierno\/","og_locale":"es_ES","og_type":"article","og_title":"Secar ropa en invierno: \u00a15 formas para un secado de calidad!","og_description":"5 opciones para secar ropa en invierno y poder contar con tus prendas en todo momento a pesar de las dificultades de la \u00e9poca.","og_url":"https:\/\/www.lacasadelelectrodomestico.com\/blog\/5-formas-secar-ropa-invierno\/","og_site_name":"Blog de La Casa Del Electrodom\u00e9stico","article_published_time":"2024-10-02T08:00:26+00:00","article_modified_time":"2025-07-04T12:58:34+00:00","og_image":[{"width":1000,"height":640,"url":"https:\/\/www.lacasadelelectrodomestico.com\/blog\/wp-content\/uploads\/2023\/07\/secar-ropa-invierno-1.jpg","type":"image\/jpeg"}],"author":"Iris L\u00f3pez","twitter_card":"summary_large_image","schema":{"@context":"https:\/\/schema.org","@graph":[{"@type":"Article","@id":"https:\/\/www.lacasadelelectrodomestico.com\/blog\/5-formas-secar-ropa-invierno\/#article","isPartOf":{"@id":"https:\/\/www.lacasadelelectrodomestico.com\/blog\/5-formas-secar-ropa-invierno\/"},"author":{"name":"Iris L\u00f3pez","@id":"https:\/\/www.lacasadelelectrodomestico.com\/blog\/#\/schema\/person\/4531464768a9555d74f5cd073f6ec99d"},"headline":"C\u00f3mo secar la ropa en invierno de forma eficiente","datePublished":"2024-10-02T08:00:26+00:00","dateModified":"2025-07-04T12:58:34+00:00","mainEntityOfPage":{"@id":"https:\/\/www.lacasadelelectrodomestico.com\/blog\/5-formas-secar-ropa-invierno\/"},"wordCount":1095,"commentCount":0,"publisher":{"@id":"https:\/\/www.lacasadelelectrodomestico.com\/blog\/#organization"},"image":{"@id":"https:\/\/www.lacasadelelectrodomestico.com\/blog\/5-formas-secar-ropa-invierno\/#primaryimage"},"thumbnailUrl":"https:\/\/www.lacasadelelectrodomestico.com\/blog\/wp-content\/uploads\/2023\/07\/secar-ropa-invierno-1.jpg","keywords":["ropa en invierno","secar ropa en invierno"],"articleSection":["Climatizaci\u00f3n","Limpieza y ropa"],"inLanguage":"es","potentialAction":[{"@type":"CommentAction","name":"Comment","target":["https:\/\/www.lacasadelelectrodomestico.com\/blog\/5-formas-secar-ropa-invierno\/#respond"]}]},{"@type":"WebPage","@id":"https:\/\/www.lacasadelelectrodomestico.com\/blog\/5-formas-secar-ropa-invierno\/","url":"https:\/\/www.lacasadelelectrodomestico.com\/blog\/5-formas-secar-ropa-invierno\/","name":"Secar ropa en invierno: \u00a15 formas para un secado de calidad!","isPartOf":{"@id":"https:\/\/www.lacasadelelectrodomestico.com\/blog\/#website"},"primaryImageOfPage":{"@id":"https:\/\/www.lacasadelelectrodomestico.com\/blog\/5-formas-secar-ropa-invierno\/#primaryimage"},"image":{"@id":"https:\/\/www.lacasadelelectrodomestico.com\/blog\/5-formas-secar-ropa-invierno\/#primaryimage"},"thumbnailUrl":"https:\/\/www.lacasadelelectrodomestico.com\/blog\/wp-content\/uploads\/2023\/07\/secar-ropa-invierno-1.jpg","datePublished":"2024-10-02T08:00:26+00:00","dateModified":"2025-07-04T12:58:34+00:00","description":"5 opciones para secar ropa en invierno y poder contar con tus prendas en todo momento a pesar de las dificultades de la \u00e9poca.","breadcrumb":{"@id":"https:\/\/www.lacasadelelectrodomestico.com\/blog\/5-formas-secar-ropa-invierno\/#breadcrumb"},"inLanguage":"es","potentialAction":[{"@type":"ReadAction","target":["https:\/\/www.lacasadelelectrodomestico.com\/blog\/5-formas-secar-ropa-invierno\/"]}]},{"@type":"ImageObject","inLanguage":"es","@id":"https:\/\/www.lacasadelelectrodomestico.com\/blog\/5-formas-secar-ropa-invierno\/#primaryimage","url":"https:\/\/www.lacasadelelectrodomestico.com\/blog\/wp-content\/uploads\/2023\/07\/secar-ropa-invierno-1.jpg","contentUrl":"https:\/\/www.lacasadelelectrodomestico.com\/blog\/wp-content\/uploads\/2023\/07\/secar-ropa-invierno-1.jpg","width":1000,"height":640,"caption":"secar ropa en invierno"},{"@type":"BreadcrumbList","@id":"https:\/\/www.lacasadelelectrodomestico.com\/blog\/5-formas-secar-ropa-invierno\/#breadcrumb","itemListElement":[{"@type":"ListItem","position":1,"name":"Blog","item":"https:\/\/www.lacasadelelectrodomestico.com\/blog\/"},{"@type":"ListItem","position":2,"name":"C\u00f3mo secar la ropa en invierno de forma eficiente"}]},{"@type":"WebSite","@id":"https:\/\/www.lacasadelelectrodomestico.com\/blog\/#website","url":"https:\/\/www.lacasadelelectrodomestico.com\/blog\/","name":"Blog de La Casa Del Electrodom\u00e9stico","description":"","publisher":{"@id":"https:\/\/www.lacasadelelectrodomestico.com\/blog\/#organization"},"inLanguage":"es"},{"@type":"Organization","@id":"https:\/\/www.lacasadelelectrodomestico.com\/blog\/#organization","name":"Blog de electrodom\u00e9sticos - La Casa del Electrodom\u00e9stico","url":"https:\/\/www.lacasadelelectrodomestico.com\/blog\/","logo":{"@type":"ImageObject","inLanguage":"es","@id":"https:\/\/www.lacasadelelectrodomestico.com\/blog\/#\/schema\/logo\/image\/","url":"https:\/\/www.lacasadelelectrodomestico.com\/blog\/wp-content\/uploads\/2021\/05\/la-casa-del-electrodomestico-logo.jpg","contentUrl":"https:\/\/www.lacasadelelectrodomestico.com\/blog\/wp-content\/uploads\/2021\/05\/la-casa-del-electrodomestico-logo.jpg","width":300,"height":300,"caption":"Blog de electrodom\u00e9sticos - La Casa del Electrodom\u00e9stico"},"image":{"@id":"https:\/\/www.lacasadelelectrodomestico.com\/blog\/#\/schema\/logo\/image\/"}},{"@type":"Person","@id":"https:\/\/www.lacasadelelectrodomestico.com\/blog\/#\/schema\/person\/4531464768a9555d74f5cd073f6ec99d","name":"Iris L\u00f3pez","image":{"@type":"ImageObject","inLanguage":"es","@id":"https:\/\/www.lacasadelelectrodomestico.com\/blog\/#\/schema\/person\/image\/","url":"https:\/\/secure.gravatar.com\/avatar\/bdb7036f8d1bba50883c880d7254c202a9f32ce3f44bde347cc6dd8183892749?s=96&d=mm&r=g","contentUrl":"https:\/\/secure.gravatar.com\/avatar\/bdb7036f8d1bba50883c880d7254c202a9f32ce3f44bde347cc6dd8183892749?s=96&d=mm&r=g","caption":"Iris L\u00f3pez"},"description":"Comunicaci\u00f3n y Marketing Experta en lavado y secado","sameAs":["https:\/\/www.linkedin.com\/in\/irislopeza\/"]}]}},"_links":{"self":[{"href":"https:\/\/www.lacasadelelectrodomestico.com\/blog\/wp-json\/wp\/v2\/posts\/4439","targetHints":{"allow":["GET"]}}],"collection":[{"href":"https:\/\/www.lacasadelelectrodomestico.com\/blog\/wp-json\/wp\/v2\/posts"}],"about":[{"href":"https:\/\/www.lacasadelelectrodomestico.com\/blog\/wp-json\/wp\/v2\/types\/post"}],"author":[{"embeddable":true,"href":"https:\/\/www.lacasadelelectrodomestico.com\/blog\/wp-json\/wp\/v2\/users\/12"}],"replies":[{"embeddable":true,"href":"https:\/\/www.lacasadelelectrodomestico.com\/blog\/wp-json\/wp\/v2\/comments?post=4439"}],"version-history":[{"count":1,"href":"https:\/\/www.lacasadelelectrodomestico.com\/blog\/wp-json\/wp\/v2\/posts\/4439\/revisions"}],"predecessor-version":[{"id":7306,"href":"https:\/\/www.lacasadelelectrodomestico.com\/blog\/wp-json\/wp\/v2\/posts\/4439\/revisions\/7306"}],"wp:featuredmedia":[{"embeddable":true,"href":"https:\/\/www.lacasadelelectrodomestico.com\/blog\/wp-json\/wp\/v2\/media\/4442"}],"wp:attachment":[{"href":"https:\/\/www.lacasadelelectrodomestico.com\/blog\/wp-json\/wp\/v2\/media?parent=4439"}],"wp:term":[{"taxonomy":"category","embeddable":true,"href":"https:\/\/www.lacasadelelectrodomestico.com\/blog\/wp-json\/wp\/v2\/categories?post=4439"},{"taxonomy":"post_tag","embeddable":true,"href":"https:\/\/www.lacasadelelectrodomestico.com\/blog\/wp-json\/wp\/v2\/tags?post=4439"}],"curies":[{"name":"wp","href":"https:\/\/api.w.org\/{rel}","templated":true}]}}