{"id":4498,"date":"2025-05-17T10:00:00","date_gmt":"2025-05-17T08:00:00","guid":{"rendered":"https:\/\/www.lacasadelelectrodomestico.com\/blog\/?p=4498"},"modified":"2026-01-12T16:17:40","modified_gmt":"2026-01-12T14:17:40","slug":"cafeteras-profesionales","status":"publish","type":"post","link":"https:\/\/www.lacasadelelectrodomestico.com\/blog\/cafeteras-profesionales\/","title":{"rendered":"\u00bfCu\u00e1l es la mejor cafetera profesional para casa?"},"content":{"rendered":"<p><img loading=\"lazy\" decoding=\"async\" class=\"size-full wp-image-4499 alignnone\" src=\"https:\/\/www.lacasadelelectrodomestico.com\/blog\/wp-content\/uploads\/2023\/07\/cafetera-profesional.jpg\" alt=\"Cafetera profesional\" width=\"1100\" height=\"732\" srcset=\"https:\/\/www.lacasadelelectrodomestico.com\/blog\/wp-content\/uploads\/2023\/07\/cafetera-profesional.jpg 1100w, https:\/\/www.lacasadelelectrodomestico.com\/blog\/wp-content\/uploads\/2023\/07\/cafetera-profesional-300x200.jpg 300w, https:\/\/www.lacasadelelectrodomestico.com\/blog\/wp-content\/uploads\/2023\/07\/cafetera-profesional-1024x681.jpg 1024w, https:\/\/www.lacasadelelectrodomestico.com\/blog\/wp-content\/uploads\/2023\/07\/cafetera-profesional-768x511.jpg 768w, https:\/\/www.lacasadelelectrodomestico.com\/blog\/wp-content\/uploads\/2023\/07\/cafetera-profesional-450x299.jpg 450w\" sizes=\"auto, (max-width: 1100px) 100vw, 1100px\" \/><\/p>\n<p><strong>\u00bfTe has preguntado alguna vez cu\u00e1l es la mejor <a href=\"https:\/\/www.lacasadelelectrodomestico.com\/Seccion~x~Cafeteras-automaticas~IDSeccion~938.html\">cafetera profesional<\/a> para casa?<\/strong> Imagina despertar cada ma\u00f1ana con el aroma del caf\u00e9 reci\u00e9n molido y preparado a la perfecci\u00f3n en tu propia cocina. No es necesario ser un barista experto para disfrutar de una taza de caf\u00e9 de calidad profesional en casa, ya que muchos prefieren la tradicional <a href=\"https:\/\/www.lacasadelelectrodomestico.com\/blog\/cafetera-de-moka\/\"><strong>cafetera moka<\/strong><\/a>. Aqu\u00ed te ayudaremos a descubrir las mejores opciones y lo que debes considerar para encontrar la cafetera ideal que se ajuste a tus necesidades y gustos.<\/p>\n<h2>\u00bfQu\u00e9 es una cafetera profesional?<\/h2>\n<p>Una cafetera profesional es un equipo <strong>dise\u00f1ado para preparar caf\u00e9 de alta calidad<\/strong>, similar al que se puede encontrar en cafeter\u00edas especializadas. A diferencia de las cafeteras dom\u00e9sticas, estas m\u00e1quinas est\u00e1n equipadas con caracter\u00edsticas avanzadas que permiten un mayor control sobre el proceso de preparaci\u00f3n del caf\u00e9, como la presi\u00f3n del agua, la temperatura y el grado de molido del caf\u00e9.<\/p>\n<p>Estas cafeteras suelen ser m\u00e1s <strong>robustas y duraderas<\/strong>, lo que las hace ideales para un uso intensivo. Incorporan tecnolog\u00edas que permiten extraer los sabores y aromas m\u00e1s complejos del caf\u00e9, proporcionando una experiencia m\u00e1s rica y satisfactoria. Son perfectas para aquellos que buscan replicar la calidad del caf\u00e9 de una cafeter\u00eda en la comodidad de su hogar.<\/p>\n<h2>Ventajas de usar una cafetera profesional en casa<\/h2>\n<p>Usar una cafetera profesional en casa puede mejorar significativamente tu experiencia de caf\u00e9. Aqu\u00ed tienes algunas de las principales ventajas:<\/p>\n<ul>\n<li><strong>Calidad del caf\u00e9:<\/strong> Disfruta de una taza de caf\u00e9 de calidad barista en la comodidad de tu hogar, con sabores ricos y aromas intensos.<\/li>\n<li><strong>Personalizaci\u00f3n:<\/strong> Ajusta par\u00e1metros como la cantidad de caf\u00e9, la presi\u00f3n y la temperatura del agua para crear tu bebida perfecta.<\/li>\n<li><strong>Durabilidad:<\/strong> Estas m\u00e1quinas est\u00e1n dise\u00f1adas para soportar un uso diario intensivo, asegurando una larga vida \u00fatil.<\/li>\n<li><strong>Variedad de bebidas:<\/strong> Prepara una amplia gama de bebidas, desde espressos intensos hasta capuchinos cremosos, con solo tocar un bot\u00f3n.<\/li>\n<li><strong>Comodidad:<\/strong> Ahorra tiempo y esfuerzo en la preparaci\u00f3n diaria del caf\u00e9, especialmente con modelos superautom\u00e1ticos que realizan todo el proceso autom\u00e1ticamente.<\/li>\n<\/ul>\n<h2>Tipos de cafeteras profesionales<\/h2>\n<p><img loading=\"lazy\" decoding=\"async\" class=\"alignnone size-full wp-image-5833\" src=\"https:\/\/www.lacasadelelectrodomestico.com\/blog\/wp-content\/uploads\/2024\/05\/Tipos-de-cafeteras-profesionales.jpg\" alt=\"Tipos de cafeteras profesionales\" width=\"1000\" height=\"666\" srcset=\"https:\/\/www.lacasadelelectrodomestico.com\/blog\/wp-content\/uploads\/2024\/05\/Tipos-de-cafeteras-profesionales.jpg 1000w, https:\/\/www.lacasadelelectrodomestico.com\/blog\/wp-content\/uploads\/2024\/05\/Tipos-de-cafeteras-profesionales-300x200.jpg 300w, https:\/\/www.lacasadelelectrodomestico.com\/blog\/wp-content\/uploads\/2024\/05\/Tipos-de-cafeteras-profesionales-768x511.jpg 768w, https:\/\/www.lacasadelelectrodomestico.com\/blog\/wp-content\/uploads\/2024\/05\/Tipos-de-cafeteras-profesionales-450x300.jpg 450w\" sizes=\"auto, (max-width: 1000px) 100vw, 1000px\" \/><\/p>\n<p>Existen varios tipos de cafeteras profesionales dise\u00f1adas para satisfacer diferentes necesidades y preferencias.<\/p>\n<h3>Cafeteras superautom\u00e1ticas<\/h3>\n<p>Las <a href=\"https:\/\/www.lacasadelelectrodomestico.com\/blog\/mejor-cafetera-superautomatica\/\">cafeteras superautom\u00e1ticas<\/a> son ideales para quienes buscan m\u00e1xima comodidad. Estas m\u00e1quinas <strong>realizan todo el proceso de preparaci\u00f3n autom\u00e1ticamente<\/strong>, desde moler los granos hasta servir el caf\u00e9 en la taza. Solo necesitas seleccionar tus preferencias en la pantalla y la cafetera se encarga del resto. Son perfectas para hogares con varias personas que tienen diferentes gustos, ya que pueden preparar una variedad de bebidas con solo tocar un bot\u00f3n.<\/p>\n<h3>Cafeteras express<\/h3>\n<p>Las cafeteras express son perfectas para los entusiastas del caf\u00e9 que disfrutan del proceso manual de preparaci\u00f3n. <strong>Ofrecen un mayor control sobre par\u00e1metros como la cantidad de caf\u00e9 y el tiempo de extracci\u00f3n<\/strong>. Estas m\u00e1quinas permiten experimentar con diferentes t\u00e9cnicas y recetas, resultando en una experiencia m\u00e1s personalizada. Aunque requieren un poco m\u00e1s de esfuerzo y conocimiento, pueden producir un caf\u00e9 de calidad superior que satisface a los verdaderos amantes del caf\u00e9.<\/p>\n<h2>Factores a considerar al comprar una cafetera profesional<\/h2>\n<p>Al elegir una cafetera profesional para casa, es importante tener en cuenta varios aspectos para asegurarte de hacer la mejor elecci\u00f3n.<\/p>\n<h3>Capacidad y tama\u00f1o<\/h3>\n<p>La capacidad y el tama\u00f1o de la cafetera son fundamentales. Si tienes una <a href=\"https:\/\/www.lacasadelelectrodomestico.com\/blog\/decorar-cocina-pequena\/\">cocina peque\u00f1a<\/a>, necesitar\u00e1s una m\u00e1quina compacta <strong>que no ocupe demasiado espacio<\/strong>. Si en tu hogar se consume mucho caf\u00e9, una cafetera con mayor capacidad de agua y granos ser\u00e1 m\u00e1s conveniente. Adem\u00e1s, considera el tama\u00f1o del dep\u00f3sito de residuos, ya que una mayor capacidad reducir\u00e1 la frecuencia de vaciado.<\/p>\n<h3>Facilidad de uso y mantenimiento<\/h3>\n<p>La facilidad de uso y mantenimiento es esencial para una experiencia agradable. Busca modelos con <strong>interfaces intuitivas<\/strong> y <strong>funciones automatizadas<\/strong> que simplifiquen el proceso de preparaci\u00f3n del caf\u00e9. Las cafeteras con programas de auto-limpieza y piezas desmontables son m\u00e1s f\u00e1ciles de mantener en buen estado. Mantener la cafetera limpia no solo prolonga su vida \u00fatil, sino que tambi\u00e9n asegura un caf\u00e9 de mejor sabor.<\/p>\n<h3>Funciones y personalizaci\u00f3n<\/h3>\n<p>Las funciones adicionales y la capacidad de personalizaci\u00f3n son aspectos importantes. Algunas cafeteras permiten ajustar par\u00e1metros como la <strong>temperatura del agua y el grado de molido del caf\u00e9<\/strong>. Otras ofrecen programas autom\u00e1ticos para diferentes tipos de bebidas, desde <strong>espressos<\/strong> hasta <strong>capuchinos<\/strong>. Estas caracter\u00edsticas te permiten experimentar y encontrar la configuraci\u00f3n perfecta para tu caf\u00e9 ideal, asegurando que cada taza sea exactamente como te gusta.<\/p>\n<p><strong>La mejor cafetera profesional para casa:<\/strong><\/p>\n<section class=\"section_shortcode_products\"><div class=\"container_button\"><a href=\"https:\/\/www.lacasadelelectrodomestico.com\/Seccion~x~Cafeteras-automaticas~IDSeccion~938.html\">Ver m\u00e1s<i><svg width=\"24\" height=\"24\" viewBox=\"0 0 24 24\" fill=\"none\" xmlns=\"http:\/\/www.w3.org\/2000\/svg\"><path fill-rule=\"evenodd\" clip-rule=\"evenodd\" d=\"M2.00039 13.0002L17.6004 13.0002L15.3004 15.3002L16.7004 16.7002L21.4004 12.0002L16.7004 7.3002L15.3004 8.70019L17.6004 11.0002L2.00039 11.0002L2.00039 13.0002Z\" fill=\"#333333\"><\/path><\/svg>\n<\/i><\/a><\/div><div class=\"shortcode_products\"><\/div><\/section>\n<h2>Marcas recomendadas de cafeteras express<\/h2>\n<p>Al buscar una cafetera express, es importante considerar marcas reconocidas por su calidad y durabilidad.<\/p>\n<h3>Miele<\/h3>\n<p>Miele es sin\u00f3nimo de calidad y durabilidad. Sus <a href=\"https:\/\/www.lacasadelelectrodomestico.com\/Seccion~x~Cafeteras-miele~IDSeccion~1322.html\">cafeteras Miele<\/a> express est\u00e1n dise\u00f1adas para ofrecer un <strong>rendimiento excelente durante muchos a\u00f1os<\/strong>. Con un dise\u00f1o elegante y una tecnolog\u00eda avanzada, las m\u00e1quinas Miele permiten un control preciso sobre cada aspecto de la preparaci\u00f3n del caf\u00e9. Son ideales para quienes buscan una experiencia de caf\u00e9 premium en casa.<\/p>\n<h3>Cecotec<\/h3>\n<p>Las <a href=\"https:\/\/www.lacasadelelectrodomestico.com\/Seccion~x~Cafeteras-cecotec~IDSeccion~1169.html\">cafeteras Cecotec<\/a> destacan <strong>equipos de alta calidad a precios accesibles<\/strong>. Sus m\u00e1quinas son conocidas por su facilidad de uso y sus m\u00faltiples funciones, que permiten preparar una amplia variedad de bebidas. Cecotec es una excelente opci\u00f3n para quienes buscan una buena relaci\u00f3n calidad-precio sin sacrificar la calidad del caf\u00e9.<\/p>\n<h2>Mejores modelos de cafeteras profesionales<\/h2>\n<p>Existen muchos modelos de cafeteras profesionales en el mercado, cada uno con sus propias caracter\u00edsticas y beneficios. Aqu\u00ed te presentamos algunos de los mejores.<\/p>\n<h3>Philips LM8012\/00<\/h3>\n<p><img loading=\"lazy\" decoding=\"async\" class=\"size-full wp-image-5827 aligncenter\" src=\"https:\/\/www.lacasadelelectrodomestico.com\/blog\/wp-content\/uploads\/2023\/09\/Philips-LM801200.jpg\" alt=\"Philips LM801200\" width=\"208\" height=\"300\" \/><\/p>\n<p>Este <a href=\"https:\/\/www.lacasadelelectrodomestico.com\/Articulo~x~Philips-lm8012-00-cafetera-de-capsulas-lor-barista-19-bares~IDArticulo~179139.html\">modelo de Philips<\/a> es conocido por su <strong>facilidad de uso<\/strong> y su <strong>dise\u00f1o intuitivo<\/strong>. Es ideal para quienes buscan una experiencia de caf\u00e9 sin complicaciones. Sus funciones autom\u00e1ticas y opciones de personalizaci\u00f3n hacen que preparar un caf\u00e9 perfecto sea muy sencillo.<\/p>\n<h4>Ventajas<\/h4>\n<ul>\n<li>F\u00e1cil de usar con una interfaz intuitiva<\/li>\n<li>Funci\u00f3n de auto-limpieza<\/li>\n<li>Permite ajustes de temperatura y molido<\/li>\n<li>Dise\u00f1o elegante y moderno<\/li>\n<\/ul>\n<h4>Desventajas<\/h4>\n<ul>\n<li>Ocupa mucho espacio<\/li>\n<li>Puede ser costosa<\/li>\n<\/ul>\n<h3>Solac CE4502<\/h3>\n<p><img loading=\"lazy\" decoding=\"async\" class=\"size-full wp-image-5828 aligncenter\" src=\"https:\/\/www.lacasadelelectrodomestico.com\/blog\/wp-content\/uploads\/2023\/09\/Solac-CE4502.jpg\" alt=\"Solac CE4502\" width=\"266\" height=\"300\" \/><\/p>\n<p>La <a href=\"https:\/\/www.lacasadelelectrodomestico.com\/Articulo~x~Solac-ce4502-cafetera-espresso-squissita-easy-graphite-20-bar-1050w~IDArticulo~185584.html\">Solac CE4502<\/a> es una <strong>opci\u00f3n compacta y asequible<\/strong>, ideal para quienes tienen un espacio limitado. Aunque es m\u00e1s peque\u00f1a, no sacrifica la calidad del caf\u00e9. Es perfecta para quienes buscan una m\u00e1quina eficiente sin un precio elevado.<\/p>\n<h4>Ventajas<\/h4>\n<ul>\n<li>Compacta y ligera<\/li>\n<li>Buen rendimiento a un precio accesible<\/li>\n<li>Materiales de alta calidad<\/li>\n<\/ul>\n<h4>Desventajas<\/h4>\n<ul>\n<li>Capacidad limitada de agua<\/li>\n<li>Sin funciones avanzadas de personalizaci\u00f3n<\/li>\n<\/ul>\n<h3>Miele CVA 7440 Brws<\/h3>\n<p><img loading=\"lazy\" decoding=\"async\" class=\"size-full wp-image-5829 aligncenter\" src=\"https:\/\/www.lacasadelelectrodomestico.com\/blog\/wp-content\/uploads\/2023\/09\/Miele-CVA-7440-Brws.jpg\" alt=\"Cepillo Miele CVA 7440\" width=\"397\" height=\"300\" srcset=\"https:\/\/www.lacasadelelectrodomestico.com\/blog\/wp-content\/uploads\/2023\/09\/Miele-CVA-7440-Brws.jpg 397w, https:\/\/www.lacasadelelectrodomestico.com\/blog\/wp-content\/uploads\/2023\/09\/Miele-CVA-7440-Brws-300x227.jpg 300w\" sizes=\"auto, (max-width: 397px) 100vw, 397px\" \/><\/p>\n<p>Este <a href=\"https:\/\/www.lacasadelelectrodomestico.com\/Articulo~x~maquinas-de-cafe-empotrables-cafe-en-grano-cva-7440-brws-11163040~IDArticulo~185266.html\">modelo de Miele<\/a> combina <strong>elegancia y funcionalidad<\/strong>. Ofrece una amplia gama de opciones de personalizaci\u00f3n, lo que la convierte en una excelente opci\u00f3n para los amantes del caf\u00e9 que buscan variedad y calidad.<\/p>\n<h4>Ventajas<\/h4>\n<ul>\n<li>Dise\u00f1o elegante y moderno<\/li>\n<li>Amplias opciones de personalizaci\u00f3n<\/li>\n<li>Funci\u00f3n de limpieza autom\u00e1tica<\/li>\n<\/ul>\n<h4>Desventajas<\/h4>\n<ul>\n<li>Precio elevado<\/li>\n<li>Requiere un espacio considerable<\/li>\n<\/ul>\n<h3>Cecotec 01557<\/h3>\n<p><img loading=\"lazy\" decoding=\"async\" class=\"size-full wp-image-5830 aligncenter\" src=\"https:\/\/www.lacasadelelectrodomestico.com\/blog\/wp-content\/uploads\/2023\/09\/Cecotec-01557.jpg\" alt=\"Cecotec 01557\" width=\"247\" height=\"300\" \/><\/p>\n<p>La <a href=\"https:\/\/www.lacasadelelectrodomestico.com\/Articulo~x~Cecotec-01557-cafetera-semiautomatica-power-instantccino-touch-blanca~IDArticulo~175410.html\">Cecotec 01557<\/a> ofrece una <strong>excelente relaci\u00f3n calidad-precio<\/strong>. Con funciones como el vaporizador y ajustes de presi\u00f3n y temperatura, es ideal para quienes buscan una m\u00e1quina vers\u00e1til sin gastar demasiado.<\/p>\n<h4>Ventajas<\/h4>\n<ul>\n<li>Excelente relaci\u00f3n calidad-precio<\/li>\n<li>Funci\u00f3n de vaporizador<\/li>\n<li>Ajustes de presi\u00f3n y temperatura<\/li>\n<\/ul>\n<h4>Desventajas<\/h4>\n<ul>\n<li>Mantenimiento m\u00e1s frecuente<\/li>\n<li>No es tan duradera como otras opciones<\/li>\n<\/ul>\n<h3>Krups EA82FB10<\/h3>\n<p><img loading=\"lazy\" decoding=\"async\" class=\"size-full wp-image-5831 aligncenter\" src=\"https:\/\/www.lacasadelelectrodomestico.com\/blog\/wp-content\/uploads\/2023\/09\/Krups-EA82FB10.jpg\" alt=\"Krups EA82FB10\" width=\"261\" height=\"300\" \/><\/p>\n<p>La <a href=\"https:\/\/www.lacasadelelectrodomestico.com\/Articulo~x~Krups-ea82fb10-cafetera-expresseria-quattro-force-1450w-1-7-l-inox~IDArticulo~172279.html\">Krups EA82FB10<\/a> es una <strong>opci\u00f3n compacta y eficiente<\/strong>. Es ideal para aquellos que buscan una m\u00e1quina r\u00e1pida y f\u00e1cil de usar, con buenas opciones de personalizaci\u00f3n y un dise\u00f1o que se adapta a cualquier cocina.<\/p>\n<h4>Ventajas<\/h4>\n<ul>\n<li>R\u00e1pida y eficiente<\/li>\n<li>Buenas opciones de personalizaci\u00f3n<\/li>\n<li>Dise\u00f1o compacto<\/li>\n<\/ul>\n<h4>Desventajas<\/h4>\n<ul>\n<li>Menor capacidad de agua<\/li>\n<li>Menos robusta que otros modelos<\/li>\n<\/ul>\n<h2>C\u00f3mo sacar el mejor provecho a tu cafetera profesional<\/h2>\n<p>Para aprovechar al m\u00e1ximo tu cafetera profesional y disfrutar de un caf\u00e9 perfecto en casa, sigue estos consejos pr\u00e1cticos:<\/p>\n<ul>\n<li><strong>Usa granos de caf\u00e9 frescos y de alta calidad:<\/strong> La calidad del caf\u00e9 que utilices influye directamente en el sabor de tu bebida. Opta por granos reci\u00e9n tostados y m\u00f3lelos justo antes de preparar tu caf\u00e9.<\/li>\n<li><strong>Ajusta correctamente la molienda:<\/strong> Experimenta con diferentes grados de molido para encontrar el que mejor se adapte a tu gusto. Un molido adecuado permite una mejor extracci\u00f3n del sabor.<\/li>\n<li><strong>Mant\u00e9n la cafetera limpia:<\/strong> Limpia regularmente todas las partes de la cafetera, especialmente los componentes que entran en contacto con el caf\u00e9 y el agua. Esto asegura un mejor sabor y prolonga la vida \u00fatil de la m\u00e1quina.<\/li>\n<li><strong>Usa agua de buena calidad:<\/strong> El agua es un componente esencial del caf\u00e9. Utiliza agua filtrada o embotellada para evitar que los minerales y las impurezas afecten el sabor de tu caf\u00e9.<\/li>\n<li><strong>Personaliza las configuraciones:<\/strong> Aprovecha las funciones de personalizaci\u00f3n de tu cafetera para ajustar la temperatura, la presi\u00f3n y la cantidad de agua seg\u00fan tus preferencias. Esto te permitir\u00e1 disfrutar de un caf\u00e9 hecho a tu medida.<\/li>\n<li><strong>Descalcifica regularmente:<\/strong> Realiza un descalcificado peri\u00f3dico seg\u00fan las recomendaciones del fabricante para mantener el rendimiento \u00f3ptimo de tu cafetera y evitar la acumulaci\u00f3n de minerales.<\/li>\n<li><strong>Usa un espumador de leche:<\/strong> Para preparar caf\u00e9s espumosos, como el capuchino, en <a href=\"https:\/\/www.lacasadelelectrodomestico.com\/Seccion~x~Espumadores-de-leche~IDSeccion~359.html\">espumador de leche<\/a> es el complemento perfecto.<\/li>\n<\/ul>\n<p>Una cafetera profesional puede transformar tu experiencia de caf\u00e9 en casa, ofreci\u00e9ndote calidad y personalizaci\u00f3n. En nuestra tienda tenemos una selecci\u00f3n de las <a href=\"https:\/\/www.lacasadelelectrodomestico.com\/blog\/elegir-cafetera\/\">mejores cafeteras del mercado<\/a>. Explora nuestras opciones y encuentra la cafetera perfecta para ti. \u00a1Haz tu compra hoy y disfruta del caf\u00e9 de calidad barista en tu hogar.<\/p>\n","protected":false},"excerpt":{"rendered":"<p>\u00bfTe has preguntado alguna vez cu\u00e1l es la mejor cafetera profesional para casa? Imagina despertar cada ma\u00f1ana con el aroma del caf\u00e9 reci\u00e9n molido y preparado a la perfecci\u00f3n en tu propia cocina. No es necesario ser un barista experto para disfrutar de una taza de caf\u00e9 de calidad profesional en casa, ya que muchos [&hellip;]<\/p>\n","protected":false},"author":14,"featured_media":4499,"comment_status":"open","ping_status":"open","sticky":false,"template":"","format":"standard","meta":{"footnotes":""},"categories":[1],"tags":[175,176],"class_list":["post-4498","post","type-post","status-publish","format-standard","has-post-thumbnail","hentry","category-cocina","tag-cafeteras","tag-cafeteras-profesionales"],"yoast_head":"<!-- This site is optimized with the Yoast SEO plugin v26.1.1 - https:\/\/yoast.com\/wordpress\/plugins\/seo\/ -->\n<title>La Mejor Cafetera Profesional para Casa en 2025: Gu\u00eda de Compra<\/title>\n<meta name=\"description\" content=\"Mejor cafetera profesional para casa. Descubre las opciones m\u00e1s destacadas del mercado. \u00a1Elige la tuya ahora!\" \/>\n<meta name=\"robots\" content=\"index, follow, max-snippet:-1, max-image-preview:large, max-video-preview:-1\" \/>\n<link rel=\"canonical\" href=\"https:\/\/www.lacasadelelectrodomestico.com\/blog\/cafeteras-profesionales\/\" \/>\n<meta property=\"og:locale\" content=\"es_ES\" \/>\n<meta property=\"og:type\" content=\"article\" \/>\n<meta property=\"og:title\" content=\"La Mejor Cafetera Profesional para Casa en 2025: Gu\u00eda de Compra\" \/>\n<meta property=\"og:description\" content=\"Mejor cafetera profesional para casa. Descubre las opciones m\u00e1s destacadas del mercado. \u00a1Elige la tuya ahora!\" \/>\n<meta property=\"og:url\" content=\"https:\/\/www.lacasadelelectrodomestico.com\/blog\/cafeteras-profesionales\/\" \/>\n<meta property=\"og:site_name\" content=\"Blog de La Casa Del Electrodom\u00e9stico\" \/>\n<meta property=\"article:published_time\" content=\"2025-05-17T08:00:00+00:00\" \/>\n<meta property=\"article:modified_time\" content=\"2026-01-12T14:17:40+00:00\" \/>\n<meta property=\"og:image\" content=\"https:\/\/www.lacasadelelectrodomestico.com\/blog\/wp-content\/uploads\/2023\/07\/cafetera-profesional.jpg\" \/>\n\t<meta property=\"og:image:width\" content=\"1100\" \/>\n\t<meta property=\"og:image:height\" content=\"732\" \/>\n\t<meta property=\"og:image:type\" content=\"image\/jpeg\" \/>\n<meta name=\"author\" content=\"Puri M\u00e9ndez Canales\" \/>\n<meta name=\"twitter:card\" content=\"summary_large_image\" \/>\n<script type=\"application\/ld+json\" class=\"yoast-schema-graph\">{\"@context\":\"https:\/\/schema.org\",\"@graph\":[{\"@type\":\"Article\",\"@id\":\"https:\/\/www.lacasadelelectrodomestico.com\/blog\/cafeteras-profesionales\/#article\",\"isPartOf\":{\"@id\":\"https:\/\/www.lacasadelelectrodomestico.com\/blog\/cafeteras-profesionales\/\"},\"author\":{\"name\":\"Puri M\u00e9ndez Canales\",\"@id\":\"https:\/\/www.lacasadelelectrodomestico.com\/blog\/#\/schema\/person\/e1914473fabe556b81569a86b0377163\"},\"headline\":\"\u00bfCu\u00e1l es la mejor cafetera profesional para casa?\",\"datePublished\":\"2025-05-17T08:00:00+00:00\",\"dateModified\":\"2026-01-12T14:17:40+00:00\",\"mainEntityOfPage\":{\"@id\":\"https:\/\/www.lacasadelelectrodomestico.com\/blog\/cafeteras-profesionales\/\"},\"wordCount\":1795,\"commentCount\":0,\"publisher\":{\"@id\":\"https:\/\/www.lacasadelelectrodomestico.com\/blog\/#organization\"},\"image\":{\"@id\":\"https:\/\/www.lacasadelelectrodomestico.com\/blog\/cafeteras-profesionales\/#primaryimage\"},\"thumbnailUrl\":\"https:\/\/www.lacasadelelectrodomestico.com\/blog\/wp-content\/uploads\/2023\/07\/cafetera-profesional.jpg\",\"keywords\":[\"cafeteras\",\"cafeteras profesionales\"],\"articleSection\":[\"Cocina\"],\"inLanguage\":\"es\",\"potentialAction\":[{\"@type\":\"CommentAction\",\"name\":\"Comment\",\"target\":[\"https:\/\/www.lacasadelelectrodomestico.com\/blog\/cafeteras-profesionales\/#respond\"]}]},{\"@type\":\"WebPage\",\"@id\":\"https:\/\/www.lacasadelelectrodomestico.com\/blog\/cafeteras-profesionales\/\",\"url\":\"https:\/\/www.lacasadelelectrodomestico.com\/blog\/cafeteras-profesionales\/\",\"name\":\"La Mejor Cafetera Profesional para Casa en 2025: Gu\u00eda de Compra\",\"isPartOf\":{\"@id\":\"https:\/\/www.lacasadelelectrodomestico.com\/blog\/#website\"},\"primaryImageOfPage\":{\"@id\":\"https:\/\/www.lacasadelelectrodomestico.com\/blog\/cafeteras-profesionales\/#primaryimage\"},\"image\":{\"@id\":\"https:\/\/www.lacasadelelectrodomestico.com\/blog\/cafeteras-profesionales\/#primaryimage\"},\"thumbnailUrl\":\"https:\/\/www.lacasadelelectrodomestico.com\/blog\/wp-content\/uploads\/2023\/07\/cafetera-profesional.jpg\",\"datePublished\":\"2025-05-17T08:00:00+00:00\",\"dateModified\":\"2026-01-12T14:17:40+00:00\",\"description\":\"Mejor cafetera profesional para casa. Descubre las opciones m\u00e1s destacadas del mercado. \u00a1Elige la tuya ahora!\",\"breadcrumb\":{\"@id\":\"https:\/\/www.lacasadelelectrodomestico.com\/blog\/cafeteras-profesionales\/#breadcrumb\"},\"inLanguage\":\"es\",\"potentialAction\":[{\"@type\":\"ReadAction\",\"target\":[\"https:\/\/www.lacasadelelectrodomestico.com\/blog\/cafeteras-profesionales\/\"]}]},{\"@type\":\"ImageObject\",\"inLanguage\":\"es\",\"@id\":\"https:\/\/www.lacasadelelectrodomestico.com\/blog\/cafeteras-profesionales\/#primaryimage\",\"url\":\"https:\/\/www.lacasadelelectrodomestico.com\/blog\/wp-content\/uploads\/2023\/07\/cafetera-profesional.jpg\",\"contentUrl\":\"https:\/\/www.lacasadelelectrodomestico.com\/blog\/wp-content\/uploads\/2023\/07\/cafetera-profesional.jpg\",\"width\":1100,\"height\":732,\"caption\":\"Cafetera profesional\"},{\"@type\":\"BreadcrumbList\",\"@id\":\"https:\/\/www.lacasadelelectrodomestico.com\/blog\/cafeteras-profesionales\/#breadcrumb\",\"itemListElement\":[{\"@type\":\"ListItem\",\"position\":1,\"name\":\"Blog\",\"item\":\"https:\/\/www.lacasadelelectrodomestico.com\/blog\/\"},{\"@type\":\"ListItem\",\"position\":2,\"name\":\"\u00bfCu\u00e1l es la mejor cafetera profesional para casa?\"}]},{\"@type\":\"WebSite\",\"@id\":\"https:\/\/www.lacasadelelectrodomestico.com\/blog\/#website\",\"url\":\"https:\/\/www.lacasadelelectrodomestico.com\/blog\/\",\"name\":\"Blog de La Casa Del Electrodom\u00e9stico\",\"description\":\"\",\"publisher\":{\"@id\":\"https:\/\/www.lacasadelelectrodomestico.com\/blog\/#organization\"},\"inLanguage\":\"es\"},{\"@type\":\"Organization\",\"@id\":\"https:\/\/www.lacasadelelectrodomestico.com\/blog\/#organization\",\"name\":\"Blog de electrodom\u00e9sticos - La Casa del Electrodom\u00e9stico\",\"url\":\"https:\/\/www.lacasadelelectrodomestico.com\/blog\/\",\"logo\":{\"@type\":\"ImageObject\",\"inLanguage\":\"es\",\"@id\":\"https:\/\/www.lacasadelelectrodomestico.com\/blog\/#\/schema\/logo\/image\/\",\"url\":\"https:\/\/www.lacasadelelectrodomestico.com\/blog\/wp-content\/uploads\/2021\/05\/la-casa-del-electrodomestico-logo.jpg\",\"contentUrl\":\"https:\/\/www.lacasadelelectrodomestico.com\/blog\/wp-content\/uploads\/2021\/05\/la-casa-del-electrodomestico-logo.jpg\",\"width\":300,\"height\":300,\"caption\":\"Blog de electrodom\u00e9sticos - La Casa del Electrodom\u00e9stico\"},\"image\":{\"@id\":\"https:\/\/www.lacasadelelectrodomestico.com\/blog\/#\/schema\/logo\/image\/\"}},{\"@type\":\"Person\",\"@id\":\"https:\/\/www.lacasadelelectrodomestico.com\/blog\/#\/schema\/person\/e1914473fabe556b81569a86b0377163\",\"name\":\"Puri M\u00e9ndez Canales\",\"image\":{\"@type\":\"ImageObject\",\"inLanguage\":\"es\",\"@id\":\"https:\/\/www.lacasadelelectrodomestico.com\/blog\/#\/schema\/person\/image\/\",\"url\":\"https:\/\/secure.gravatar.com\/avatar\/e95f2b36a9d90c9183df52d57a9c38edaeea2bf6955dccbfcd689f4f0b49dec2?s=96&d=mm&r=g\",\"contentUrl\":\"https:\/\/secure.gravatar.com\/avatar\/e95f2b36a9d90c9183df52d57a9c38edaeea2bf6955dccbfcd689f4f0b49dec2?s=96&d=mm&r=g\",\"caption\":\"Puri M\u00e9ndez Canales\"},\"description\":\"Dependienta en tienda f\u00edsica. Especialista en productos de imagen personal y peque\u00f1os electrodom\u00e9sticos.\"}]}<\/script>\n<!-- \/ Yoast SEO plugin. -->","yoast_head_json":{"title":"La Mejor Cafetera Profesional para Casa en 2025: Gu\u00eda de Compra","description":"Mejor cafetera profesional para casa. Descubre las opciones m\u00e1s destacadas del mercado. \u00a1Elige la tuya ahora!","robots":{"index":"index","follow":"follow","max-snippet":"max-snippet:-1","max-image-preview":"max-image-preview:large","max-video-preview":"max-video-preview:-1"},"canonical":"https:\/\/www.lacasadelelectrodomestico.com\/blog\/cafeteras-profesionales\/","og_locale":"es_ES","og_type":"article","og_title":"La Mejor Cafetera Profesional para Casa en 2025: Gu\u00eda de Compra","og_description":"Mejor cafetera profesional para casa. Descubre las opciones m\u00e1s destacadas del mercado. \u00a1Elige la tuya ahora!","og_url":"https:\/\/www.lacasadelelectrodomestico.com\/blog\/cafeteras-profesionales\/","og_site_name":"Blog de La Casa Del Electrodom\u00e9stico","article_published_time":"2025-05-17T08:00:00+00:00","article_modified_time":"2026-01-12T14:17:40+00:00","og_image":[{"width":1100,"height":732,"url":"https:\/\/www.lacasadelelectrodomestico.com\/blog\/wp-content\/uploads\/2023\/07\/cafetera-profesional.jpg","type":"image\/jpeg"}],"author":"Puri M\u00e9ndez Canales","twitter_card":"summary_large_image","schema":{"@context":"https:\/\/schema.org","@graph":[{"@type":"Article","@id":"https:\/\/www.lacasadelelectrodomestico.com\/blog\/cafeteras-profesionales\/#article","isPartOf":{"@id":"https:\/\/www.lacasadelelectrodomestico.com\/blog\/cafeteras-profesionales\/"},"author":{"name":"Puri M\u00e9ndez Canales","@id":"https:\/\/www.lacasadelelectrodomestico.com\/blog\/#\/schema\/person\/e1914473fabe556b81569a86b0377163"},"headline":"\u00bfCu\u00e1l es la mejor cafetera profesional para casa?","datePublished":"2025-05-17T08:00:00+00:00","dateModified":"2026-01-12T14:17:40+00:00","mainEntityOfPage":{"@id":"https:\/\/www.lacasadelelectrodomestico.com\/blog\/cafeteras-profesionales\/"},"wordCount":1795,"commentCount":0,"publisher":{"@id":"https:\/\/www.lacasadelelectrodomestico.com\/blog\/#organization"},"image":{"@id":"https:\/\/www.lacasadelelectrodomestico.com\/blog\/cafeteras-profesionales\/#primaryimage"},"thumbnailUrl":"https:\/\/www.lacasadelelectrodomestico.com\/blog\/wp-content\/uploads\/2023\/07\/cafetera-profesional.jpg","keywords":["cafeteras","cafeteras profesionales"],"articleSection":["Cocina"],"inLanguage":"es","potentialAction":[{"@type":"CommentAction","name":"Comment","target":["https:\/\/www.lacasadelelectrodomestico.com\/blog\/cafeteras-profesionales\/#respond"]}]},{"@type":"WebPage","@id":"https:\/\/www.lacasadelelectrodomestico.com\/blog\/cafeteras-profesionales\/","url":"https:\/\/www.lacasadelelectrodomestico.com\/blog\/cafeteras-profesionales\/","name":"La Mejor Cafetera Profesional para Casa en 2025: Gu\u00eda de Compra","isPartOf":{"@id":"https:\/\/www.lacasadelelectrodomestico.com\/blog\/#website"},"primaryImageOfPage":{"@id":"https:\/\/www.lacasadelelectrodomestico.com\/blog\/cafeteras-profesionales\/#primaryimage"},"image":{"@id":"https:\/\/www.lacasadelelectrodomestico.com\/blog\/cafeteras-profesionales\/#primaryimage"},"thumbnailUrl":"https:\/\/www.lacasadelelectrodomestico.com\/blog\/wp-content\/uploads\/2023\/07\/cafetera-profesional.jpg","datePublished":"2025-05-17T08:00:00+00:00","dateModified":"2026-01-12T14:17:40+00:00","description":"Mejor cafetera profesional para casa. Descubre las opciones m\u00e1s destacadas del mercado. \u00a1Elige la tuya ahora!","breadcrumb":{"@id":"https:\/\/www.lacasadelelectrodomestico.com\/blog\/cafeteras-profesionales\/#breadcrumb"},"inLanguage":"es","potentialAction":[{"@type":"ReadAction","target":["https:\/\/www.lacasadelelectrodomestico.com\/blog\/cafeteras-profesionales\/"]}]},{"@type":"ImageObject","inLanguage":"es","@id":"https:\/\/www.lacasadelelectrodomestico.com\/blog\/cafeteras-profesionales\/#primaryimage","url":"https:\/\/www.lacasadelelectrodomestico.com\/blog\/wp-content\/uploads\/2023\/07\/cafetera-profesional.jpg","contentUrl":"https:\/\/www.lacasadelelectrodomestico.com\/blog\/wp-content\/uploads\/2023\/07\/cafetera-profesional.jpg","width":1100,"height":732,"caption":"Cafetera profesional"},{"@type":"BreadcrumbList","@id":"https:\/\/www.lacasadelelectrodomestico.com\/blog\/cafeteras-profesionales\/#breadcrumb","itemListElement":[{"@type":"ListItem","position":1,"name":"Blog","item":"https:\/\/www.lacasadelelectrodomestico.com\/blog\/"},{"@type":"ListItem","position":2,"name":"\u00bfCu\u00e1l es la mejor cafetera profesional para casa?"}]},{"@type":"WebSite","@id":"https:\/\/www.lacasadelelectrodomestico.com\/blog\/#website","url":"https:\/\/www.lacasadelelectrodomestico.com\/blog\/","name":"Blog de La Casa Del Electrodom\u00e9stico","description":"","publisher":{"@id":"https:\/\/www.lacasadelelectrodomestico.com\/blog\/#organization"},"inLanguage":"es"},{"@type":"Organization","@id":"https:\/\/www.lacasadelelectrodomestico.com\/blog\/#organization","name":"Blog de electrodom\u00e9sticos - La Casa del Electrodom\u00e9stico","url":"https:\/\/www.lacasadelelectrodomestico.com\/blog\/","logo":{"@type":"ImageObject","inLanguage":"es","@id":"https:\/\/www.lacasadelelectrodomestico.com\/blog\/#\/schema\/logo\/image\/","url":"https:\/\/www.lacasadelelectrodomestico.com\/blog\/wp-content\/uploads\/2021\/05\/la-casa-del-electrodomestico-logo.jpg","contentUrl":"https:\/\/www.lacasadelelectrodomestico.com\/blog\/wp-content\/uploads\/2021\/05\/la-casa-del-electrodomestico-logo.jpg","width":300,"height":300,"caption":"Blog de electrodom\u00e9sticos - La Casa del Electrodom\u00e9stico"},"image":{"@id":"https:\/\/www.lacasadelelectrodomestico.com\/blog\/#\/schema\/logo\/image\/"}},{"@type":"Person","@id":"https:\/\/www.lacasadelelectrodomestico.com\/blog\/#\/schema\/person\/e1914473fabe556b81569a86b0377163","name":"Puri M\u00e9ndez Canales","image":{"@type":"ImageObject","inLanguage":"es","@id":"https:\/\/www.lacasadelelectrodomestico.com\/blog\/#\/schema\/person\/image\/","url":"https:\/\/secure.gravatar.com\/avatar\/e95f2b36a9d90c9183df52d57a9c38edaeea2bf6955dccbfcd689f4f0b49dec2?s=96&d=mm&r=g","contentUrl":"https:\/\/secure.gravatar.com\/avatar\/e95f2b36a9d90c9183df52d57a9c38edaeea2bf6955dccbfcd689f4f0b49dec2?s=96&d=mm&r=g","caption":"Puri M\u00e9ndez Canales"},"description":"Dependienta en tienda f\u00edsica. Especialista en productos de imagen personal y peque\u00f1os electrodom\u00e9sticos."}]}},"_links":{"self":[{"href":"https:\/\/www.lacasadelelectrodomestico.com\/blog\/wp-json\/wp\/v2\/posts\/4498","targetHints":{"allow":["GET"]}}],"collection":[{"href":"https:\/\/www.lacasadelelectrodomestico.com\/blog\/wp-json\/wp\/v2\/posts"}],"about":[{"href":"https:\/\/www.lacasadelelectrodomestico.com\/blog\/wp-json\/wp\/v2\/types\/post"}],"author":[{"embeddable":true,"href":"https:\/\/www.lacasadelelectrodomestico.com\/blog\/wp-json\/wp\/v2\/users\/14"}],"replies":[{"embeddable":true,"href":"https:\/\/www.lacasadelelectrodomestico.com\/blog\/wp-json\/wp\/v2\/comments?post=4498"}],"version-history":[{"count":4,"href":"https:\/\/www.lacasadelelectrodomestico.com\/blog\/wp-json\/wp\/v2\/posts\/4498\/revisions"}],"predecessor-version":[{"id":7968,"href":"https:\/\/www.lacasadelelectrodomestico.com\/blog\/wp-json\/wp\/v2\/posts\/4498\/revisions\/7968"}],"wp:featuredmedia":[{"embeddable":true,"href":"https:\/\/www.lacasadelelectrodomestico.com\/blog\/wp-json\/wp\/v2\/media\/4499"}],"wp:attachment":[{"href":"https:\/\/www.lacasadelelectrodomestico.com\/blog\/wp-json\/wp\/v2\/media?parent=4498"}],"wp:term":[{"taxonomy":"category","embeddable":true,"href":"https:\/\/www.lacasadelelectrodomestico.com\/blog\/wp-json\/wp\/v2\/categories?post=4498"},{"taxonomy":"post_tag","embeddable":true,"href":"https:\/\/www.lacasadelelectrodomestico.com\/blog\/wp-json\/wp\/v2\/tags?post=4498"}],"curies":[{"name":"wp","href":"https:\/\/api.w.org\/{rel}","templated":true}]}}