{"id":4874,"date":"2024-05-07T08:56:48","date_gmt":"2024-05-07T06:56:48","guid":{"rendered":"https:\/\/www.lacasadelelectrodomestico.com\/blog\/?p=4874"},"modified":"2025-07-04T14:01:05","modified_gmt":"2025-07-04T12:01:05","slug":"mejor-camara-movil-gama-media","status":"publish","type":"post","link":"https:\/\/www.lacasadelelectrodomestico.com\/blog\/mejor-camara-movil-gama-media\/","title":{"rendered":"La mejor c\u00e1mara m\u00f3vil de gama media: \u00a1crea recuerdos inolvidables!"},"content":{"rendered":"<p><strong>\u00bfEst\u00e1s buscando un m\u00f3vil con una c\u00e1mara de calidad sin gastar una fortuna?<\/strong>\u00a0Los m\u00f3viles de gama media han avanzado mucho y ahora ofrecen c\u00e1maras impresionantes. En este post analizaremos los mejores modelos disponibles, comparando sus caracter\u00edsticas clave como megap\u00edxeles, sensores y otras funciones.\u00a0Descubre cu\u00e1l es el m\u00f3vil perfecto para capturar tus mejores momentos.<\/p>\n<p><img loading=\"lazy\" decoding=\"async\" class=\"alignnone wp-image-4875 size-full\" src=\"https:\/\/www.lacasadelelectrodomestico.com\/blog\/wp-content\/uploads\/2023\/09\/mejor-camara-movil-gama-media.jpg\" alt=\"Mejor c\u00e1mara m\u00f3vil de gama media\" width=\"1000\" height=\"655\" srcset=\"https:\/\/www.lacasadelelectrodomestico.com\/blog\/wp-content\/uploads\/2023\/09\/mejor-camara-movil-gama-media.jpg 1000w, https:\/\/www.lacasadelelectrodomestico.com\/blog\/wp-content\/uploads\/2023\/09\/mejor-camara-movil-gama-media-300x197.jpg 300w, https:\/\/www.lacasadelelectrodomestico.com\/blog\/wp-content\/uploads\/2023\/09\/mejor-camara-movil-gama-media-768x503.jpg 768w, https:\/\/www.lacasadelelectrodomestico.com\/blog\/wp-content\/uploads\/2023\/09\/mejor-camara-movil-gama-media-450x295.jpg 450w\" sizes=\"auto, (max-width: 1000px) 100vw, 1000px\" \/><\/p>\n<p>Sin embargo, <strong>los m\u00f3viles de gama media tambi\u00e9n pueden representar una soluci\u00f3n adecuada, en caso de que desees tomar fotograf\u00edas, ya sea en tu \u00e1mbito personal o profesional<\/strong>. Si esta \u00faltima es la raz\u00f3n por la que quieres adquirir estos tel\u00e9fonos, es importante que conozcan algunos aspectos esenciales relacionados con la calidad de las fotos y v\u00eddeos que deseas realizar.<\/p>\n<h2>Elementos importantes en una buena c\u00e1mara de m\u00f3vil gama media<\/h2>\n<p>Para escoger un m\u00f3vil con una buena c\u00e1mara de gama media, es necesario entender qu\u00e9 caracter\u00edsticas son fundamentales. No se trata solo de los megap\u00edxeles, sino de c\u00f3mo estos elementos trabajan juntos para ofrecer fotos de calidad. Conoce c\u00f3mo <a href=\"https:\/\/www.lacasadelelectrodomestico.com\/blog\/elegir-movil-caracteristicas\/\">elegir un m\u00f3vil por sus caracter\u00edsticas<\/a>.<\/p>\n<h3>Megap\u00edxeles (MP)<\/h3>\n<p>Los megap\u00edxeles <strong>indican la resoluci\u00f3n de las fotos<\/strong>. En t\u00e9rminos sencillos, m\u00e1s megap\u00edxeles permiten im\u00e1genes m\u00e1s detalladas. Sin embargo, m\u00e1s no siempre significa mejor. Es importante que estos megap\u00edxeles est\u00e9n bien utilizados en combinaci\u00f3n con otros elementos de la c\u00e1mara. Un sensor con m\u00e1s megap\u00edxeles puede capturar m\u00e1s detalles, lo que es \u00fatil para ampliar o recortar im\u00e1genes sin perder calidad.<\/p>\n<h3>Sensor<\/h3>\n<p>El sensor es el coraz\u00f3n de la c\u00e1mara. <strong>La calidad del sensor afecta directamente la claridad, el color y el rendimiento en condiciones de poca luz<\/strong>. Un buen sensor puede marcar la diferencia entre una foto decente y una excelente. Los sensores m\u00e1s grandes capturan m\u00e1s luz, mejorando las fotos en condiciones de poca luz. Los sensores CMOS son comunes en m\u00f3viles de gama media y ofrecen un buen balance entre calidad y costo.<\/p>\n<h3>Apertura<\/h3>\n<p>La apertura se refiere a la <strong>cantidad de luz que entra en la c\u00e1mara<\/strong>. Se mide en f-stops; una apertura m\u00e1s baja (por ejemplo, f\/1.8) permite m\u00e1s luz y es mejor para fotos con poca luz y efectos de desenfoque de fondo. Una apertura amplia permite capturar fotos claras y detalladas en ambientes oscuros. Adem\u00e1s, facilita el efecto bokeh, donde el fondo se desenfoca y el sujeto se resalta.<\/p>\n<h3>Estabilizaci\u00f3n de imagen (OIS)<\/h3>\n<p>La estabilizaci\u00f3n \u00f3ptica de imagen <strong>es esencial para reducir el desenfoque causado por el movimiento de la c\u00e1mara<\/strong>. Esto es especialmente \u00fatil en condiciones de poca luz o cuando se graba video. OIS ayuda a mantener las fotos n\u00edtidas, incluso con manos temblorosas. Al grabar videos, OIS reduce el temblor, resultando en clips m\u00e1s profesionales.<\/p>\n<section class=\"section_shortcode_products\"><div class=\"container_button\"><a href=\"https:\/\/www.lacasadelelectrodomestico.com\/Seccion~x~Telefonos-moviles~IDSeccion~357.html\">Ver m\u00e1s<i><svg width=\"24\" height=\"24\" viewBox=\"0 0 24 24\" fill=\"none\" xmlns=\"http:\/\/www.w3.org\/2000\/svg\"><path fill-rule=\"evenodd\" clip-rule=\"evenodd\" d=\"M2.00039 13.0002L17.6004 13.0002L15.3004 15.3002L16.7004 16.7002L21.4004 12.0002L16.7004 7.3002L15.3004 8.70019L17.6004 11.0002L2.00039 11.0002L2.00039 13.0002Z\" fill=\"#333333\"><\/path><\/svg>\n<\/i><\/a><\/div><div class=\"shortcode_products\"><\/div><\/section>\n<h2>Los mejores modelos de m\u00f3viles gama media con buena c\u00e1mara<\/h2>\n<p>Elegir un m\u00f3vil con una excelente c\u00e1mara de gama media puede ser complicado con tantas opciones disponibles. Aqu\u00ed presentamos algunos de los mejores modelos para ayudarte a decidir.<\/p>\n<h3>Xiaomi Redmi Note 12 Pro Plus<\/h3>\n<p><img loading=\"lazy\" decoding=\"async\" class=\"size-full wp-image-5732 aligncenter\" src=\"https:\/\/www.lacasadelelectrodomestico.com\/blog\/wp-content\/uploads\/2023\/09\/Xiaomi-Redmi-Note-12-Pro-Plus.jpeg\" alt=\"Xiaomi Redmi Note 12 Pro Plus\" width=\"225\" height=\"225\" srcset=\"https:\/\/www.lacasadelelectrodomestico.com\/blog\/wp-content\/uploads\/2023\/09\/Xiaomi-Redmi-Note-12-Pro-Plus.jpeg 225w, https:\/\/www.lacasadelelectrodomestico.com\/blog\/wp-content\/uploads\/2023\/09\/Xiaomi-Redmi-Note-12-Pro-Plus-150x150.jpeg 150w\" sizes=\"auto, (max-width: 225px) 100vw, 225px\" \/><\/p>\n<p>El <a href=\"https:\/\/www.lacasadelelectrodomestico.com\/Articulo~x~Xiaomi-redmi-note-12-pro-plus-8256gb-ds-5g-negro-midnight-black-oem~IDArticulo~188886.html\">Xiaomi Redmi Note 12 Pro Plus<\/a> es conocido por su impresionante c\u00e1mara a un precio accesible. Su c\u00e1mara principal de <strong>108 MP<\/strong> ofrece una alta resoluci\u00f3n, permitiendo capturar detalles finos en cada foto. Adem\u00e1s, su bater\u00eda de larga duraci\u00f3n se complementa con carga r\u00e1pida, ideal para usuarios activos que no quieren quedarse sin energ\u00eda durante el d\u00eda.<\/p>\n<h4>Ventajas<\/h4>\n<ul>\n<li>Alta resoluci\u00f3n de 108 MP<\/li>\n<li>Carga r\u00e1pida<\/li>\n<li>Buen rendimiento en condiciones de poca luz<\/li>\n<li>Pantalla AMOLED vibrante<\/li>\n<\/ul>\n<h4>Desventajas<\/h4>\n<ul>\n<li>Interfaz MIUI complicada<\/li>\n<li>Peso superior a otros modelos<\/li>\n<\/ul>\n<h3>Samsung Galaxy A54 5G<\/h3>\n<p><img loading=\"lazy\" decoding=\"async\" class=\"size-full wp-image-5733 aligncenter\" src=\"https:\/\/www.lacasadelelectrodomestico.com\/blog\/wp-content\/uploads\/2023\/09\/Samsung-Galaxy-A54-5G.jpg\" alt=\"Samsung Galaxy A54 5G\" width=\"153\" height=\"300\" \/><\/p>\n<p>Entre los <a href=\"https:\/\/www.lacasadelelectrodomestico.com\/Seccion~x~Moviles-samsung~IDSeccion~820.html\">m\u00f3viles Samsung<\/a>, encontramos el <a href=\"https:\/\/www.lacasadelelectrodomestico.com\/Articulo~x~Samsung-movil-a54-5g-128gb-black-8806094885699ce~IDArticulo~189267.html\">Samsung Galaxy A54 5G<\/a>, que ofrece una excelente combinaci\u00f3n de c\u00e1mara y rendimiento general. Su <strong>pantalla AMOLED<\/strong> mejora la experiencia de visualizaci\u00f3n de fotos y videos. Samsung ofrece un buen soporte de software con actualizaciones frecuentes, asegurando que tu dispositivo siempre est\u00e9 al d\u00eda.<\/p>\n<h4>Ventajas<\/h4>\n<ul>\n<li>Pantalla AMOLED de alta calidad<\/li>\n<li>Buen soporte de actualizaciones<\/li>\n<li>C\u00e1mara vers\u00e1til con buenas capacidades en todas las condiciones<\/li>\n<li>Dise\u00f1o atractivo y duradero<\/li>\n<\/ul>\n<h4>Desventajas<\/h4>\n<ul>\n<li>Precio m\u00e1s alto en comparaci\u00f3n con otros gama media<\/li>\n<li>Bloatware preinstalado<\/li>\n<\/ul>\n<h3>Google Pixel 7<\/h3>\n<p><img loading=\"lazy\" decoding=\"async\" class=\"size-full wp-image-5734 aligncenter\" src=\"https:\/\/www.lacasadelelectrodomestico.com\/blog\/wp-content\/uploads\/2023\/09\/Google-Pixel-7.jpg\" alt=\"Google Pixel 7\" width=\"247\" height=\"300\" \/><\/p>\n<p>El <a href=\"https:\/\/www.lacasadelelectrodomestico.com\/Articulo~x~Google-pixel-7-8128gb-ds-5g-verde-lima-oem~IDArticulo~188757.html\">Google Pixel 7<\/a> destaca por su <strong>software de c\u00e1mara optimizado<\/strong> y caracter\u00edsticas inteligentes. La optimizaci\u00f3n de software de Google permite fotos excelentes en todas las condiciones. Adem\u00e1s, ofrece una experiencia de usuario limpia y sin complicaciones con Android puro.<\/p>\n<h4>Ventajas<\/h4>\n<ul>\n<li>Calidad de imagen superior gracias al software<\/li>\n<li>Interfaz limpia de Android puro<\/li>\n<li>Caracter\u00edsticas inteligentes de la c\u00e1mara<\/li>\n<li>Actualizaciones de software r\u00e1pidas y frecuentes<\/li>\n<\/ul>\n<h4>Desventajas<\/h4>\n<ul>\n<li>Duraci\u00f3n de la bater\u00eda mejorable<\/li>\n<li>Disponibilidad limitada en algunas regiones<\/li>\n<\/ul>\n<h3>Huawei P40 Pro<\/h3>\n<p><img loading=\"lazy\" decoding=\"async\" class=\"size-full wp-image-5735 aligncenter\" src=\"https:\/\/www.lacasadelelectrodomestico.com\/blog\/wp-content\/uploads\/2023\/09\/Huawei-P40-Pro.jpg\" alt=\"Huawei P40 Pro\" width=\"300\" height=\"300\" srcset=\"https:\/\/www.lacasadelelectrodomestico.com\/blog\/wp-content\/uploads\/2023\/09\/Huawei-P40-Pro.jpg 300w, https:\/\/www.lacasadelelectrodomestico.com\/blog\/wp-content\/uploads\/2023\/09\/Huawei-P40-Pro-150x150.jpg 150w\" sizes=\"auto, (max-width: 300px) 100vw, 300px\" \/><\/p>\n<p>El <a href=\"https:\/\/www.lacasadelelectrodomestico.com\/Articulo~x~Huawei-p40-pro-8256gb-ds-5g-plata-silver-frost-oem~IDArticulo~188781.html\">Huawei P40 Pro<\/a> es una opci\u00f3n s\u00f3lida para los amantes de la fotograf\u00eda, a pesar de las restricciones de Google. Su <strong>sistema de c\u00e1maras Leica<\/strong> ofrece fotos de alta calidad, y el dispositivo tiene un rendimiento potente en todas las \u00e1reas.<\/p>\n<h4>Ventajas<\/h4>\n<ul>\n<li>Sistema de c\u00e1maras Leica de alta calidad<\/li>\n<li>Rendimiento potente<\/li>\n<li>Excelente duraci\u00f3n de la bater\u00eda<\/li>\n<li>Dise\u00f1o elegante y premium<\/li>\n<\/ul>\n<h4>Desventajas<\/h4>\n<ul>\n<li>Falta de servicios de Google<\/li>\n<li>Precio relativamente alto para un gama media<\/li>\n<\/ul>\n<h3>Honor 70 DS 5G<\/h3>\n<p><img loading=\"lazy\" decoding=\"async\" class=\"size-full wp-image-5736 aligncenter\" src=\"https:\/\/www.lacasadelelectrodomestico.com\/blog\/wp-content\/uploads\/2023\/09\/Honor-70-DS-5G.jpg\" alt=\"Honor 70 DS 5G\" width=\"300\" height=\"300\" srcset=\"https:\/\/www.lacasadelelectrodomestico.com\/blog\/wp-content\/uploads\/2023\/09\/Honor-70-DS-5G.jpg 300w, https:\/\/www.lacasadelelectrodomestico.com\/blog\/wp-content\/uploads\/2023\/09\/Honor-70-DS-5G-150x150.jpg 150w\" sizes=\"auto, (max-width: 300px) 100vw, 300px\" \/><\/p>\n<p>El <a href=\"https:\/\/www.lacasadelelectrodomestico.com\/Articulo~x~Honor-70-8256gb-ds-5g-verde-emerald-green-oem~IDArticulo~188764.html\">Honor 70 DS 5G<\/a> combina <strong>dise\u00f1o elegante<\/strong> con buenas capacidades fotogr\u00e1ficas. Es est\u00e9ticamente atractivo y c\u00f3modo de usar, adem\u00e1s de ofrecer un buen equilibrio entre precio y rendimiento.<\/p>\n<h4>Ventajas<\/h4>\n<ul>\n<li>Dise\u00f1o atractivo y moderno<\/li>\n<li>Buen rendimiento fotogr\u00e1fico<\/li>\n<li>Precio competitivo<\/li>\n<li>Pantalla de alta calidad<\/li>\n<\/ul>\n<h4>Desventajas<\/h4>\n<ul>\n<li>Disponibilidad limitada en algunas regiones<\/li>\n<li>Interfaz de usuario mejorable<\/li>\n<\/ul>\n<h2>Comparativa de los m\u00f3viles gama media con mejores c\u00e1maras<\/h2>\n<p>Para ayudarte a decidir, aqu\u00ed tienes una tabla comparativa de los mejores m\u00f3viles de gama media con c\u00e1maras destacadas, basada en caracter\u00edsticas clave para la fotograf\u00eda.<\/p>\n<table>\n<thead>\n<tr>\n<td><strong>Modelo<\/strong><\/td>\n<td><strong>C\u00e1mara Principal<\/strong><\/td>\n<td><strong>Apertura<\/strong><\/td>\n<td><strong>Estabilizaci\u00f3n de Imagen<\/strong><\/td>\n<td width=\"83\"><strong>Resoluci\u00f3n de Selfie<\/strong><\/td>\n<td width=\"85\"><strong>Bater\u00eda<\/strong><\/td>\n<\/tr>\n<\/thead>\n<tbody>\n<tr>\n<td>Xiaomi Redmi Note 12 Pro Plus<\/td>\n<td>108 MP<\/td>\n<td>f\/1.9<\/td>\n<td>S\u00ed, OIS<\/td>\n<td width=\"83\">16 MP<\/td>\n<td width=\"85\">5000 mAh<\/td>\n<\/tr>\n<tr>\n<td>Samsung Galaxy A54 5G<\/td>\n<td>50 MP<\/td>\n<td>f\/1.8<\/td>\n<td>S\u00ed, OIS<\/td>\n<td width=\"83\">32 MP<\/td>\n<td width=\"85\">4500 mAh<\/td>\n<\/tr>\n<tr>\n<td>Google Pixel 7<\/td>\n<td>50 MP<\/td>\n<td>f\/1.9<\/td>\n<td>S\u00ed, OIS<\/td>\n<td width=\"83\">10.8 MP<\/td>\n<td width=\"85\">4355 mAh<\/td>\n<\/tr>\n<tr>\n<td>Huawei P40 Pro<\/td>\n<td>50 MP (Leica)<\/td>\n<td>f\/1.9<\/td>\n<td>S\u00ed, OIS<\/td>\n<td width=\"83\">32 MP<\/td>\n<td width=\"85\">4200 mAh<\/td>\n<\/tr>\n<tr>\n<td>Honor 70 DS 5G<\/td>\n<td>54 MP<\/td>\n<td>f\/1.9<\/td>\n<td>No<\/td>\n<td width=\"83\">32 MP<\/td>\n<td width=\"85\">4800 mAh<\/td>\n<\/tr>\n<\/tbody>\n<\/table>\n<h2>Consejos para elegir el mejor m\u00f3vil con c\u00e1mara de gama media<\/h2>\n<p>Elegir el mejor m\u00f3vil con c\u00e1mara de gama media puede ser complicado con tantas opciones disponibles. Aqu\u00ed tienes algunos consejos pr\u00e1cticos para ayudarte a tomar la mejor decisi\u00f3n:<\/p>\n<ul>\n<li><strong>Define tus necesidades fotogr\u00e1ficas:<\/strong> Piensa en qu\u00e9 tipo de fotos tomas con m\u00e1s frecuencia, ya sean retratos, paisajes o fotos nocturnas. Esto te ayudar\u00e1 a seleccionar un m\u00f3vil con las caracter\u00edsticas adecuadas.<\/li>\n<li><strong>Revisa las especificaciones del sensor:<\/strong> Un sensor de buena calidad puede marcar una gran diferencia en la claridad y el detalle de tus fotos. Busca m\u00f3viles con sensores grandes y tecnolog\u00edas avanzadas.<\/li>\n<li><strong>Considera la apertura de la c\u00e1mara:<\/strong> Una apertura m\u00e1s baja (por ejemplo, f\/1.8) permite m\u00e1s luz, lo que es mejor para fotos con poca luz y para lograr efectos de desenfoque de fondo.<\/li>\n<li><strong>Eval\u00faa la estabilizaci\u00f3n de imagen:<\/strong> La estabilizaci\u00f3n \u00f3ptica de imagen (OIS) ayuda a reducir el desenfoque causado por el movimiento, especialmente \u00fatil para fotos nocturnas y videos.<\/li>\n<li><strong>Prueba el software de la c\u00e1mara:<\/strong> El software puede mejorar significativamente la calidad de las fotos. M\u00f3viles como los Google Pixel tienen un software de c\u00e1mara optimizado que mejora las im\u00e1genes autom\u00e1ticamente.<\/li>\n<li><strong>Comprueba la duraci\u00f3n de la bater\u00eda:<\/strong> Una buena c\u00e1mara no sirve de mucho si tu m\u00f3vil se queda sin bater\u00eda r\u00e1pidamente. Aseg\u00farate de que el m\u00f3vil tenga una bater\u00eda duradera y opciones de carga r\u00e1pida.<\/li>\n<\/ul>\n<p>Encontrar el m\u00f3vil con la mejor c\u00e1mara de gama media no tiene por qu\u00e9 ser complicado. En <strong>La Casa del Electrodom\u00e9stico<\/strong>, ofrecemos una selecci\u00f3n cuidada de los mejores modelos para cada necesidad fotogr\u00e1fica. En nuestro cat\u00e1logo conseguir\u00e1s el m\u00f3vil perfecto para capturar todos tus momentos especiales con la mejor calidad. \u00a1Compra ahora y mejora tu experiencia fotogr\u00e1fica!<\/p>\n","protected":false},"excerpt":{"rendered":"<p>\u00bfEst\u00e1s buscando un m\u00f3vil con una c\u00e1mara de calidad sin gastar una fortuna?\u00a0Los m\u00f3viles de gama media han avanzado mucho y ahora ofrecen c\u00e1maras impresionantes. En este post analizaremos los mejores modelos disponibles, comparando sus caracter\u00edsticas clave como megap\u00edxeles, sensores y otras funciones.\u00a0Descubre cu\u00e1l es el m\u00f3vil perfecto para capturar tus mejores momentos. Sin embargo, [&hellip;]<\/p>\n","protected":false},"author":11,"featured_media":4875,"comment_status":"open","ping_status":"open","sticky":false,"template":"","format":"standard","meta":{"footnotes":""},"categories":[4],"tags":[243,244],"class_list":["post-4874","post","type-post","status-publish","format-standard","has-post-thumbnail","hentry","category-telefonia","tag-camara-movil-de-gama-media","tag-mejor-camara-movil-de-gama-media"],"yoast_head":"<!-- This site is optimized with the Yoast SEO plugin v26.1.1 - https:\/\/yoast.com\/wordpress\/plugins\/seo\/ -->\n<title>Mejor C\u00e1mara m\u00f3vil de Gama Media - La Casa del Electrodom\u00e9stico<\/title>\n<meta name=\"description\" content=\"Conoce cu\u00e1l es la mejor c\u00e1mara m\u00f3vil de gama media y las caracter\u00edsticas que la destacan en el mercado para inmortalizar momentos.\" \/>\n<meta name=\"robots\" content=\"index, follow, max-snippet:-1, max-image-preview:large, max-video-preview:-1\" \/>\n<link rel=\"canonical\" href=\"https:\/\/www.lacasadelelectrodomestico.com\/blog\/mejor-camara-movil-gama-media\/\" \/>\n<meta property=\"og:locale\" content=\"es_ES\" \/>\n<meta property=\"og:type\" content=\"article\" \/>\n<meta property=\"og:title\" content=\"Mejor C\u00e1mara m\u00f3vil de Gama Media - La Casa del Electrodom\u00e9stico\" \/>\n<meta property=\"og:description\" content=\"Conoce cu\u00e1l es la mejor c\u00e1mara m\u00f3vil de gama media y las caracter\u00edsticas que la destacan en el mercado para inmortalizar momentos.\" \/>\n<meta property=\"og:url\" content=\"https:\/\/www.lacasadelelectrodomestico.com\/blog\/mejor-camara-movil-gama-media\/\" \/>\n<meta property=\"og:site_name\" content=\"Blog de La Casa Del Electrodom\u00e9stico\" \/>\n<meta property=\"article:published_time\" content=\"2024-05-07T06:56:48+00:00\" \/>\n<meta property=\"article:modified_time\" content=\"2025-07-04T12:01:05+00:00\" \/>\n<meta property=\"og:image\" content=\"https:\/\/www.lacasadelelectrodomestico.com\/blog\/wp-content\/uploads\/2023\/09\/mejor-camara-movil-gama-media.jpg\" \/>\n\t<meta property=\"og:image:width\" content=\"1000\" \/>\n\t<meta property=\"og:image:height\" content=\"655\" \/>\n\t<meta property=\"og:image:type\" content=\"image\/jpeg\" \/>\n<meta name=\"author\" content=\"Diego\" \/>\n<meta name=\"twitter:card\" content=\"summary_large_image\" \/>\n<script type=\"application\/ld+json\" class=\"yoast-schema-graph\">{\"@context\":\"https:\/\/schema.org\",\"@graph\":[{\"@type\":\"Article\",\"@id\":\"https:\/\/www.lacasadelelectrodomestico.com\/blog\/mejor-camara-movil-gama-media\/#article\",\"isPartOf\":{\"@id\":\"https:\/\/www.lacasadelelectrodomestico.com\/blog\/mejor-camara-movil-gama-media\/\"},\"author\":{\"name\":\"Diego\",\"@id\":\"https:\/\/www.lacasadelelectrodomestico.com\/blog\/#\/schema\/person\/5e4a75ffbe280d41d08208cf598b8ad3\"},\"headline\":\"La mejor c\u00e1mara m\u00f3vil de gama media: \u00a1crea recuerdos inolvidables!\",\"datePublished\":\"2024-05-07T06:56:48+00:00\",\"dateModified\":\"2025-07-04T12:01:05+00:00\",\"mainEntityOfPage\":{\"@id\":\"https:\/\/www.lacasadelelectrodomestico.com\/blog\/mejor-camara-movil-gama-media\/\"},\"wordCount\":1508,\"commentCount\":0,\"publisher\":{\"@id\":\"https:\/\/www.lacasadelelectrodomestico.com\/blog\/#organization\"},\"image\":{\"@id\":\"https:\/\/www.lacasadelelectrodomestico.com\/blog\/mejor-camara-movil-gama-media\/#primaryimage\"},\"thumbnailUrl\":\"https:\/\/www.lacasadelelectrodomestico.com\/blog\/wp-content\/uploads\/2023\/09\/mejor-camara-movil-gama-media.jpg\",\"keywords\":[\"camara movil de gama media\",\"mejor camara movil de gama media\"],\"articleSection\":[\"Telefon\u00eda\"],\"inLanguage\":\"es\",\"potentialAction\":[{\"@type\":\"CommentAction\",\"name\":\"Comment\",\"target\":[\"https:\/\/www.lacasadelelectrodomestico.com\/blog\/mejor-camara-movil-gama-media\/#respond\"]}]},{\"@type\":\"WebPage\",\"@id\":\"https:\/\/www.lacasadelelectrodomestico.com\/blog\/mejor-camara-movil-gama-media\/\",\"url\":\"https:\/\/www.lacasadelelectrodomestico.com\/blog\/mejor-camara-movil-gama-media\/\",\"name\":\"Mejor C\u00e1mara m\u00f3vil de Gama Media - La Casa del Electrodom\u00e9stico\",\"isPartOf\":{\"@id\":\"https:\/\/www.lacasadelelectrodomestico.com\/blog\/#website\"},\"primaryImageOfPage\":{\"@id\":\"https:\/\/www.lacasadelelectrodomestico.com\/blog\/mejor-camara-movil-gama-media\/#primaryimage\"},\"image\":{\"@id\":\"https:\/\/www.lacasadelelectrodomestico.com\/blog\/mejor-camara-movil-gama-media\/#primaryimage\"},\"thumbnailUrl\":\"https:\/\/www.lacasadelelectrodomestico.com\/blog\/wp-content\/uploads\/2023\/09\/mejor-camara-movil-gama-media.jpg\",\"datePublished\":\"2024-05-07T06:56:48+00:00\",\"dateModified\":\"2025-07-04T12:01:05+00:00\",\"description\":\"Conoce cu\u00e1l es la mejor c\u00e1mara m\u00f3vil de gama media y las caracter\u00edsticas que la destacan en el mercado para inmortalizar momentos.\",\"breadcrumb\":{\"@id\":\"https:\/\/www.lacasadelelectrodomestico.com\/blog\/mejor-camara-movil-gama-media\/#breadcrumb\"},\"inLanguage\":\"es\",\"potentialAction\":[{\"@type\":\"ReadAction\",\"target\":[\"https:\/\/www.lacasadelelectrodomestico.com\/blog\/mejor-camara-movil-gama-media\/\"]}]},{\"@type\":\"ImageObject\",\"inLanguage\":\"es\",\"@id\":\"https:\/\/www.lacasadelelectrodomestico.com\/blog\/mejor-camara-movil-gama-media\/#primaryimage\",\"url\":\"https:\/\/www.lacasadelelectrodomestico.com\/blog\/wp-content\/uploads\/2023\/09\/mejor-camara-movil-gama-media.jpg\",\"contentUrl\":\"https:\/\/www.lacasadelelectrodomestico.com\/blog\/wp-content\/uploads\/2023\/09\/mejor-camara-movil-gama-media.jpg\",\"width\":1000,\"height\":655,\"caption\":\"Mejor c\u00e1mara m\u00f3vil de gama media\"},{\"@type\":\"BreadcrumbList\",\"@id\":\"https:\/\/www.lacasadelelectrodomestico.com\/blog\/mejor-camara-movil-gama-media\/#breadcrumb\",\"itemListElement\":[{\"@type\":\"ListItem\",\"position\":1,\"name\":\"Blog\",\"item\":\"https:\/\/www.lacasadelelectrodomestico.com\/blog\/\"},{\"@type\":\"ListItem\",\"position\":2,\"name\":\"La mejor c\u00e1mara m\u00f3vil de gama media: \u00a1crea recuerdos inolvidables!\"}]},{\"@type\":\"WebSite\",\"@id\":\"https:\/\/www.lacasadelelectrodomestico.com\/blog\/#website\",\"url\":\"https:\/\/www.lacasadelelectrodomestico.com\/blog\/\",\"name\":\"Blog de La Casa Del Electrodom\u00e9stico\",\"description\":\"\",\"publisher\":{\"@id\":\"https:\/\/www.lacasadelelectrodomestico.com\/blog\/#organization\"},\"inLanguage\":\"es\"},{\"@type\":\"Organization\",\"@id\":\"https:\/\/www.lacasadelelectrodomestico.com\/blog\/#organization\",\"name\":\"Blog de electrodom\u00e9sticos - La Casa del Electrodom\u00e9stico\",\"url\":\"https:\/\/www.lacasadelelectrodomestico.com\/blog\/\",\"logo\":{\"@type\":\"ImageObject\",\"inLanguage\":\"es\",\"@id\":\"https:\/\/www.lacasadelelectrodomestico.com\/blog\/#\/schema\/logo\/image\/\",\"url\":\"https:\/\/www.lacasadelelectrodomestico.com\/blog\/wp-content\/uploads\/2021\/05\/la-casa-del-electrodomestico-logo.jpg\",\"contentUrl\":\"https:\/\/www.lacasadelelectrodomestico.com\/blog\/wp-content\/uploads\/2021\/05\/la-casa-del-electrodomestico-logo.jpg\",\"width\":300,\"height\":300,\"caption\":\"Blog de electrodom\u00e9sticos - La Casa del Electrodom\u00e9stico\"},\"image\":{\"@id\":\"https:\/\/www.lacasadelelectrodomestico.com\/blog\/#\/schema\/logo\/image\/\"}},{\"@type\":\"Person\",\"@id\":\"https:\/\/www.lacasadelelectrodomestico.com\/blog\/#\/schema\/person\/5e4a75ffbe280d41d08208cf598b8ad3\",\"name\":\"Diego\",\"image\":{\"@type\":\"ImageObject\",\"inLanguage\":\"es\",\"@id\":\"https:\/\/www.lacasadelelectrodomestico.com\/blog\/#\/schema\/person\/image\/\",\"url\":\"https:\/\/secure.gravatar.com\/avatar\/a7ef54203c20d2a19b0cbed446e95ced985b2dec638d850fe5d384494d2ea38a?s=96&d=mm&r=g\",\"contentUrl\":\"https:\/\/secure.gravatar.com\/avatar\/a7ef54203c20d2a19b0cbed446e95ced985b2dec638d850fe5d384494d2ea38a?s=96&d=mm&r=g\",\"caption\":\"Diego\"},\"description\":\"Grabador y editor-postproductor de audiovisuales Experto en imagen y sonido\",\"sameAs\":[\"https:\/\/www.linkedin.com\/in\/diego-carcedo-47114043\/\"]}]}<\/script>\n<!-- \/ Yoast SEO plugin. -->","yoast_head_json":{"title":"Mejor C\u00e1mara m\u00f3vil de Gama Media - La Casa del Electrodom\u00e9stico","description":"Conoce cu\u00e1l es la mejor c\u00e1mara m\u00f3vil de gama media y las caracter\u00edsticas que la destacan en el mercado para inmortalizar momentos.","robots":{"index":"index","follow":"follow","max-snippet":"max-snippet:-1","max-image-preview":"max-image-preview:large","max-video-preview":"max-video-preview:-1"},"canonical":"https:\/\/www.lacasadelelectrodomestico.com\/blog\/mejor-camara-movil-gama-media\/","og_locale":"es_ES","og_type":"article","og_title":"Mejor C\u00e1mara m\u00f3vil de Gama Media - La Casa del Electrodom\u00e9stico","og_description":"Conoce cu\u00e1l es la mejor c\u00e1mara m\u00f3vil de gama media y las caracter\u00edsticas que la destacan en el mercado para inmortalizar momentos.","og_url":"https:\/\/www.lacasadelelectrodomestico.com\/blog\/mejor-camara-movil-gama-media\/","og_site_name":"Blog de La Casa Del Electrodom\u00e9stico","article_published_time":"2024-05-07T06:56:48+00:00","article_modified_time":"2025-07-04T12:01:05+00:00","og_image":[{"width":1000,"height":655,"url":"https:\/\/www.lacasadelelectrodomestico.com\/blog\/wp-content\/uploads\/2023\/09\/mejor-camara-movil-gama-media.jpg","type":"image\/jpeg"}],"author":"Diego","twitter_card":"summary_large_image","schema":{"@context":"https:\/\/schema.org","@graph":[{"@type":"Article","@id":"https:\/\/www.lacasadelelectrodomestico.com\/blog\/mejor-camara-movil-gama-media\/#article","isPartOf":{"@id":"https:\/\/www.lacasadelelectrodomestico.com\/blog\/mejor-camara-movil-gama-media\/"},"author":{"name":"Diego","@id":"https:\/\/www.lacasadelelectrodomestico.com\/blog\/#\/schema\/person\/5e4a75ffbe280d41d08208cf598b8ad3"},"headline":"La mejor c\u00e1mara m\u00f3vil de gama media: \u00a1crea recuerdos inolvidables!","datePublished":"2024-05-07T06:56:48+00:00","dateModified":"2025-07-04T12:01:05+00:00","mainEntityOfPage":{"@id":"https:\/\/www.lacasadelelectrodomestico.com\/blog\/mejor-camara-movil-gama-media\/"},"wordCount":1508,"commentCount":0,"publisher":{"@id":"https:\/\/www.lacasadelelectrodomestico.com\/blog\/#organization"},"image":{"@id":"https:\/\/www.lacasadelelectrodomestico.com\/blog\/mejor-camara-movil-gama-media\/#primaryimage"},"thumbnailUrl":"https:\/\/www.lacasadelelectrodomestico.com\/blog\/wp-content\/uploads\/2023\/09\/mejor-camara-movil-gama-media.jpg","keywords":["camara movil de gama media","mejor camara movil de gama media"],"articleSection":["Telefon\u00eda"],"inLanguage":"es","potentialAction":[{"@type":"CommentAction","name":"Comment","target":["https:\/\/www.lacasadelelectrodomestico.com\/blog\/mejor-camara-movil-gama-media\/#respond"]}]},{"@type":"WebPage","@id":"https:\/\/www.lacasadelelectrodomestico.com\/blog\/mejor-camara-movil-gama-media\/","url":"https:\/\/www.lacasadelelectrodomestico.com\/blog\/mejor-camara-movil-gama-media\/","name":"Mejor C\u00e1mara m\u00f3vil de Gama Media - La Casa del Electrodom\u00e9stico","isPartOf":{"@id":"https:\/\/www.lacasadelelectrodomestico.com\/blog\/#website"},"primaryImageOfPage":{"@id":"https:\/\/www.lacasadelelectrodomestico.com\/blog\/mejor-camara-movil-gama-media\/#primaryimage"},"image":{"@id":"https:\/\/www.lacasadelelectrodomestico.com\/blog\/mejor-camara-movil-gama-media\/#primaryimage"},"thumbnailUrl":"https:\/\/www.lacasadelelectrodomestico.com\/blog\/wp-content\/uploads\/2023\/09\/mejor-camara-movil-gama-media.jpg","datePublished":"2024-05-07T06:56:48+00:00","dateModified":"2025-07-04T12:01:05+00:00","description":"Conoce cu\u00e1l es la mejor c\u00e1mara m\u00f3vil de gama media y las caracter\u00edsticas que la destacan en el mercado para inmortalizar momentos.","breadcrumb":{"@id":"https:\/\/www.lacasadelelectrodomestico.com\/blog\/mejor-camara-movil-gama-media\/#breadcrumb"},"inLanguage":"es","potentialAction":[{"@type":"ReadAction","target":["https:\/\/www.lacasadelelectrodomestico.com\/blog\/mejor-camara-movil-gama-media\/"]}]},{"@type":"ImageObject","inLanguage":"es","@id":"https:\/\/www.lacasadelelectrodomestico.com\/blog\/mejor-camara-movil-gama-media\/#primaryimage","url":"https:\/\/www.lacasadelelectrodomestico.com\/blog\/wp-content\/uploads\/2023\/09\/mejor-camara-movil-gama-media.jpg","contentUrl":"https:\/\/www.lacasadelelectrodomestico.com\/blog\/wp-content\/uploads\/2023\/09\/mejor-camara-movil-gama-media.jpg","width":1000,"height":655,"caption":"Mejor c\u00e1mara m\u00f3vil de gama media"},{"@type":"BreadcrumbList","@id":"https:\/\/www.lacasadelelectrodomestico.com\/blog\/mejor-camara-movil-gama-media\/#breadcrumb","itemListElement":[{"@type":"ListItem","position":1,"name":"Blog","item":"https:\/\/www.lacasadelelectrodomestico.com\/blog\/"},{"@type":"ListItem","position":2,"name":"La mejor c\u00e1mara m\u00f3vil de gama media: \u00a1crea recuerdos inolvidables!"}]},{"@type":"WebSite","@id":"https:\/\/www.lacasadelelectrodomestico.com\/blog\/#website","url":"https:\/\/www.lacasadelelectrodomestico.com\/blog\/","name":"Blog de La Casa Del Electrodom\u00e9stico","description":"","publisher":{"@id":"https:\/\/www.lacasadelelectrodomestico.com\/blog\/#organization"},"inLanguage":"es"},{"@type":"Organization","@id":"https:\/\/www.lacasadelelectrodomestico.com\/blog\/#organization","name":"Blog de electrodom\u00e9sticos - La Casa del Electrodom\u00e9stico","url":"https:\/\/www.lacasadelelectrodomestico.com\/blog\/","logo":{"@type":"ImageObject","inLanguage":"es","@id":"https:\/\/www.lacasadelelectrodomestico.com\/blog\/#\/schema\/logo\/image\/","url":"https:\/\/www.lacasadelelectrodomestico.com\/blog\/wp-content\/uploads\/2021\/05\/la-casa-del-electrodomestico-logo.jpg","contentUrl":"https:\/\/www.lacasadelelectrodomestico.com\/blog\/wp-content\/uploads\/2021\/05\/la-casa-del-electrodomestico-logo.jpg","width":300,"height":300,"caption":"Blog de electrodom\u00e9sticos - La Casa del Electrodom\u00e9stico"},"image":{"@id":"https:\/\/www.lacasadelelectrodomestico.com\/blog\/#\/schema\/logo\/image\/"}},{"@type":"Person","@id":"https:\/\/www.lacasadelelectrodomestico.com\/blog\/#\/schema\/person\/5e4a75ffbe280d41d08208cf598b8ad3","name":"Diego","image":{"@type":"ImageObject","inLanguage":"es","@id":"https:\/\/www.lacasadelelectrodomestico.com\/blog\/#\/schema\/person\/image\/","url":"https:\/\/secure.gravatar.com\/avatar\/a7ef54203c20d2a19b0cbed446e95ced985b2dec638d850fe5d384494d2ea38a?s=96&d=mm&r=g","contentUrl":"https:\/\/secure.gravatar.com\/avatar\/a7ef54203c20d2a19b0cbed446e95ced985b2dec638d850fe5d384494d2ea38a?s=96&d=mm&r=g","caption":"Diego"},"description":"Grabador y editor-postproductor de audiovisuales Experto en imagen y sonido","sameAs":["https:\/\/www.linkedin.com\/in\/diego-carcedo-47114043\/"]}]}},"_links":{"self":[{"href":"https:\/\/www.lacasadelelectrodomestico.com\/blog\/wp-json\/wp\/v2\/posts\/4874","targetHints":{"allow":["GET"]}}],"collection":[{"href":"https:\/\/www.lacasadelelectrodomestico.com\/blog\/wp-json\/wp\/v2\/posts"}],"about":[{"href":"https:\/\/www.lacasadelelectrodomestico.com\/blog\/wp-json\/wp\/v2\/types\/post"}],"author":[{"embeddable":true,"href":"https:\/\/www.lacasadelelectrodomestico.com\/blog\/wp-json\/wp\/v2\/users\/11"}],"replies":[{"embeddable":true,"href":"https:\/\/www.lacasadelelectrodomestico.com\/blog\/wp-json\/wp\/v2\/comments?post=4874"}],"version-history":[{"count":1,"href":"https:\/\/www.lacasadelelectrodomestico.com\/blog\/wp-json\/wp\/v2\/posts\/4874\/revisions"}],"predecessor-version":[{"id":7201,"href":"https:\/\/www.lacasadelelectrodomestico.com\/blog\/wp-json\/wp\/v2\/posts\/4874\/revisions\/7201"}],"wp:featuredmedia":[{"embeddable":true,"href":"https:\/\/www.lacasadelelectrodomestico.com\/blog\/wp-json\/wp\/v2\/media\/4875"}],"wp:attachment":[{"href":"https:\/\/www.lacasadelelectrodomestico.com\/blog\/wp-json\/wp\/v2\/media?parent=4874"}],"wp:term":[{"taxonomy":"category","embeddable":true,"href":"https:\/\/www.lacasadelelectrodomestico.com\/blog\/wp-json\/wp\/v2\/categories?post=4874"},{"taxonomy":"post_tag","embeddable":true,"href":"https:\/\/www.lacasadelelectrodomestico.com\/blog\/wp-json\/wp\/v2\/tags?post=4874"}],"curies":[{"name":"wp","href":"https:\/\/api.w.org\/{rel}","templated":true}]}}