{"id":6416,"date":"2024-11-01T19:36:19","date_gmt":"2024-11-01T17:36:19","guid":{"rendered":"https:\/\/www.lacasadelelectrodomestico.com\/blog\/?p=6416"},"modified":"2025-07-03T15:13:59","modified_gmt":"2025-07-03T13:13:59","slug":"consumo-frigorifico","status":"publish","type":"post","link":"https:\/\/www.lacasadelelectrodomestico.com\/blog\/consumo-frigorifico\/","title":{"rendered":"\u00bfC\u00f3mo afecta el consumo energ\u00e9tico del frigor\u00edfico a tu hogar?"},"content":{"rendered":"<p>El <strong>consumo energ\u00e9tico del <a href=\"https:\/\/www.lacasadelelectrodomestico.com\/Seccion~x~Frigorificos~IDSeccion~44.html\">frigor\u00edfico<\/a><\/strong> es un factor clave en el gasto el\u00e9ctrico de tu hogar. Si bien solemos centrarnos en su tama\u00f1o o caracter\u00edsticas tecnol\u00f3gicas, la eficiencia energ\u00e9tica puede marcar una gran diferencia en tu factura mensual. Para dar con la mejor opci\u00f3n, te animamos a visitar nuestra categor\u00eda de <a href=\"https:\/\/www.lacasadelelectrodomestico.com\/Seccion~x~Frigorificos-combi~IDSeccion~60.html\" target=\"_new\" rel=\"noopener\" data-start=\"1198\" data-end=\"1317\">frigor\u00edficos combi no frost<\/a>, donde podr\u00e1s comparar modelos eficientes y reducir el impacto energ\u00e9tico en casa.<\/p>\n<p style=\"text-align: center;\"><iframe loading=\"lazy\" title=\"YouTube video player\" src=\"https:\/\/www.youtube.com\/embed\/sv6_QwwYdqY?si=KVy7GygykpDpBz4n\" width=\"560\" height=\"315\" frameborder=\"0\" allowfullscreen=\"allowfullscreen\"><\/iframe><\/p>\n<p style=\"text-align: left;\">\u00bfSab\u00edas que un frigor\u00edfico en mal estado o con una clasificaci\u00f3n energ\u00e9tica baja puede aumentar significativamente tus costes? En este art\u00edculo te contaremos c\u00f3mo optimizar su uso y elegir el modelo adecuado para reducir el impacto en tu bolsillo y en el medio ambiente.<\/p>\n<h2>Factores que influyen en el consumo de un frigor\u00edfico<\/h2>\n<p>El consumo de energ\u00eda de un frigor\u00edfico depende de varios factores que pueden hacer una gran diferencia en la factura el\u00e9ctrica. Entender estos factores te ayudar\u00e1 a elegir el modelo m\u00e1s adecuado para tu hogar.<\/p>\n<h3>Tama\u00f1o y capacidad del frigor\u00edfico<\/h3>\n<p>El tama\u00f1o del frigor\u00edfico est\u00e1 directamente relacionado con su consumo energ\u00e9tico. <strong>Los modelos m\u00e1s grandes consumen m\u00e1s<\/strong>, pero son ideales para familias que necesitan almacenar grandes cantidades de alimentos.<\/p>\n<p>Sin embargo, un frigor\u00edfico demasiado grande para las necesidades del hogar puede resultar en un consumo innecesario. Si buscas una <strong>opci\u00f3n m\u00e1s ajustada y eficiente<\/strong>, explora nuestra gama de <a href=\"https:\/\/www.lacasadelelectrodomestico.com\/Seccion~x~Neveras-pequenas~IDSeccion~1593.html\" target=\"_new\" rel=\"noopener\" data-start=\"870\" data-end=\"985\">refrigeradoras peque\u00f1as<\/a> y encuentra el tama\u00f1o justo para tu espacio y necesidades, reduciendo al mismo tiempo el gasto energ\u00e9tico.<\/p>\n<h3>Clasificaci\u00f3n energ\u00e9tica y su impacto<\/h3>\n<p>La <a href=\"https:\/\/www.lacasadelelectrodomestico.com\/blog\/clasificacion-energetica-frigorificos\/\">clasificaci\u00f3n energ\u00e9tica de un frigor\u00edfico<\/a> indica cu\u00e1nta energ\u00eda utiliza para funcionar. <strong>Los frigor\u00edficos con una clasificaci\u00f3n A++ o A+++ son los m\u00e1s eficientes<\/strong>. Esto significa que consumen menos electricidad en comparaci\u00f3n con modelos de menor clasificaci\u00f3n.<\/p>\n<p>Aunque suelen tener un precio inicial m\u00e1s alto, el <strong>ahorro a largo plazo <\/strong>en la factura de electricidad compensa la inversi\u00f3n inicial.<\/p>\n<h3>Tecnolog\u00eda inverter y funciones eficientes<\/h3>\n<p>La tecnolog\u00eda inverter permite que el frigor\u00edfico ajuste el funcionamiento del compresor seg\u00fan las necesidades de refrigeraci\u00f3n. Esto <strong>significa que no est\u00e1 funcionando constantemente a m\u00e1xima capacidad, lo que ahorra energ\u00eda<\/strong>.<\/p>\n<p>Otras funciones, como el sistema No Frost, ayudan a mantener una temperatura estable y a evitar el sobreesfuerzo del motor, mejorando as\u00ed la eficiencia del aparato.<\/p>\n<h3>Ubicaci\u00f3n y temperatura ambiente<\/h3>\n<p>La ubicaci\u00f3n del frigor\u00edfico dentro del hogar influye en su consumo energ\u00e9tico. <strong>Colocarlo en un lugar expuesto al sol o cerca de fuentes de calor har\u00e1 que tenga que trabajar m\u00e1s para mantener la temperatura interna<\/strong>.<\/p>\n<p>Mantener el frigor\u00edfico alejado de fuentes de calor y en \u00e1reas bien ventiladas puede reducir significativamente su consumo de electricidad.<\/p>\n<p>Para dar con la mejor opci\u00f3n, te animamos a visitar nuestra categor\u00eda de <a href=\"https:\/\/www.lacasadelelectrodomestico.com\/Seccion~x~Combis-1-80-m-~IDSeccion~298.html\" target=\"_new\" rel=\"noopener noreferrer\" data-start=\"319\" data-end=\"424\">frigor\u00edficos 180<\/a>, donde podr\u00e1s comparar modelos eficientes y reducir el impacto energ\u00e9tico en casa.<\/p>\n<p><strong>Los mejores frigor\u00edficos para tu hogar:<\/strong><\/p>\n<p><span data-sheets-root=\"1\"><section class=\"section_shortcode_products\"><div class=\"container_button\"><a href=\"https:\/\/www.lacasadelelectrodomestico.com\/Seccion~x~Frigorificos~IDSeccion~44.html\">Ver m\u00e1s<i><svg width=\"24\" height=\"24\" viewBox=\"0 0 24 24\" fill=\"none\" xmlns=\"http:\/\/www.w3.org\/2000\/svg\"><path fill-rule=\"evenodd\" clip-rule=\"evenodd\" d=\"M2.00039 13.0002L17.6004 13.0002L15.3004 15.3002L16.7004 16.7002L21.4004 12.0002L16.7004 7.3002L15.3004 8.70019L17.6004 11.0002L2.00039 11.0002L2.00039 13.0002Z\" fill=\"#333333\"><\/path><\/svg>\n<\/i><\/a><\/div><div class=\"shortcode_products\"><\/div><\/section><\/span><\/p>\n<h2>\u00bfCu\u00e1ntos kilovatios hora consume un frigor\u00edfico?<\/h2>\n<p>Un frigor\u00edfico promedio consume <strong>entre 100 y 800 kilovatios hora (kWh) al a\u00f1o<\/strong>, dependiendo de su tama\u00f1o y eficiencia energ\u00e9tica. Los modelos con clasificaci\u00f3n A+++ pueden consumir menos de <strong>200 kWh anuales<\/strong>, mientras que los m\u00e1s antiguos o grandes pueden superar los <strong>600 kWh<\/strong>. Elegir un frigor\u00edfico eficiente reduce significativamente el consumo energ\u00e9tico en casa.<\/p>\n<p>Para encontrar opciones que combinen <strong>eficiencia y funcionalidad<\/strong>, te invitamos a explorar nuestra categor\u00eda de <a class=\"\" href=\"https:\/\/www.lacasadelelectrodomestico.com\/Seccion~x~Frigorificos-combinados-candy~IDSeccion~870.html\" target=\"_new\" rel=\"noopener\" data-start=\"884\" data-end=\"1006\">frigor\u00edficos Candy<\/a>, donde podr\u00e1s comparar modelos y encontrar el que mejor se adapte a tus necesidades.<\/p>\n<h2>C\u00f3mo reducir el consumo el\u00e9ctrico de tu frigor\u00edfico<\/h2>\n<p><img loading=\"lazy\" decoding=\"async\" class=\"size-full wp-image-6381 aligncenter\" src=\"https:\/\/www.lacasadelelectrodomestico.com\/blog\/wp-content\/uploads\/2024\/10\/regular-temperatura-frigorifico-zanussi\u200b-2.jpg\" alt=\"mujer guardando carne en refrigerador\" width=\"1000\" height=\"666\" srcset=\"https:\/\/www.lacasadelelectrodomestico.com\/blog\/wp-content\/uploads\/2024\/10\/regular-temperatura-frigorifico-zanussi\u200b-2.jpg 1000w, https:\/\/www.lacasadelelectrodomestico.com\/blog\/wp-content\/uploads\/2024\/10\/regular-temperatura-frigorifico-zanussi\u200b-2-300x200.jpg 300w, https:\/\/www.lacasadelelectrodomestico.com\/blog\/wp-content\/uploads\/2024\/10\/regular-temperatura-frigorifico-zanussi\u200b-2-768x511.jpg 768w, https:\/\/www.lacasadelelectrodomestico.com\/blog\/wp-content\/uploads\/2024\/10\/regular-temperatura-frigorifico-zanussi\u200b-2-450x300.jpg 450w\" sizes=\"auto, (max-width: 1000px) 100vw, 1000px\" \/><\/p>\n<p>Reducir el consumo de tu frigor\u00edfico es clave para ahorrar en la factura de luz y cuidar el medio ambiente. Aqu\u00ed te compartimos algunas pr\u00e1cticas eficaces.<\/p>\n<h3>Mejores pr\u00e1cticas para el ahorro energ\u00e9tico<\/h3>\n<p>Mantener una <a href=\"https:\/\/www.lacasadelelectrodomestico.com\/blog\/almacenamiento-de-alimentos-en-el-frigorifico-cual-es-el-metodo-ideal\/\">buena organizaci\u00f3n dentro del frigor\u00edfico<\/a> <strong>facilita el flujo de aire fr\u00edo y evita que el motor trabaje en exceso<\/strong>. Coloca los alimentos de forma ordenada y permite espacio para la circulaci\u00f3n de aire.<\/p>\n<p>Adem\u00e1s, <strong>evitar abrir la puerta innecesariamente<\/strong> ayuda a mantener la temperatura interna y reduce el esfuerzo del motor.<\/p>\n<h3>Ajuste de la temperatura y su importancia<\/h3>\n<p>Configurar la temperatura adecuada optimiza el rendimiento del frigor\u00edfico. <strong>La <a href=\"https:\/\/www.lacasadelelectrodomestico.com\/blog\/temperatura-ideal-frigorifico\/\">temperatura ideal<\/a> para la refrigeraci\u00f3n es de 4 a 5 \u00b0C; y en el congelador, de -18 \u00b0C<\/strong>. Ajustar estas temperaturas evita que el motor trabaje demasiado, lo cual no solo reduce el consumo, sino que tambi\u00e9n extiende la vida \u00fatil del aparato.<\/p>\n<h3>Mantenimiento del frigor\u00edfico para optimizar el consumo<\/h3>\n<p>Realizar un mantenimiento regular es fundamental para la eficiencia del frigor\u00edfico. <strong>Limpia las bobinas y filtros al menos una vez al a\u00f1o para evitar que el motor se sobrecaliente<\/strong>. Revisar las juntas de las puertas y asegurarse de que sellen correctamente tambi\u00e9n ayuda a mantener el fr\u00edo en el interior sin p\u00e9rdidas de energ\u00eda.<\/p>\n<h2>Preguntas frecuentes sobre el consumo de frigor\u00edficos<\/h2>\n<h3>\u00bfCu\u00e1nto dinero puedo ahorrar al usar un frigor\u00edfico eficiente?<\/h3>\n<p>El ahorro var\u00eda, pero en general, un frigor\u00edfico eficiente puede reducir el consumo hasta un 50 % en comparaci\u00f3n con modelos antiguos. Esto podr\u00eda representar ahorros de <strong>hasta 100 euros anuales<\/strong> en la factura de electricidad, dependiendo del coste por kWh y el uso del frigor\u00edfico.<\/p>\n<h3>\u00bfEs recomendable apagar el frigor\u00edfico cuando no se usa?<\/h3>\n<p>En general, <strong>no se recomienda apagar el frigor\u00edfico a menos que est\u00e9 vac\u00edo y sin uso durante per\u00edodos prolongados<\/strong>, ya que un reinicio constante puede afectar su rendimiento. Sin embargo, reducir la temperatura en modo \u201cvacaciones\u201d es \u00fatil cuando no se necesita un enfriamiento intensivo.<\/p>\n<h3>\u00bfC\u00f3mo puedo saber si mi frigor\u00edfico consume demasiada electricidad?<\/h3>\n<p>Si notas un <strong>aumento inesperado en la factura<\/strong> o que el frigor\u00edfico est\u00e1 encendido de forma constante, podr\u00eda estar consumiendo m\u00e1s de lo normal. Una revisi\u00f3n t\u00e9cnica, el ajuste de temperatura o limpiar las bobinas puede ayudar a reducir el consumo si est\u00e1 funcionando en exceso.<\/p>\n<h3>\u00bfEs necesario descongelar el frigor\u00edfico para reducir el consumo?<\/h3>\n<p>En modelos sin tecnolog\u00eda No Frost, descongelar el frigor\u00edfico es esencial para mantener su eficiencia. El hielo acumulado reduce la capacidad de enfriamiento y obliga al motor a trabajar m\u00e1s, aumentando el consumo. Realizar esta tarea cada cierto tiempo es recomendable para evitar el consumo excesivo.<\/p>\n<h3>\u00bfEs mejor invertir en un frigor\u00edfico eficiente aunque sea m\u00e1s caro?<\/h3>\n<p>Invertir en un frigor\u00edfico eficiente suele ser rentable a largo plazo, ya que su consumo es significativamente menor. Aunque el precio inicial puede ser m\u00e1s alto, el ahorro en la factura de electricidad compensar\u00e1 la inversi\u00f3n inicial en unos pocos a\u00f1os, adem\u00e1s de ser una opci\u00f3n m\u00e1s sostenible.<\/p>\n<p>Elegir un frigor\u00edfico eficiente y usarlo correctamente puede marcar una gran diferencia en el consumo energ\u00e9tico de tu hogar. Con una buena clasificaci\u00f3n energ\u00e9tica y pr\u00e1cticas de mantenimiento adecuadas, no solo reduces el impacto en tu factura el\u00e9ctrica, sino que tambi\u00e9n contribuyes a un uso m\u00e1s sostenible de los recursos.<\/p>\n<p><strong>Los mejores frigor\u00edficos para tu hogar:<\/strong><\/p>\n<p><span data-sheets-root=\"1\"><section class=\"section_shortcode_products\"><div class=\"container_button\"><a href=\"https:\/\/www.lacasadelelectrodomestico.com\/Seccion~x~Frigorificos~IDSeccion~44.html\">Ver m\u00e1s<i><svg width=\"24\" height=\"24\" viewBox=\"0 0 24 24\" fill=\"none\" xmlns=\"http:\/\/www.w3.org\/2000\/svg\"><path fill-rule=\"evenodd\" clip-rule=\"evenodd\" d=\"M2.00039 13.0002L17.6004 13.0002L15.3004 15.3002L16.7004 16.7002L21.4004 12.0002L16.7004 7.3002L15.3004 8.70019L17.6004 11.0002L2.00039 11.0002L2.00039 13.0002Z\" fill=\"#333333\"><\/path><\/svg>\n<\/i><\/a><\/div><div class=\"shortcode_products\"><\/div><\/section><\/span><\/p>\n","protected":false},"excerpt":{"rendered":"<p>El consumo energ\u00e9tico del frigor\u00edfico es un factor clave en el gasto el\u00e9ctrico de tu hogar. Si bien solemos centrarnos en su tama\u00f1o o caracter\u00edsticas tecnol\u00f3gicas, la eficiencia energ\u00e9tica puede marcar una gran diferencia en tu factura mensual. Para dar con la mejor opci\u00f3n, te animamos a visitar nuestra categor\u00eda de frigor\u00edficos combi no frost, [&hellip;]<\/p>\n","protected":false},"author":17,"featured_media":6417,"comment_status":"open","ping_status":"open","sticky":false,"template":"","format":"standard","meta":{"footnotes":""},"categories":[1],"tags":[],"class_list":["post-6416","post","type-post","status-publish","format-standard","has-post-thumbnail","hentry","category-cocina"],"yoast_head":"<!-- This site is optimized with the Yoast SEO plugin v26.1.1 - https:\/\/yoast.com\/wordpress\/plugins\/seo\/ -->\n<title>\u00bfC\u00f3mo afecta el consumo energ\u00e9tico del frigor\u00edfico a tu hogar? - Blog de La Casa Del Electrodom\u00e9stico<\/title>\n<meta name=\"description\" content=\"Consumo frigor\u00edfico: Descubre cu\u00e1nta energ\u00eda consume tu nevera y c\u00f3mo reducir el coste el\u00e9ctrico. \u00a1Empieza a ahorrar ahora!\" \/>\n<meta name=\"robots\" content=\"index, follow, max-snippet:-1, max-image-preview:large, max-video-preview:-1\" \/>\n<link rel=\"canonical\" href=\"https:\/\/www.lacasadelelectrodomestico.com\/blog\/consumo-frigorifico\/\" \/>\n<meta property=\"og:locale\" content=\"es_ES\" \/>\n<meta property=\"og:type\" content=\"article\" \/>\n<meta property=\"og:title\" content=\"\u00bfC\u00f3mo afecta el consumo energ\u00e9tico del frigor\u00edfico a tu hogar? - Blog de La Casa Del Electrodom\u00e9stico\" \/>\n<meta property=\"og:description\" content=\"Consumo frigor\u00edfico: Descubre cu\u00e1nta energ\u00eda consume tu nevera y c\u00f3mo reducir el coste el\u00e9ctrico. \u00a1Empieza a ahorrar ahora!\" \/>\n<meta property=\"og:url\" content=\"https:\/\/www.lacasadelelectrodomestico.com\/blog\/consumo-frigorifico\/\" \/>\n<meta property=\"og:site_name\" content=\"Blog de La Casa Del Electrodom\u00e9stico\" \/>\n<meta property=\"article:published_time\" content=\"2024-11-01T17:36:19+00:00\" \/>\n<meta property=\"article:modified_time\" content=\"2025-07-03T13:13:59+00:00\" \/>\n<meta property=\"og:image\" content=\"https:\/\/www.lacasadelelectrodomestico.com\/blog\/wp-content\/uploads\/2024\/10\/consumo-frigorifico-1.jpg\" \/>\n\t<meta property=\"og:image:width\" content=\"1000\" \/>\n\t<meta property=\"og:image:height\" content=\"666\" \/>\n\t<meta property=\"og:image:type\" content=\"image\/jpeg\" \/>\n<meta name=\"author\" content=\"Laura Conde\" \/>\n<meta name=\"twitter:card\" content=\"summary_large_image\" \/>\n<script type=\"application\/ld+json\" class=\"yoast-schema-graph\">{\"@context\":\"https:\/\/schema.org\",\"@graph\":[{\"@type\":\"Article\",\"@id\":\"https:\/\/www.lacasadelelectrodomestico.com\/blog\/consumo-frigorifico\/#article\",\"isPartOf\":{\"@id\":\"https:\/\/www.lacasadelelectrodomestico.com\/blog\/consumo-frigorifico\/\"},\"author\":{\"name\":\"Laura Conde\",\"@id\":\"https:\/\/www.lacasadelelectrodomestico.com\/blog\/#\/schema\/person\/b53d4da66a4952bfc90629a3c83ad1f6\"},\"headline\":\"\u00bfC\u00f3mo afecta el consumo energ\u00e9tico del frigor\u00edfico a tu hogar?\",\"datePublished\":\"2024-11-01T17:36:19+00:00\",\"dateModified\":\"2025-07-03T13:13:59+00:00\",\"mainEntityOfPage\":{\"@id\":\"https:\/\/www.lacasadelelectrodomestico.com\/blog\/consumo-frigorifico\/\"},\"wordCount\":1473,\"commentCount\":0,\"publisher\":{\"@id\":\"https:\/\/www.lacasadelelectrodomestico.com\/blog\/#organization\"},\"image\":{\"@id\":\"https:\/\/www.lacasadelelectrodomestico.com\/blog\/consumo-frigorifico\/#primaryimage\"},\"thumbnailUrl\":\"https:\/\/www.lacasadelelectrodomestico.com\/blog\/wp-content\/uploads\/2024\/10\/consumo-frigorifico-1.jpg\",\"articleSection\":[\"Cocina\"],\"inLanguage\":\"es\",\"potentialAction\":[{\"@type\":\"CommentAction\",\"name\":\"Comment\",\"target\":[\"https:\/\/www.lacasadelelectrodomestico.com\/blog\/consumo-frigorifico\/#respond\"]}]},{\"@type\":\"WebPage\",\"@id\":\"https:\/\/www.lacasadelelectrodomestico.com\/blog\/consumo-frigorifico\/\",\"url\":\"https:\/\/www.lacasadelelectrodomestico.com\/blog\/consumo-frigorifico\/\",\"name\":\"\u00bfC\u00f3mo afecta el consumo energ\u00e9tico del frigor\u00edfico a tu hogar? - Blog de La Casa Del Electrodom\u00e9stico\",\"isPartOf\":{\"@id\":\"https:\/\/www.lacasadelelectrodomestico.com\/blog\/#website\"},\"primaryImageOfPage\":{\"@id\":\"https:\/\/www.lacasadelelectrodomestico.com\/blog\/consumo-frigorifico\/#primaryimage\"},\"image\":{\"@id\":\"https:\/\/www.lacasadelelectrodomestico.com\/blog\/consumo-frigorifico\/#primaryimage\"},\"thumbnailUrl\":\"https:\/\/www.lacasadelelectrodomestico.com\/blog\/wp-content\/uploads\/2024\/10\/consumo-frigorifico-1.jpg\",\"datePublished\":\"2024-11-01T17:36:19+00:00\",\"dateModified\":\"2025-07-03T13:13:59+00:00\",\"description\":\"Consumo frigor\u00edfico: Descubre cu\u00e1nta energ\u00eda consume tu nevera y c\u00f3mo reducir el coste el\u00e9ctrico. \u00a1Empieza a ahorrar ahora!\",\"breadcrumb\":{\"@id\":\"https:\/\/www.lacasadelelectrodomestico.com\/blog\/consumo-frigorifico\/#breadcrumb\"},\"inLanguage\":\"es\",\"potentialAction\":[{\"@type\":\"ReadAction\",\"target\":[\"https:\/\/www.lacasadelelectrodomestico.com\/blog\/consumo-frigorifico\/\"]}]},{\"@type\":\"ImageObject\",\"inLanguage\":\"es\",\"@id\":\"https:\/\/www.lacasadelelectrodomestico.com\/blog\/consumo-frigorifico\/#primaryimage\",\"url\":\"https:\/\/www.lacasadelelectrodomestico.com\/blog\/wp-content\/uploads\/2024\/10\/consumo-frigorifico-1.jpg\",\"contentUrl\":\"https:\/\/www.lacasadelelectrodomestico.com\/blog\/wp-content\/uploads\/2024\/10\/consumo-frigorifico-1.jpg\",\"width\":1000,\"height\":666,\"caption\":\"mujer feliz eligiendo entre varios frigor\u00edficos\"},{\"@type\":\"BreadcrumbList\",\"@id\":\"https:\/\/www.lacasadelelectrodomestico.com\/blog\/consumo-frigorifico\/#breadcrumb\",\"itemListElement\":[{\"@type\":\"ListItem\",\"position\":1,\"name\":\"Blog\",\"item\":\"https:\/\/www.lacasadelelectrodomestico.com\/blog\/\"},{\"@type\":\"ListItem\",\"position\":2,\"name\":\"\u00bfC\u00f3mo afecta el consumo energ\u00e9tico del frigor\u00edfico a tu hogar?\"}]},{\"@type\":\"WebSite\",\"@id\":\"https:\/\/www.lacasadelelectrodomestico.com\/blog\/#website\",\"url\":\"https:\/\/www.lacasadelelectrodomestico.com\/blog\/\",\"name\":\"Blog de La Casa Del Electrodom\u00e9stico\",\"description\":\"\",\"publisher\":{\"@id\":\"https:\/\/www.lacasadelelectrodomestico.com\/blog\/#organization\"},\"inLanguage\":\"es\"},{\"@type\":\"Organization\",\"@id\":\"https:\/\/www.lacasadelelectrodomestico.com\/blog\/#organization\",\"name\":\"Blog de electrodom\u00e9sticos - La Casa del Electrodom\u00e9stico\",\"url\":\"https:\/\/www.lacasadelelectrodomestico.com\/blog\/\",\"logo\":{\"@type\":\"ImageObject\",\"inLanguage\":\"es\",\"@id\":\"https:\/\/www.lacasadelelectrodomestico.com\/blog\/#\/schema\/logo\/image\/\",\"url\":\"https:\/\/www.lacasadelelectrodomestico.com\/blog\/wp-content\/uploads\/2021\/05\/la-casa-del-electrodomestico-logo.jpg\",\"contentUrl\":\"https:\/\/www.lacasadelelectrodomestico.com\/blog\/wp-content\/uploads\/2021\/05\/la-casa-del-electrodomestico-logo.jpg\",\"width\":300,\"height\":300,\"caption\":\"Blog de electrodom\u00e9sticos - La Casa del Electrodom\u00e9stico\"},\"image\":{\"@id\":\"https:\/\/www.lacasadelelectrodomestico.com\/blog\/#\/schema\/logo\/image\/\"}},{\"@type\":\"Person\",\"@id\":\"https:\/\/www.lacasadelelectrodomestico.com\/blog\/#\/schema\/person\/b53d4da66a4952bfc90629a3c83ad1f6\",\"name\":\"Laura Conde\",\"image\":{\"@type\":\"ImageObject\",\"inLanguage\":\"es\",\"@id\":\"https:\/\/www.lacasadelelectrodomestico.com\/blog\/#\/schema\/person\/image\/\",\"url\":\"https:\/\/secure.gravatar.com\/avatar\/dee8c5267734d3cf880aab29497486728780787448028721a639d0beea19053e?s=96&d=mm&r=g\",\"contentUrl\":\"https:\/\/secure.gravatar.com\/avatar\/dee8c5267734d3cf880aab29497486728780787448028721a639d0beea19053e?s=96&d=mm&r=g\",\"caption\":\"Laura Conde\"},\"description\":\"Dependienta en tienda f\u00edsica Experta en fr\u00edo\"}]}<\/script>\n<!-- \/ Yoast SEO plugin. -->","yoast_head_json":{"title":"\u00bfC\u00f3mo afecta el consumo energ\u00e9tico del frigor\u00edfico a tu hogar? - Blog de La Casa Del Electrodom\u00e9stico","description":"Consumo frigor\u00edfico: Descubre cu\u00e1nta energ\u00eda consume tu nevera y c\u00f3mo reducir el coste el\u00e9ctrico. \u00a1Empieza a ahorrar ahora!","robots":{"index":"index","follow":"follow","max-snippet":"max-snippet:-1","max-image-preview":"max-image-preview:large","max-video-preview":"max-video-preview:-1"},"canonical":"https:\/\/www.lacasadelelectrodomestico.com\/blog\/consumo-frigorifico\/","og_locale":"es_ES","og_type":"article","og_title":"\u00bfC\u00f3mo afecta el consumo energ\u00e9tico del frigor\u00edfico a tu hogar? - Blog de La Casa Del Electrodom\u00e9stico","og_description":"Consumo frigor\u00edfico: Descubre cu\u00e1nta energ\u00eda consume tu nevera y c\u00f3mo reducir el coste el\u00e9ctrico. \u00a1Empieza a ahorrar ahora!","og_url":"https:\/\/www.lacasadelelectrodomestico.com\/blog\/consumo-frigorifico\/","og_site_name":"Blog de La Casa Del Electrodom\u00e9stico","article_published_time":"2024-11-01T17:36:19+00:00","article_modified_time":"2025-07-03T13:13:59+00:00","og_image":[{"width":1000,"height":666,"url":"https:\/\/www.lacasadelelectrodomestico.com\/blog\/wp-content\/uploads\/2024\/10\/consumo-frigorifico-1.jpg","type":"image\/jpeg"}],"author":"Laura Conde","twitter_card":"summary_large_image","schema":{"@context":"https:\/\/schema.org","@graph":[{"@type":"Article","@id":"https:\/\/www.lacasadelelectrodomestico.com\/blog\/consumo-frigorifico\/#article","isPartOf":{"@id":"https:\/\/www.lacasadelelectrodomestico.com\/blog\/consumo-frigorifico\/"},"author":{"name":"Laura Conde","@id":"https:\/\/www.lacasadelelectrodomestico.com\/blog\/#\/schema\/person\/b53d4da66a4952bfc90629a3c83ad1f6"},"headline":"\u00bfC\u00f3mo afecta el consumo energ\u00e9tico del frigor\u00edfico a tu hogar?","datePublished":"2024-11-01T17:36:19+00:00","dateModified":"2025-07-03T13:13:59+00:00","mainEntityOfPage":{"@id":"https:\/\/www.lacasadelelectrodomestico.com\/blog\/consumo-frigorifico\/"},"wordCount":1473,"commentCount":0,"publisher":{"@id":"https:\/\/www.lacasadelelectrodomestico.com\/blog\/#organization"},"image":{"@id":"https:\/\/www.lacasadelelectrodomestico.com\/blog\/consumo-frigorifico\/#primaryimage"},"thumbnailUrl":"https:\/\/www.lacasadelelectrodomestico.com\/blog\/wp-content\/uploads\/2024\/10\/consumo-frigorifico-1.jpg","articleSection":["Cocina"],"inLanguage":"es","potentialAction":[{"@type":"CommentAction","name":"Comment","target":["https:\/\/www.lacasadelelectrodomestico.com\/blog\/consumo-frigorifico\/#respond"]}]},{"@type":"WebPage","@id":"https:\/\/www.lacasadelelectrodomestico.com\/blog\/consumo-frigorifico\/","url":"https:\/\/www.lacasadelelectrodomestico.com\/blog\/consumo-frigorifico\/","name":"\u00bfC\u00f3mo afecta el consumo energ\u00e9tico del frigor\u00edfico a tu hogar? - Blog de La Casa Del Electrodom\u00e9stico","isPartOf":{"@id":"https:\/\/www.lacasadelelectrodomestico.com\/blog\/#website"},"primaryImageOfPage":{"@id":"https:\/\/www.lacasadelelectrodomestico.com\/blog\/consumo-frigorifico\/#primaryimage"},"image":{"@id":"https:\/\/www.lacasadelelectrodomestico.com\/blog\/consumo-frigorifico\/#primaryimage"},"thumbnailUrl":"https:\/\/www.lacasadelelectrodomestico.com\/blog\/wp-content\/uploads\/2024\/10\/consumo-frigorifico-1.jpg","datePublished":"2024-11-01T17:36:19+00:00","dateModified":"2025-07-03T13:13:59+00:00","description":"Consumo frigor\u00edfico: Descubre cu\u00e1nta energ\u00eda consume tu nevera y c\u00f3mo reducir el coste el\u00e9ctrico. \u00a1Empieza a ahorrar ahora!","breadcrumb":{"@id":"https:\/\/www.lacasadelelectrodomestico.com\/blog\/consumo-frigorifico\/#breadcrumb"},"inLanguage":"es","potentialAction":[{"@type":"ReadAction","target":["https:\/\/www.lacasadelelectrodomestico.com\/blog\/consumo-frigorifico\/"]}]},{"@type":"ImageObject","inLanguage":"es","@id":"https:\/\/www.lacasadelelectrodomestico.com\/blog\/consumo-frigorifico\/#primaryimage","url":"https:\/\/www.lacasadelelectrodomestico.com\/blog\/wp-content\/uploads\/2024\/10\/consumo-frigorifico-1.jpg","contentUrl":"https:\/\/www.lacasadelelectrodomestico.com\/blog\/wp-content\/uploads\/2024\/10\/consumo-frigorifico-1.jpg","width":1000,"height":666,"caption":"mujer feliz eligiendo entre varios frigor\u00edficos"},{"@type":"BreadcrumbList","@id":"https:\/\/www.lacasadelelectrodomestico.com\/blog\/consumo-frigorifico\/#breadcrumb","itemListElement":[{"@type":"ListItem","position":1,"name":"Blog","item":"https:\/\/www.lacasadelelectrodomestico.com\/blog\/"},{"@type":"ListItem","position":2,"name":"\u00bfC\u00f3mo afecta el consumo energ\u00e9tico del frigor\u00edfico a tu hogar?"}]},{"@type":"WebSite","@id":"https:\/\/www.lacasadelelectrodomestico.com\/blog\/#website","url":"https:\/\/www.lacasadelelectrodomestico.com\/blog\/","name":"Blog de La Casa Del Electrodom\u00e9stico","description":"","publisher":{"@id":"https:\/\/www.lacasadelelectrodomestico.com\/blog\/#organization"},"inLanguage":"es"},{"@type":"Organization","@id":"https:\/\/www.lacasadelelectrodomestico.com\/blog\/#organization","name":"Blog de electrodom\u00e9sticos - La Casa del Electrodom\u00e9stico","url":"https:\/\/www.lacasadelelectrodomestico.com\/blog\/","logo":{"@type":"ImageObject","inLanguage":"es","@id":"https:\/\/www.lacasadelelectrodomestico.com\/blog\/#\/schema\/logo\/image\/","url":"https:\/\/www.lacasadelelectrodomestico.com\/blog\/wp-content\/uploads\/2021\/05\/la-casa-del-electrodomestico-logo.jpg","contentUrl":"https:\/\/www.lacasadelelectrodomestico.com\/blog\/wp-content\/uploads\/2021\/05\/la-casa-del-electrodomestico-logo.jpg","width":300,"height":300,"caption":"Blog de electrodom\u00e9sticos - La Casa del Electrodom\u00e9stico"},"image":{"@id":"https:\/\/www.lacasadelelectrodomestico.com\/blog\/#\/schema\/logo\/image\/"}},{"@type":"Person","@id":"https:\/\/www.lacasadelelectrodomestico.com\/blog\/#\/schema\/person\/b53d4da66a4952bfc90629a3c83ad1f6","name":"Laura Conde","image":{"@type":"ImageObject","inLanguage":"es","@id":"https:\/\/www.lacasadelelectrodomestico.com\/blog\/#\/schema\/person\/image\/","url":"https:\/\/secure.gravatar.com\/avatar\/dee8c5267734d3cf880aab29497486728780787448028721a639d0beea19053e?s=96&d=mm&r=g","contentUrl":"https:\/\/secure.gravatar.com\/avatar\/dee8c5267734d3cf880aab29497486728780787448028721a639d0beea19053e?s=96&d=mm&r=g","caption":"Laura Conde"},"description":"Dependienta en tienda f\u00edsica Experta en fr\u00edo"}]}},"_links":{"self":[{"href":"https:\/\/www.lacasadelelectrodomestico.com\/blog\/wp-json\/wp\/v2\/posts\/6416","targetHints":{"allow":["GET"]}}],"collection":[{"href":"https:\/\/www.lacasadelelectrodomestico.com\/blog\/wp-json\/wp\/v2\/posts"}],"about":[{"href":"https:\/\/www.lacasadelelectrodomestico.com\/blog\/wp-json\/wp\/v2\/types\/post"}],"author":[{"embeddable":true,"href":"https:\/\/www.lacasadelelectrodomestico.com\/blog\/wp-json\/wp\/v2\/users\/17"}],"replies":[{"embeddable":true,"href":"https:\/\/www.lacasadelelectrodomestico.com\/blog\/wp-json\/wp\/v2\/comments?post=6416"}],"version-history":[{"count":5,"href":"https:\/\/www.lacasadelelectrodomestico.com\/blog\/wp-json\/wp\/v2\/posts\/6416\/revisions"}],"predecessor-version":[{"id":7012,"href":"https:\/\/www.lacasadelelectrodomestico.com\/blog\/wp-json\/wp\/v2\/posts\/6416\/revisions\/7012"}],"wp:featuredmedia":[{"embeddable":true,"href":"https:\/\/www.lacasadelelectrodomestico.com\/blog\/wp-json\/wp\/v2\/media\/6417"}],"wp:attachment":[{"href":"https:\/\/www.lacasadelelectrodomestico.com\/blog\/wp-json\/wp\/v2\/media?parent=6416"}],"wp:term":[{"taxonomy":"category","embeddable":true,"href":"https:\/\/www.lacasadelelectrodomestico.com\/blog\/wp-json\/wp\/v2\/categories?post=6416"},{"taxonomy":"post_tag","embeddable":true,"href":"https:\/\/www.lacasadelelectrodomestico.com\/blog\/wp-json\/wp\/v2\/tags?post=6416"}],"curies":[{"name":"wp","href":"https:\/\/api.w.org\/{rel}","templated":true}]}}