{"id":6492,"date":"2024-12-06T10:51:46","date_gmt":"2024-12-06T08:51:46","guid":{"rendered":"https:\/\/www.lacasadelelectrodomestico.com\/blog\/?p=6492"},"modified":"2025-07-03T14:32:25","modified_gmt":"2025-07-03T12:32:25","slug":"cual-es-la-temperatura-de-la-lavadora-correcta-para-la-ropa","status":"publish","type":"post","link":"https:\/\/www.lacasadelelectrodomestico.com\/blog\/cual-es-la-temperatura-de-la-lavadora-correcta-para-la-ropa\/","title":{"rendered":"\u00bfCu\u00e1l es la temperatura de la lavadora correcta para la ropa?"},"content":{"rendered":"<p><img loading=\"lazy\" decoding=\"async\" class=\"alignnone size-full wp-image-6493\" src=\"https:\/\/www.lacasadelelectrodomestico.com\/blog\/wp-content\/uploads\/2024\/11\/temperatura-lavadora\u200b-1.jpg\" alt=\"Mujer sacando ropa de la lavadora\" width=\"1000\" height=\"668\" srcset=\"https:\/\/www.lacasadelelectrodomestico.com\/blog\/wp-content\/uploads\/2024\/11\/temperatura-lavadora\u200b-1.jpg 1000w, https:\/\/www.lacasadelelectrodomestico.com\/blog\/wp-content\/uploads\/2024\/11\/temperatura-lavadora\u200b-1-300x200.jpg 300w, https:\/\/www.lacasadelelectrodomestico.com\/blog\/wp-content\/uploads\/2024\/11\/temperatura-lavadora\u200b-1-768x513.jpg 768w, https:\/\/www.lacasadelelectrodomestico.com\/blog\/wp-content\/uploads\/2024\/11\/temperatura-lavadora\u200b-1-450x301.jpg 450w\" sizes=\"auto, (max-width: 1000px) 100vw, 1000px\" \/><\/p>\n<p><strong>\u00bfSab\u00edas que elegir la temperatura adecuada al lavar tu ropa puede marcar la diferencia?<\/strong> No solo afecta al cuidado de tus prendas, sino tambi\u00e9n al ahorro energ\u00e9tico y al resultado final del lavado. En esta gu\u00eda pr\u00e1ctica, te explicaremos <strong>c\u00f3mo ajustar la temperatura seg\u00fan el tipo de tejido, nivel de suciedad y colores<\/strong>. As\u00ed, podr\u00e1s proteger tu ropa, optimizar el consumo de energ\u00eda y conseguir un lavado eficiente. \u00a1Descubre todos los secretos aqu\u00ed!<\/p>\n<h2>\u00bfQu\u00e9 significa la temperatura de lavado?<\/h2>\n<p>La temperatura de lavado <strong>se refiere al nivel de calor del agua utilizado durante el ciclo de lavado en la <a href=\"https:\/\/www.lacasadelelectrodomestico.com\/Seccion~x~Lavado-y-secado~IDSeccion~74.html\">lavadora<\/a><\/strong>. Este factor determina c\u00f3mo se eliminan la suciedad, las bacterias y las manchas, adem\u00e1s de influir en la conservaci\u00f3n de los tejidos.<\/p>\n<p>Cada rango de temperatura est\u00e1 dise\u00f1ado para necesidades espec\u00edficas<strong>: el agua fr\u00eda protege los colores y las fibras delicadas, mientras que las temperaturas altas desinfectan y eliminan manchas dif\u00edciles<\/strong>. Elegir la temperatura correcta no solo cuida tu ropa, sino que tambi\u00e9n mejora la eficiencia del lavado y reduce el consumo energ\u00e9tico si se usa de forma adecuada.<\/p>\n<p><strong>Las mejores lavadoras para tu hogar:<\/strong><\/p>\n<section class=\"section_shortcode_products\"><div class=\"container_button\"><a href=\"https:\/\/www.lacasadelelectrodomestico.com\/Seccion~x~Lavado-y-secado~IDSeccion~74.html\">Ver m\u00e1s<i><svg width=\"24\" height=\"24\" viewBox=\"0 0 24 24\" fill=\"none\" xmlns=\"http:\/\/www.w3.org\/2000\/svg\"><path fill-rule=\"evenodd\" clip-rule=\"evenodd\" d=\"M2.00039 13.0002L17.6004 13.0002L15.3004 15.3002L16.7004 16.7002L21.4004 12.0002L16.7004 7.3002L15.3004 8.70019L17.6004 11.0002L2.00039 11.0002L2.00039 13.0002Z\" fill=\"#333333\"><\/path><\/svg>\n<\/i><\/a><\/div><div class=\"shortcode_products\"><\/div><\/section>\n<h2>\u00bfC\u00f3mo afecta la temperatura a los tejidos y colores?<\/h2>\n<p>La temperatura del agua influye directamente en la <strong>apariencia y durabilidad<\/strong> de las prendas. Las temperaturas altas pueden causar el desgaste de fibras delicadas, encogimientos y la p\u00e9rdida de elasticidad. Adem\u00e1s, los colores intensos pueden desvanecerse o transferirse a otras prendas.<\/p>\n<p>Por otro lado, lavar en fr\u00edo o con agua tibia ayuda a <strong>preservar los tejidos<\/strong> y <strong>mantener la viveza de los colores<\/strong>. Para un cuidado \u00f3ptimo, es importante ajustar la temperatura seg\u00fan el material y la tonalidad de la ropa.<\/p>\n<h2>C\u00f3mo elegir la temperatura ideal para cada tipo de prenda<\/h2>\n<p>Cada tejido requiere un cuidado espec\u00edfico para garantizar su limpieza y durabilidad. Conocer la temperatura adecuada es fundamental para lograrlo.<\/p>\n<h3>Tejidos delicados<\/h3>\n<p>Los tejidos como la <strong>seda<\/strong> y la <strong>lana<\/strong> son sensibles al calor. Para evitar deformaciones y da\u00f1os, lo mejor es usar temperaturas bajas, <strong>entre 20 \u00baC y 30 \u00baC<\/strong>. Estas prendas suelen requerir ciclos suaves y detergentes especializados. Una lavadora con programas espec\u00edficos para tejidos delicados puede marcar la diferencia en su conservaci\u00f3n a largo plazo.<\/p>\n<p>Aqu\u00ed te contamos <a href=\"https:\/\/www.lacasadelelectrodomestico.com\/blog\/lavar-ropa-de-bebe\/\">c\u00f3mo lavar ropa de beb\u00e9<\/a>.<\/p>\n<h3>Prendas cotidianas<\/h3>\n<p>La ropa diaria de <strong>algod\u00f3n o mezclas de fibras<\/strong> suele lavarse de forma efectiva entre <strong>30 \u00baC y 40 \u00baC<\/strong>. Este rango elimina la suciedad com\u00fan sin deteriorar los tejidos ni los colores. Separar la ropa por colores y usar un detergente adecuado asegura un mejor resultado. Este enfoque tambi\u00e9n protege las fibras de un desgaste innecesario. <a href=\"https:\/\/www.lacasadelelectrodomestico.com\/blog\/lavar-40-grados-desinfecta\/\">Lavar a 40 \u00b0C desinfecta<\/a>.<\/p>\n<h3>Ropa de cama y toallas<\/h3>\n<p>Las prendas de uso intensivo, como <strong>s\u00e1banas y toallas<\/strong>, necesitan temperaturas m\u00e1s altas, generalmente <strong>entre 40 \u00baC y 60 \u00baC<\/strong>. Este rango garantiza una limpieza profunda, eliminando bacterias y \u00e1caros. Los ciclos m\u00e1s largos y el uso de detergentes antibacterianos potencian la higiene de estas prendas, asegurando su frescura y suavidad.<\/p>\n<h3>Prendas muy sucias<\/h3>\n<p>La <strong>ropa deportiva<\/strong> o las <strong>prendas con manchas dif\u00edciles<\/strong> suelen requerir <strong>temperaturas superiores a 60 \u00baC<\/strong>. Este nivel de calor ayuda a eliminar restos de grasa, sudor y bacterias persistentes. Es importante comprobar las etiquetas antes de optar por ciclos intensos para asegurarse de que las fibras soporten estas temperaturas sin da\u00f1arse.<\/p>\n<h2>Relaci\u00f3n entre temperatura y consumo de energ\u00eda<\/h2>\n<p><img loading=\"lazy\" decoding=\"async\" class=\"alignnone size-full wp-image-6494\" src=\"https:\/\/www.lacasadelelectrodomestico.com\/blog\/wp-content\/uploads\/2024\/11\/temperatura-lavadora\u200b-2.jpg\" alt=\"Mujer hablando por tel\u00e9fono mientras usa la lavadora\" width=\"1000\" height=\"666\" srcset=\"https:\/\/www.lacasadelelectrodomestico.com\/blog\/wp-content\/uploads\/2024\/11\/temperatura-lavadora\u200b-2.jpg 1000w, https:\/\/www.lacasadelelectrodomestico.com\/blog\/wp-content\/uploads\/2024\/11\/temperatura-lavadora\u200b-2-300x200.jpg 300w, https:\/\/www.lacasadelelectrodomestico.com\/blog\/wp-content\/uploads\/2024\/11\/temperatura-lavadora\u200b-2-768x511.jpg 768w, https:\/\/www.lacasadelelectrodomestico.com\/blog\/wp-content\/uploads\/2024\/11\/temperatura-lavadora\u200b-2-450x300.jpg 450w\" sizes=\"auto, (max-width: 1000px) 100vw, 1000px\" \/><\/p>\n<p><strong>Calentar el agua durante el lavado es uno de los factores que m\u00e1s incrementa el consumo energ\u00e9tico de la lavadora<\/strong>. Lavar a temperaturas bajas, como 30 \u00baC, reduce significativamente el gasto el\u00e9ctrico sin comprometer los resultados si usas detergentes espec\u00edficos para ciclos fr\u00edos. Elegir <strong>programas eco<\/strong> es una opci\u00f3n eficiente para ahorrar energ\u00eda y cuidar el medio ambiente.<\/p>\n<h2>La influencia del agua en la eficiencia del lavado<\/h2>\n<p>La calidad del agua, ya sea dura o blanda, <strong>afecta la efectividad del detergente y el resultado del lavado<\/strong>. El agua dura dificulta la disoluci\u00f3n del detergente, reduciendo su eficacia. Usar suavizadores de agua o ajustar la cantidad de detergente seg\u00fan la dureza mejora la limpieza. Un agua bien equilibrada potencia el rendimiento de cualquier ciclo.<\/p>\n<h2>Consejos pr\u00e1cticos para optimizar el lavado seg\u00fan la temperatura<\/h2>\n<p>Una buena elecci\u00f3n de la temperatura puede mejorar los resultados y alargar la vida \u00fatil de tus prendas. Sigue estos consejos:<\/p>\n<ul>\n<li><strong>Consulta los <a href=\"https:\/\/www.lacasadelelectrodomestico.com\/blog\/simbolos-lavado-ropa-espana\/\">s\u00edmbolos de lavado<\/a> en las etiquetas de las prendas<\/strong>: Indican la temperatura m\u00e1xima recomendada para proteger los tejidos y los colores.<\/li>\n<li><strong>Clasifica la ropa<\/strong>: Agrupa por colores, nivel de suciedad y tipo de tejido para evitar transferencias de color o da\u00f1os.<\/li>\n<li><strong>Usa detergentes espec\u00edficos<\/strong>: Los dise\u00f1ados para bajas temperaturas o tejidos delicados potencian la limpieza sin necesidad de agua caliente.<\/li>\n<li><strong>Aprovecha los programas autom\u00e1ticos<\/strong>: Configuran temperatura y duraci\u00f3n para maximizar la eficiencia del lavado.<\/li>\n<li><strong>Lava en fr\u00edo siempre que sea posible<\/strong>: Reduce el consumo energ\u00e9tico y protege tus prendas m\u00e1s sensibles.<\/li>\n<\/ul>\n<h2>Preguntas frecuentes<\/h2>\n<h3>\u00bfQu\u00e9 significa el s\u00edmbolo de lavado con temperatura en las etiquetas?<\/h3>\n<p>El s\u00edmbolo de lavado con temperatura en las etiquetas indica la m\u00e1xima temperatura segura para lavar esa prenda sin da\u00f1arla. Suelen representarse como una cifra dentro de un icono de tina. Respetar estas indicaciones ayuda a mantener la calidad y durabilidad de la ropa.<\/p>\n<h3>\u00bfC\u00f3mo s\u00e9 qu\u00e9 temperatura usar si no tengo etiquetas?<\/h3>\n<p>Si las etiquetas faltan, lo m\u00e1s seguro es lavar a 30 \u00baC, ya que es una temperatura adecuada para la mayor\u00eda de los tejidos. Para ropa delicada o para <a href=\"https:\/\/www.lacasadelelectrodomestico.com\/blog\/lavar-ropa-negra\/\">lavar ropa negra<\/a>, opta por ciclos en fr\u00edo. Las prendas de algod\u00f3n blanco o muy sucias pueden lavarse a temperaturas m\u00e1s altas, como 40 \u00baC o 60 \u00baC, seg\u00fan el nivel de suciedad.<\/p>\n<h3>\u00bfAhorrar\u00e9 energ\u00eda si lavo con agua fr\u00eda?<\/h3>\n<p>S\u00ed, lavar con agua fr\u00eda reduce significativamente el consumo energ\u00e9tico, ya que no se utiliza energ\u00eda para calentar el agua. Usar detergentes dise\u00f1ados para ciclos en fr\u00edo asegura buenos resultados de limpieza incluso a bajas temperaturas, lo que tambi\u00e9n beneficia al medio ambiente y tu factura de luz. En este otro post te contamos m\u00e1s sobre las<a href=\"https:\/\/www.lacasadelelectrodomestico.com\/blog\/lavadora-que-tipo-energia\/\"> lavadoras y el consumo energ\u00e9tico<\/a>.<\/p>\n<p>Seleccionar la <strong>temperatura de lavado ideal<\/strong> garantiza ropa limpia, bien cuidada y una mayor eficiencia energ\u00e9tica. Conocer las necesidades de cada tipo de prenda te ayuda a prolongar su vida \u00fatil mientras optimizas el uso de tu lavadora. Siguiendo estas recomendaciones, disfrutar\u00e1s de un lavado m\u00e1s eficaz y sostenible para tu hogar.<\/p>\n<p><strong>Las mejores lavadoras para tu hogar:<\/strong><\/p>\n<section class=\"section_shortcode_products\"><div class=\"container_button\"><a href=\"https:\/\/www.lacasadelelectrodomestico.com\/Seccion~x~Lavado-y-secado~IDSeccion~74.html\">Ver m\u00e1s<i><svg width=\"24\" height=\"24\" viewBox=\"0 0 24 24\" fill=\"none\" xmlns=\"http:\/\/www.w3.org\/2000\/svg\"><path fill-rule=\"evenodd\" clip-rule=\"evenodd\" d=\"M2.00039 13.0002L17.6004 13.0002L15.3004 15.3002L16.7004 16.7002L21.4004 12.0002L16.7004 7.3002L15.3004 8.70019L17.6004 11.0002L2.00039 11.0002L2.00039 13.0002Z\" fill=\"#333333\"><\/path><\/svg>\n<\/i><\/a><\/div><div class=\"shortcode_products\"><\/div><\/section>\n","protected":false},"excerpt":{"rendered":"<p>\u00bfSab\u00edas que elegir la temperatura adecuada al lavar tu ropa puede marcar la diferencia? No solo afecta al cuidado de tus prendas, sino tambi\u00e9n al ahorro energ\u00e9tico y al resultado final del lavado. En esta gu\u00eda pr\u00e1ctica, te explicaremos c\u00f3mo ajustar la temperatura seg\u00fan el tipo de tejido, nivel de suciedad y colores. As\u00ed, podr\u00e1s [&hellip;]<\/p>\n","protected":false},"author":12,"featured_media":6493,"comment_status":"open","ping_status":"open","sticky":false,"template":"","format":"standard","meta":{"footnotes":""},"categories":[10],"tags":[],"class_list":["post-6492","post","type-post","status-publish","format-standard","has-post-thumbnail","hentry","category-limpieza-y-ropa"],"yoast_head":"<!-- This site is optimized with the Yoast SEO plugin v26.1.1 - https:\/\/yoast.com\/wordpress\/plugins\/seo\/ -->\n<title>Temperatura Lavadora: Gu\u00eda Para Lavar Correctamente - Blog de La Casa Del Electrodom\u00e9stico<\/title>\n<meta name=\"description\" content=\"Temperatura lavadora ideal seg\u00fan tejidos y suciedad. Aprende a ahorrar energ\u00eda y cuidar tu ropa con esta gu\u00eda pr\u00e1ctica. \u00a1Desc\u00fabrelo!\" \/>\n<meta name=\"robots\" content=\"index, follow, max-snippet:-1, max-image-preview:large, max-video-preview:-1\" \/>\n<link rel=\"canonical\" href=\"https:\/\/www.lacasadelelectrodomestico.com\/blog\/cual-es-la-temperatura-de-la-lavadora-correcta-para-la-ropa\/\" \/>\n<meta property=\"og:locale\" content=\"es_ES\" \/>\n<meta property=\"og:type\" content=\"article\" \/>\n<meta property=\"og:title\" content=\"Temperatura Lavadora: Gu\u00eda Para Lavar Correctamente - Blog de La Casa Del Electrodom\u00e9stico\" \/>\n<meta property=\"og:description\" content=\"Temperatura lavadora ideal seg\u00fan tejidos y suciedad. Aprende a ahorrar energ\u00eda y cuidar tu ropa con esta gu\u00eda pr\u00e1ctica. \u00a1Desc\u00fabrelo!\" \/>\n<meta property=\"og:url\" content=\"https:\/\/www.lacasadelelectrodomestico.com\/blog\/cual-es-la-temperatura-de-la-lavadora-correcta-para-la-ropa\/\" \/>\n<meta property=\"og:site_name\" content=\"Blog de La Casa Del Electrodom\u00e9stico\" \/>\n<meta property=\"article:published_time\" content=\"2024-12-06T08:51:46+00:00\" \/>\n<meta property=\"article:modified_time\" content=\"2025-07-03T12:32:25+00:00\" \/>\n<meta property=\"og:image\" content=\"https:\/\/www.lacasadelelectrodomestico.com\/blog\/wp-content\/uploads\/2024\/11\/temperatura-lavadora\u200b-1.jpg\" \/>\n\t<meta property=\"og:image:width\" content=\"1000\" \/>\n\t<meta property=\"og:image:height\" content=\"668\" \/>\n\t<meta property=\"og:image:type\" content=\"image\/jpeg\" \/>\n<meta name=\"author\" content=\"Iris L\u00f3pez\" \/>\n<meta name=\"twitter:card\" content=\"summary_large_image\" \/>\n<script type=\"application\/ld+json\" class=\"yoast-schema-graph\">{\"@context\":\"https:\/\/schema.org\",\"@graph\":[{\"@type\":\"Article\",\"@id\":\"https:\/\/www.lacasadelelectrodomestico.com\/blog\/cual-es-la-temperatura-de-la-lavadora-correcta-para-la-ropa\/#article\",\"isPartOf\":{\"@id\":\"https:\/\/www.lacasadelelectrodomestico.com\/blog\/cual-es-la-temperatura-de-la-lavadora-correcta-para-la-ropa\/\"},\"author\":{\"name\":\"Iris L\u00f3pez\",\"@id\":\"https:\/\/www.lacasadelelectrodomestico.com\/blog\/#\/schema\/person\/4531464768a9555d74f5cd073f6ec99d\"},\"headline\":\"\u00bfCu\u00e1l es la temperatura de la lavadora correcta para la ropa?\",\"datePublished\":\"2024-12-06T08:51:46+00:00\",\"dateModified\":\"2025-07-03T12:32:25+00:00\",\"mainEntityOfPage\":{\"@id\":\"https:\/\/www.lacasadelelectrodomestico.com\/blog\/cual-es-la-temperatura-de-la-lavadora-correcta-para-la-ropa\/\"},\"wordCount\":1477,\"commentCount\":0,\"publisher\":{\"@id\":\"https:\/\/www.lacasadelelectrodomestico.com\/blog\/#organization\"},\"image\":{\"@id\":\"https:\/\/www.lacasadelelectrodomestico.com\/blog\/cual-es-la-temperatura-de-la-lavadora-correcta-para-la-ropa\/#primaryimage\"},\"thumbnailUrl\":\"https:\/\/www.lacasadelelectrodomestico.com\/blog\/wp-content\/uploads\/2024\/11\/temperatura-lavadora\u200b-1.jpg\",\"articleSection\":[\"Limpieza y ropa\"],\"inLanguage\":\"es\",\"potentialAction\":[{\"@type\":\"CommentAction\",\"name\":\"Comment\",\"target\":[\"https:\/\/www.lacasadelelectrodomestico.com\/blog\/cual-es-la-temperatura-de-la-lavadora-correcta-para-la-ropa\/#respond\"]}]},{\"@type\":\"WebPage\",\"@id\":\"https:\/\/www.lacasadelelectrodomestico.com\/blog\/cual-es-la-temperatura-de-la-lavadora-correcta-para-la-ropa\/\",\"url\":\"https:\/\/www.lacasadelelectrodomestico.com\/blog\/cual-es-la-temperatura-de-la-lavadora-correcta-para-la-ropa\/\",\"name\":\"Temperatura Lavadora: Gu\u00eda Para Lavar Correctamente - Blog de La Casa Del Electrodom\u00e9stico\",\"isPartOf\":{\"@id\":\"https:\/\/www.lacasadelelectrodomestico.com\/blog\/#website\"},\"primaryImageOfPage\":{\"@id\":\"https:\/\/www.lacasadelelectrodomestico.com\/blog\/cual-es-la-temperatura-de-la-lavadora-correcta-para-la-ropa\/#primaryimage\"},\"image\":{\"@id\":\"https:\/\/www.lacasadelelectrodomestico.com\/blog\/cual-es-la-temperatura-de-la-lavadora-correcta-para-la-ropa\/#primaryimage\"},\"thumbnailUrl\":\"https:\/\/www.lacasadelelectrodomestico.com\/blog\/wp-content\/uploads\/2024\/11\/temperatura-lavadora\u200b-1.jpg\",\"datePublished\":\"2024-12-06T08:51:46+00:00\",\"dateModified\":\"2025-07-03T12:32:25+00:00\",\"description\":\"Temperatura lavadora ideal seg\u00fan tejidos y suciedad. Aprende a ahorrar energ\u00eda y cuidar tu ropa con esta gu\u00eda pr\u00e1ctica. \u00a1Desc\u00fabrelo!\",\"breadcrumb\":{\"@id\":\"https:\/\/www.lacasadelelectrodomestico.com\/blog\/cual-es-la-temperatura-de-la-lavadora-correcta-para-la-ropa\/#breadcrumb\"},\"inLanguage\":\"es\",\"potentialAction\":[{\"@type\":\"ReadAction\",\"target\":[\"https:\/\/www.lacasadelelectrodomestico.com\/blog\/cual-es-la-temperatura-de-la-lavadora-correcta-para-la-ropa\/\"]}]},{\"@type\":\"ImageObject\",\"inLanguage\":\"es\",\"@id\":\"https:\/\/www.lacasadelelectrodomestico.com\/blog\/cual-es-la-temperatura-de-la-lavadora-correcta-para-la-ropa\/#primaryimage\",\"url\":\"https:\/\/www.lacasadelelectrodomestico.com\/blog\/wp-content\/uploads\/2024\/11\/temperatura-lavadora\u200b-1.jpg\",\"contentUrl\":\"https:\/\/www.lacasadelelectrodomestico.com\/blog\/wp-content\/uploads\/2024\/11\/temperatura-lavadora\u200b-1.jpg\",\"width\":1000,\"height\":668,\"caption\":\"Mujer sacando ropa de la lavadora\"},{\"@type\":\"BreadcrumbList\",\"@id\":\"https:\/\/www.lacasadelelectrodomestico.com\/blog\/cual-es-la-temperatura-de-la-lavadora-correcta-para-la-ropa\/#breadcrumb\",\"itemListElement\":[{\"@type\":\"ListItem\",\"position\":1,\"name\":\"Blog\",\"item\":\"https:\/\/www.lacasadelelectrodomestico.com\/blog\/\"},{\"@type\":\"ListItem\",\"position\":2,\"name\":\"\u00bfCu\u00e1l es la temperatura de la lavadora correcta para la ropa?\"}]},{\"@type\":\"WebSite\",\"@id\":\"https:\/\/www.lacasadelelectrodomestico.com\/blog\/#website\",\"url\":\"https:\/\/www.lacasadelelectrodomestico.com\/blog\/\",\"name\":\"Blog de La Casa Del Electrodom\u00e9stico\",\"description\":\"\",\"publisher\":{\"@id\":\"https:\/\/www.lacasadelelectrodomestico.com\/blog\/#organization\"},\"inLanguage\":\"es\"},{\"@type\":\"Organization\",\"@id\":\"https:\/\/www.lacasadelelectrodomestico.com\/blog\/#organization\",\"name\":\"Blog de electrodom\u00e9sticos - La Casa del Electrodom\u00e9stico\",\"url\":\"https:\/\/www.lacasadelelectrodomestico.com\/blog\/\",\"logo\":{\"@type\":\"ImageObject\",\"inLanguage\":\"es\",\"@id\":\"https:\/\/www.lacasadelelectrodomestico.com\/blog\/#\/schema\/logo\/image\/\",\"url\":\"https:\/\/www.lacasadelelectrodomestico.com\/blog\/wp-content\/uploads\/2021\/05\/la-casa-del-electrodomestico-logo.jpg\",\"contentUrl\":\"https:\/\/www.lacasadelelectrodomestico.com\/blog\/wp-content\/uploads\/2021\/05\/la-casa-del-electrodomestico-logo.jpg\",\"width\":300,\"height\":300,\"caption\":\"Blog de electrodom\u00e9sticos - La Casa del Electrodom\u00e9stico\"},\"image\":{\"@id\":\"https:\/\/www.lacasadelelectrodomestico.com\/blog\/#\/schema\/logo\/image\/\"}},{\"@type\":\"Person\",\"@id\":\"https:\/\/www.lacasadelelectrodomestico.com\/blog\/#\/schema\/person\/4531464768a9555d74f5cd073f6ec99d\",\"name\":\"Iris L\u00f3pez\",\"image\":{\"@type\":\"ImageObject\",\"inLanguage\":\"es\",\"@id\":\"https:\/\/www.lacasadelelectrodomestico.com\/blog\/#\/schema\/person\/image\/\",\"url\":\"https:\/\/secure.gravatar.com\/avatar\/bdb7036f8d1bba50883c880d7254c202a9f32ce3f44bde347cc6dd8183892749?s=96&d=mm&r=g\",\"contentUrl\":\"https:\/\/secure.gravatar.com\/avatar\/bdb7036f8d1bba50883c880d7254c202a9f32ce3f44bde347cc6dd8183892749?s=96&d=mm&r=g\",\"caption\":\"Iris L\u00f3pez\"},\"description\":\"Comunicaci\u00f3n y Marketing Experta en lavado y secado\",\"sameAs\":[\"https:\/\/www.linkedin.com\/in\/irislopeza\/\"]}]}<\/script>\n<!-- \/ Yoast SEO plugin. -->","yoast_head_json":{"title":"Temperatura Lavadora: Gu\u00eda Para Lavar Correctamente - Blog de La Casa Del Electrodom\u00e9stico","description":"Temperatura lavadora ideal seg\u00fan tejidos y suciedad. Aprende a ahorrar energ\u00eda y cuidar tu ropa con esta gu\u00eda pr\u00e1ctica. \u00a1Desc\u00fabrelo!","robots":{"index":"index","follow":"follow","max-snippet":"max-snippet:-1","max-image-preview":"max-image-preview:large","max-video-preview":"max-video-preview:-1"},"canonical":"https:\/\/www.lacasadelelectrodomestico.com\/blog\/cual-es-la-temperatura-de-la-lavadora-correcta-para-la-ropa\/","og_locale":"es_ES","og_type":"article","og_title":"Temperatura Lavadora: Gu\u00eda Para Lavar Correctamente - Blog de La Casa Del Electrodom\u00e9stico","og_description":"Temperatura lavadora ideal seg\u00fan tejidos y suciedad. Aprende a ahorrar energ\u00eda y cuidar tu ropa con esta gu\u00eda pr\u00e1ctica. \u00a1Desc\u00fabrelo!","og_url":"https:\/\/www.lacasadelelectrodomestico.com\/blog\/cual-es-la-temperatura-de-la-lavadora-correcta-para-la-ropa\/","og_site_name":"Blog de La Casa Del Electrodom\u00e9stico","article_published_time":"2024-12-06T08:51:46+00:00","article_modified_time":"2025-07-03T12:32:25+00:00","og_image":[{"width":1000,"height":668,"url":"https:\/\/www.lacasadelelectrodomestico.com\/blog\/wp-content\/uploads\/2024\/11\/temperatura-lavadora\u200b-1.jpg","type":"image\/jpeg"}],"author":"Iris L\u00f3pez","twitter_card":"summary_large_image","schema":{"@context":"https:\/\/schema.org","@graph":[{"@type":"Article","@id":"https:\/\/www.lacasadelelectrodomestico.com\/blog\/cual-es-la-temperatura-de-la-lavadora-correcta-para-la-ropa\/#article","isPartOf":{"@id":"https:\/\/www.lacasadelelectrodomestico.com\/blog\/cual-es-la-temperatura-de-la-lavadora-correcta-para-la-ropa\/"},"author":{"name":"Iris L\u00f3pez","@id":"https:\/\/www.lacasadelelectrodomestico.com\/blog\/#\/schema\/person\/4531464768a9555d74f5cd073f6ec99d"},"headline":"\u00bfCu\u00e1l es la temperatura de la lavadora correcta para la ropa?","datePublished":"2024-12-06T08:51:46+00:00","dateModified":"2025-07-03T12:32:25+00:00","mainEntityOfPage":{"@id":"https:\/\/www.lacasadelelectrodomestico.com\/blog\/cual-es-la-temperatura-de-la-lavadora-correcta-para-la-ropa\/"},"wordCount":1477,"commentCount":0,"publisher":{"@id":"https:\/\/www.lacasadelelectrodomestico.com\/blog\/#organization"},"image":{"@id":"https:\/\/www.lacasadelelectrodomestico.com\/blog\/cual-es-la-temperatura-de-la-lavadora-correcta-para-la-ropa\/#primaryimage"},"thumbnailUrl":"https:\/\/www.lacasadelelectrodomestico.com\/blog\/wp-content\/uploads\/2024\/11\/temperatura-lavadora\u200b-1.jpg","articleSection":["Limpieza y ropa"],"inLanguage":"es","potentialAction":[{"@type":"CommentAction","name":"Comment","target":["https:\/\/www.lacasadelelectrodomestico.com\/blog\/cual-es-la-temperatura-de-la-lavadora-correcta-para-la-ropa\/#respond"]}]},{"@type":"WebPage","@id":"https:\/\/www.lacasadelelectrodomestico.com\/blog\/cual-es-la-temperatura-de-la-lavadora-correcta-para-la-ropa\/","url":"https:\/\/www.lacasadelelectrodomestico.com\/blog\/cual-es-la-temperatura-de-la-lavadora-correcta-para-la-ropa\/","name":"Temperatura Lavadora: Gu\u00eda Para Lavar Correctamente - Blog de La Casa Del Electrodom\u00e9stico","isPartOf":{"@id":"https:\/\/www.lacasadelelectrodomestico.com\/blog\/#website"},"primaryImageOfPage":{"@id":"https:\/\/www.lacasadelelectrodomestico.com\/blog\/cual-es-la-temperatura-de-la-lavadora-correcta-para-la-ropa\/#primaryimage"},"image":{"@id":"https:\/\/www.lacasadelelectrodomestico.com\/blog\/cual-es-la-temperatura-de-la-lavadora-correcta-para-la-ropa\/#primaryimage"},"thumbnailUrl":"https:\/\/www.lacasadelelectrodomestico.com\/blog\/wp-content\/uploads\/2024\/11\/temperatura-lavadora\u200b-1.jpg","datePublished":"2024-12-06T08:51:46+00:00","dateModified":"2025-07-03T12:32:25+00:00","description":"Temperatura lavadora ideal seg\u00fan tejidos y suciedad. Aprende a ahorrar energ\u00eda y cuidar tu ropa con esta gu\u00eda pr\u00e1ctica. \u00a1Desc\u00fabrelo!","breadcrumb":{"@id":"https:\/\/www.lacasadelelectrodomestico.com\/blog\/cual-es-la-temperatura-de-la-lavadora-correcta-para-la-ropa\/#breadcrumb"},"inLanguage":"es","potentialAction":[{"@type":"ReadAction","target":["https:\/\/www.lacasadelelectrodomestico.com\/blog\/cual-es-la-temperatura-de-la-lavadora-correcta-para-la-ropa\/"]}]},{"@type":"ImageObject","inLanguage":"es","@id":"https:\/\/www.lacasadelelectrodomestico.com\/blog\/cual-es-la-temperatura-de-la-lavadora-correcta-para-la-ropa\/#primaryimage","url":"https:\/\/www.lacasadelelectrodomestico.com\/blog\/wp-content\/uploads\/2024\/11\/temperatura-lavadora\u200b-1.jpg","contentUrl":"https:\/\/www.lacasadelelectrodomestico.com\/blog\/wp-content\/uploads\/2024\/11\/temperatura-lavadora\u200b-1.jpg","width":1000,"height":668,"caption":"Mujer sacando ropa de la lavadora"},{"@type":"BreadcrumbList","@id":"https:\/\/www.lacasadelelectrodomestico.com\/blog\/cual-es-la-temperatura-de-la-lavadora-correcta-para-la-ropa\/#breadcrumb","itemListElement":[{"@type":"ListItem","position":1,"name":"Blog","item":"https:\/\/www.lacasadelelectrodomestico.com\/blog\/"},{"@type":"ListItem","position":2,"name":"\u00bfCu\u00e1l es la temperatura de la lavadora correcta para la ropa?"}]},{"@type":"WebSite","@id":"https:\/\/www.lacasadelelectrodomestico.com\/blog\/#website","url":"https:\/\/www.lacasadelelectrodomestico.com\/blog\/","name":"Blog de La Casa Del Electrodom\u00e9stico","description":"","publisher":{"@id":"https:\/\/www.lacasadelelectrodomestico.com\/blog\/#organization"},"inLanguage":"es"},{"@type":"Organization","@id":"https:\/\/www.lacasadelelectrodomestico.com\/blog\/#organization","name":"Blog de electrodom\u00e9sticos - La Casa del Electrodom\u00e9stico","url":"https:\/\/www.lacasadelelectrodomestico.com\/blog\/","logo":{"@type":"ImageObject","inLanguage":"es","@id":"https:\/\/www.lacasadelelectrodomestico.com\/blog\/#\/schema\/logo\/image\/","url":"https:\/\/www.lacasadelelectrodomestico.com\/blog\/wp-content\/uploads\/2021\/05\/la-casa-del-electrodomestico-logo.jpg","contentUrl":"https:\/\/www.lacasadelelectrodomestico.com\/blog\/wp-content\/uploads\/2021\/05\/la-casa-del-electrodomestico-logo.jpg","width":300,"height":300,"caption":"Blog de electrodom\u00e9sticos - La Casa del Electrodom\u00e9stico"},"image":{"@id":"https:\/\/www.lacasadelelectrodomestico.com\/blog\/#\/schema\/logo\/image\/"}},{"@type":"Person","@id":"https:\/\/www.lacasadelelectrodomestico.com\/blog\/#\/schema\/person\/4531464768a9555d74f5cd073f6ec99d","name":"Iris L\u00f3pez","image":{"@type":"ImageObject","inLanguage":"es","@id":"https:\/\/www.lacasadelelectrodomestico.com\/blog\/#\/schema\/person\/image\/","url":"https:\/\/secure.gravatar.com\/avatar\/bdb7036f8d1bba50883c880d7254c202a9f32ce3f44bde347cc6dd8183892749?s=96&d=mm&r=g","contentUrl":"https:\/\/secure.gravatar.com\/avatar\/bdb7036f8d1bba50883c880d7254c202a9f32ce3f44bde347cc6dd8183892749?s=96&d=mm&r=g","caption":"Iris L\u00f3pez"},"description":"Comunicaci\u00f3n y Marketing Experta en lavado y secado","sameAs":["https:\/\/www.linkedin.com\/in\/irislopeza\/"]}]}},"_links":{"self":[{"href":"https:\/\/www.lacasadelelectrodomestico.com\/blog\/wp-json\/wp\/v2\/posts\/6492","targetHints":{"allow":["GET"]}}],"collection":[{"href":"https:\/\/www.lacasadelelectrodomestico.com\/blog\/wp-json\/wp\/v2\/posts"}],"about":[{"href":"https:\/\/www.lacasadelelectrodomestico.com\/blog\/wp-json\/wp\/v2\/types\/post"}],"author":[{"embeddable":true,"href":"https:\/\/www.lacasadelelectrodomestico.com\/blog\/wp-json\/wp\/v2\/users\/12"}],"replies":[{"embeddable":true,"href":"https:\/\/www.lacasadelelectrodomestico.com\/blog\/wp-json\/wp\/v2\/comments?post=6492"}],"version-history":[{"count":2,"href":"https:\/\/www.lacasadelelectrodomestico.com\/blog\/wp-json\/wp\/v2\/posts\/6492\/revisions"}],"predecessor-version":[{"id":6623,"href":"https:\/\/www.lacasadelelectrodomestico.com\/blog\/wp-json\/wp\/v2\/posts\/6492\/revisions\/6623"}],"wp:featuredmedia":[{"embeddable":true,"href":"https:\/\/www.lacasadelelectrodomestico.com\/blog\/wp-json\/wp\/v2\/media\/6493"}],"wp:attachment":[{"href":"https:\/\/www.lacasadelelectrodomestico.com\/blog\/wp-json\/wp\/v2\/media?parent=6492"}],"wp:term":[{"taxonomy":"category","embeddable":true,"href":"https:\/\/www.lacasadelelectrodomestico.com\/blog\/wp-json\/wp\/v2\/categories?post=6492"},{"taxonomy":"post_tag","embeddable":true,"href":"https:\/\/www.lacasadelelectrodomestico.com\/blog\/wp-json\/wp\/v2\/tags?post=6492"}],"curies":[{"name":"wp","href":"https:\/\/api.w.org\/{rel}","templated":true}]}}