{"id":6863,"date":"2025-02-18T00:00:37","date_gmt":"2025-02-17T22:00:37","guid":{"rendered":"https:\/\/www.lacasadelelectrodomestico.com\/blog\/?p=6863"},"modified":"2025-12-03T13:23:50","modified_gmt":"2025-12-03T11:23:50","slug":"mejores-frigorificos-combi","status":"publish","type":"post","link":"https:\/\/www.lacasadelelectrodomestico.com\/blog\/mejores-frigorificos-combi\/","title":{"rendered":"Conoce los mejores frigor\u00edficos combi para tu hogar"},"content":{"rendered":"<p><img loading=\"lazy\" decoding=\"async\" class=\"size-full wp-image-6864 aligncenter\" src=\"https:\/\/www.lacasadelelectrodomestico.com\/blog\/wp-content\/uploads\/2025\/02\/mejores-frigorificos-combi-1.jpg\" alt=\"mujer abriendo frigor\u00edfico combi\" width=\"1000\" height=\"668\" srcset=\"https:\/\/www.lacasadelelectrodomestico.com\/blog\/wp-content\/uploads\/2025\/02\/mejores-frigorificos-combi-1.jpg 1000w, https:\/\/www.lacasadelelectrodomestico.com\/blog\/wp-content\/uploads\/2025\/02\/mejores-frigorificos-combi-1-300x200.jpg 300w, https:\/\/www.lacasadelelectrodomestico.com\/blog\/wp-content\/uploads\/2025\/02\/mejores-frigorificos-combi-1-768x513.jpg 768w, https:\/\/www.lacasadelelectrodomestico.com\/blog\/wp-content\/uploads\/2025\/02\/mejores-frigorificos-combi-1-450x301.jpg 450w\" sizes=\"auto, (max-width: 1000px) 100vw, 1000px\" \/><\/p>\n<p>Elegir el <strong>mejor <a href=\"https:\/\/www.lacasadelelectrodomestico.com\/Seccion~x~Frigorificos-combi~IDSeccion~60.html\">frigor\u00edfico combi<\/a><\/strong> no es solo una cuesti\u00f3n de dise\u00f1o, sino de encontrar el equilibrio entre <strong>capacidad, eficiencia energ\u00e9tica y tecnolog\u00eda<\/strong>. Con tantas opciones en el mercado, puede ser dif\u00edcil saber cu\u00e1l es la mejor elecci\u00f3n para tu hogar. Si est\u00e1s considerando renovar tu cocina, te invitamos a descubrir nuestra selecci\u00f3n de <a href=\"https:\/\/www.lacasadelelectrodomestico.com\/Seccion~x~Frigorificos-samsung~IDSeccion~530.html\" target=\"_new\" rel=\"noopener noreferrer\" data-start=\"242\" data-end=\"352\">neveras Samsung<\/a>, reconocidas por su innovaci\u00f3n y eficiencia, para encontrar el modelo que mejor se adapte a tus necesidades.<\/p>\n<p>\u00bfBuscas un modelo espacioso, silencioso y que conserve los alimentos en perfectas condiciones? En esta gu\u00eda te ayudamos a descubrir las mejores opciones para que tomes una decisi\u00f3n informada y acertada.<\/p>\n<p><strong>Los mejores frigor\u00edficos combi para tu hogar:<\/strong><\/p>\n<p><span data-sheets-root=\"1\"><section class=\"section_shortcode_products\"><div class=\"container_button\"><a href=\"https:\/\/www.lacasadelelectrodomestico.com\/Seccion~x~Frigorificos-combi~IDSeccion~60.html\">Ver m\u00e1s<i><svg width=\"24\" height=\"24\" viewBox=\"0 0 24 24\" fill=\"none\" xmlns=\"http:\/\/www.w3.org\/2000\/svg\"><path fill-rule=\"evenodd\" clip-rule=\"evenodd\" d=\"M2.00039 13.0002L17.6004 13.0002L15.3004 15.3002L16.7004 16.7002L21.4004 12.0002L16.7004 7.3002L15.3004 8.70019L17.6004 11.0002L2.00039 11.0002L2.00039 13.0002Z\" fill=\"#333333\"><\/path><\/svg>\n<\/i><\/a><\/div><div class=\"shortcode_products\"><\/div><\/section><\/span><\/p>\n<h2>Mejores tipos de frigor\u00edficos combi y sus caracter\u00edsticas<\/h2>\n<p>Existen diferentes tipos de <a href=\"https:\/\/www.lacasadelelectrodomestico.com\/Seccion~x~Frigorificos~IDSeccion~44.html\">frigor\u00edficos<\/a> combi seg\u00fan el espacio disponible y las necesidades del hogar. Desde modelos est\u00e1ndar hasta opciones m\u00e1s grandes o integradas, cada tipo ofrece ventajas espec\u00edficas. Para cocinas con poco espacio, los <strong data-start=\"309\" data-end=\"335\"><a href=\"https:\/\/www.lacasadelelectrodomestico.com\/blog\/frigorificos-estrechos\">frigor\u00edficos estrechos<\/a><\/strong> son una alternativa funcional sin perder capacidad de almacenamiento.<\/p>\n<h3>Frigor\u00edficos combi est\u00e1ndar<\/h3>\n<p>Los frigor\u00edficos combi est\u00e1ndar son de los <a href=\"https:\/\/www.lacasadelelectrodomestico.com\/blog\/elegir-nevera\/\">tipos de neveras<\/a> m\u00e1s comunes y vers\u00e1tiles. Se caracterizan por tener el <strong>congelador en la parte inferior y el refrigerador en la parte superior<\/strong>, optimizando el espacio para un acceso c\u00f3modo a los alimentos de uso diario. Su dise\u00f1o es ideal para la mayor\u00eda de los hogares, ya que ofrecen <strong>una buena capacidad de almacenamiento sin ocupar demasiado espacio<\/strong>.<\/p>\n<p>Estos modelos incluyen funcionalidades avanzadas como <strong>tecnolog\u00eda No Frost<\/strong>, sistemas de refrigeraci\u00f3n independientes y m\u00faltiples compartimentos para conservar mejor los alimentos. Son una opci\u00f3n equilibrada entre <strong>precio, eficiencia y funcionalidad<\/strong>, con m\u00faltiples opciones de tama\u00f1o y acabados.<\/p>\n<div class=\"container_video\"><i><svg width=\"24\" height=\"18\" viewBox=\"0 0 24 18\" fill=\"none\" xmlns=\"http:\/\/www.w3.org\/2000\/svg\">\n<path fill-rule=\"evenodd\" clip-rule=\"evenodd\" d=\"M22.5979 3.16757C22.3325 2.14788 21.5504 1.34492 20.5573 1.07241C18.7576 0.577148 11.5401 0.577148 11.5401 0.577148C11.5401 0.577148 4.3227 0.577148 2.52283 1.07241C1.52972 1.34492 0.747617 2.14788 0.482194 3.16757C0 5.01563 0 8.87162 0 8.87162C0 8.87162 0 12.7275 0.482194 14.5757C0.747617 15.5954 1.52972 16.3983 2.52283 16.671C4.3227 17.1661 11.5401 17.1661 11.5401 17.1661C11.5401 17.1661 18.7576 17.1661 20.5573 16.671C21.5504 16.3983 22.3325 15.5954 22.5979 14.5757C23.0803 12.7275 23.0803 8.87162 23.0803 8.87162C23.0803 8.87162 23.0803 5.01563 22.5979 3.16757Z\" fill=\"#FF3333\"\/>\n<path fill-rule=\"evenodd\" clip-rule=\"evenodd\" d=\"M9.37634 12.8386V5.62598L15.1464 9.23241L9.37634 12.8386Z\" fill=\"white\"\/>\n<\/svg><br \/>\n<\/i><\/p>\n<figure><img decoding=\"async\" class=\"img_video\" src=\"https:\/\/img.youtube.com\/vi\/tuyIO_m5hEU\/hqdefault.jpg\" alt=\"Video - Conoce los mejores frigor\u00edficos combi para tu hogar\" data-id=\"tuyIO_m5hEU\"><\/figure>\n<\/div>\n<h3>Frigor\u00edficos combi americanos<\/h3>\n<p>Si el espacio no es un problema, los <a href=\"https:\/\/www.lacasadelelectrodomestico.com\/Seccion~x~Frigorificos-americanos~IDSeccion~196.html\">frigor\u00edficos combi americanos<\/a> ofrecen una <strong>gran capacidad de almacenamiento y un dise\u00f1o imponente<\/strong>. Su caracter\u00edstica principal es la disposici\u00f3n de puertas dobles o incluso de cuatro puertas, separando el refrigerador y el congelador de forma m\u00e1s accesible.<\/p>\n<p>Estos modelos suelen incorporar <strong>dispensadores de agua y hielo, tecnolog\u00eda avanzada de conservaci\u00f3n de alimentos y pantallas digitales<\/strong> para un control m\u00e1s preciso de la temperatura. Suelen ser m\u00e1s costosos y requieren m\u00e1s espacio, pero son ideales para familias numerosas o quienes buscan un frigor\u00edfico con mayor funcionalidad y estilo.<\/p>\n<p>Si buscas una opci\u00f3n que combine estas caracter\u00edsticas, te invitamos a explorar nuestra selecci\u00f3n de <a href=\"https:\/\/www.lacasadelelectrodomestico.com\/Seccion~x~Combis-1-80-m-~IDSeccion~298.html\" target=\"_new\" rel=\"noopener noreferrer\" data-start=\"101\" data-end=\"206\">frigor\u00edficos 180<\/a>, donde podr\u00e1s comparar modelos y encontrar el ideal para tu hogar.<\/p>\n<h3>Frigor\u00edficos combi integrados<\/h3>\n<p>Los <a href=\"https:\/\/www.lacasadelelectrodomestico.com\/Seccion~x~Frigorificos-integrables~IDSeccion~62.html\">frigor\u00edficos combi integrados<\/a> est\u00e1n dise\u00f1ados para quienes buscan una est\u00e9tica minimalista en su cocina. Se instalan dentro de los muebles de cocina, logrando un acabado uniforme y discreto. <strong>Son perfectos para cocinas modernas donde la integraci\u00f3n de los electrodom\u00e9sticos es una prioridad.<\/strong><\/p>\n<p>A pesar de su dise\u00f1o elegante, estos modelos pueden tener menos capacidad en comparaci\u00f3n con los frigor\u00edficos est\u00e1ndar o americanos. Sin embargo, cuentan con <strong>tecnolog\u00eda avanzada de conservaci\u00f3n y eficiencia energ\u00e9tica<\/strong>, asegurando un rendimiento \u00f3ptimo sin comprometer el dise\u00f1o de la cocina.<\/p>\n<p>Te invitamos a explorar nuestra <a href=\"https:\/\/www.lacasadelelectrodomestico.com\/Seccion~x~Frigorificos-siemens~IDSeccion~531.html\" target=\"_new\" rel=\"noopener noreferrer\" data-start=\"287\" data-end=\"415\">selecci\u00f3n de frigor\u00edficos Siemens<\/a>, que destacan por su innovaci\u00f3n y eficiencia, para encontrar el modelo que mejor se adapte a tus necesidades.<\/p>\n<div class=\"container_video\"><i><svg width=\"24\" height=\"18\" viewBox=\"0 0 24 18\" fill=\"none\" xmlns=\"http:\/\/www.w3.org\/2000\/svg\">\n<path fill-rule=\"evenodd\" clip-rule=\"evenodd\" d=\"M22.5979 3.16757C22.3325 2.14788 21.5504 1.34492 20.5573 1.07241C18.7576 0.577148 11.5401 0.577148 11.5401 0.577148C11.5401 0.577148 4.3227 0.577148 2.52283 1.07241C1.52972 1.34492 0.747617 2.14788 0.482194 3.16757C0 5.01563 0 8.87162 0 8.87162C0 8.87162 0 12.7275 0.482194 14.5757C0.747617 15.5954 1.52972 16.3983 2.52283 16.671C4.3227 17.1661 11.5401 17.1661 11.5401 17.1661C11.5401 17.1661 18.7576 17.1661 20.5573 16.671C21.5504 16.3983 22.3325 15.5954 22.5979 14.5757C23.0803 12.7275 23.0803 8.87162 23.0803 8.87162C23.0803 8.87162 23.0803 5.01563 22.5979 3.16757Z\" fill=\"#FF3333\"\/>\n<path fill-rule=\"evenodd\" clip-rule=\"evenodd\" d=\"M9.37634 12.8386V5.62598L15.1464 9.23241L9.37634 12.8386Z\" fill=\"white\"\/>\n<\/svg><br \/>\n<\/i><\/p>\n<figure><img decoding=\"async\" class=\"img_video\" src=\"https:\/\/img.youtube.com\/vi\/fMAGUs916Xk\/hqdefault.jpg\" alt=\"Video - Conoce los mejores frigor\u00edficos combi para tu hogar\" data-id=\"fMAGUs916Xk\"><\/figure>\n<\/div>\n<h2>Factores esenciales al elegir un frigor\u00edfico combi<\/h2>\n<p>Seleccionar el frigor\u00edfico combi adecuado depende de varios aspectos clave que analizaremos a continuaci\u00f3n.<\/p>\n<h3>Ventajas de la tecnolog\u00eda No Frost<\/h3>\n<p>La tecnolog\u00eda No Frost ha revolucionado la forma en que se conservan los alimentos. <strong>Evita la formaci\u00f3n de escarcha y la acumulaci\u00f3n de hielo<\/strong>, lo que elimina la necesidad de descongelar el frigor\u00edfico manualmente. Adem\u00e1s, permite una distribuci\u00f3n uniforme del fr\u00edo, manteniendo la frescura de los alimentos por m\u00e1s tiempo.<\/p>\n<p>Un frigor\u00edfico con sistema No Frost tambi\u00e9n evita la mezcla de olores y conserva mejor los productos frescos al mantener niveles \u00f3ptimos de humedad. Es una caracter\u00edstica indispensable para quienes buscan comodidad y eficiencia en el mantenimiento del frigor\u00edfico.<\/p>\n<h3>C\u00f3mo la eficiencia energ\u00e9tica afecta al ahorro<\/h3>\n<p>Un frigor\u00edfico es un electrodom\u00e9stico que funciona las 24 horas del d\u00eda, por lo que su consumo energ\u00e9tico es un factor clave a considerar. <strong>Los modelos con clasificaci\u00f3n energ\u00e9tica A o superior pueden reducir significativamente el gasto en la factura de electricidad<\/strong> en comparaci\u00f3n con modelos m\u00e1s antiguos o menos eficientes.<\/p>\n<p>Invertir en un frigor\u00edfico eficiente no solo <strong>contribuye al ahorro a largo plazo<\/strong>, sino que tambi\u00e9n es una elecci\u00f3n m\u00e1s sostenible. Adem\u00e1s, estos modelos suelen incorporar motores inverter, que ajustan la potencia de enfriamiento seg\u00fan las necesidades, reduciendo el consumo innecesario de energ\u00eda.<\/p>\n<div class=\"container_video\"><i><svg width=\"24\" height=\"18\" viewBox=\"0 0 24 18\" fill=\"none\" xmlns=\"http:\/\/www.w3.org\/2000\/svg\">\n<path fill-rule=\"evenodd\" clip-rule=\"evenodd\" d=\"M22.5979 3.16757C22.3325 2.14788 21.5504 1.34492 20.5573 1.07241C18.7576 0.577148 11.5401 0.577148 11.5401 0.577148C11.5401 0.577148 4.3227 0.577148 2.52283 1.07241C1.52972 1.34492 0.747617 2.14788 0.482194 3.16757C0 5.01563 0 8.87162 0 8.87162C0 8.87162 0 12.7275 0.482194 14.5757C0.747617 15.5954 1.52972 16.3983 2.52283 16.671C4.3227 17.1661 11.5401 17.1661 11.5401 17.1661C11.5401 17.1661 18.7576 17.1661 20.5573 16.671C21.5504 16.3983 22.3325 15.5954 22.5979 14.5757C23.0803 12.7275 23.0803 8.87162 23.0803 8.87162C23.0803 8.87162 23.0803 5.01563 22.5979 3.16757Z\" fill=\"#FF3333\"\/>\n<path fill-rule=\"evenodd\" clip-rule=\"evenodd\" d=\"M9.37634 12.8386V5.62598L15.1464 9.23241L9.37634 12.8386Z\" fill=\"white\"\/>\n<\/svg><br \/>\n<\/i><\/p>\n<figure><img decoding=\"async\" class=\"img_video\" src=\"https:\/\/img.youtube.com\/vi\/HGFifqwJUzA\/hqdefault.jpg\" alt=\"Video - Conoce los mejores frigor\u00edficos combi para tu hogar\" data-id=\"HGFifqwJUzA\"><\/figure>\n<\/div>\n<h3>Importancia de la capacidad y el dise\u00f1o<\/h3>\n<p>Elegir la capacidad adecuada de un frigor\u00edfico depende del n\u00famero de personas en el hogar y de los h\u00e1bitos de consumo.<\/p>\n<ul>\n<li><strong>Hasta 250 litros<\/strong>: ideal para hogares de 1 o 2 personas.<\/li>\n<li><strong>Entre 250 y 350 litros<\/strong>: perfecto para familias de 3 o 4 miembros.<\/li>\n<li><strong>M\u00e1s de 350 litros<\/strong>: recomendado para familias numerosas o quienes almacenan grandes cantidades de comida.<\/li>\n<\/ul>\n<p>El dise\u00f1o tambi\u00e9n influye en la funcionalidad del frigor\u00edfico. Modelos con cajones especiales para frutas y verduras, estantes ajustables y compartimentos de acceso r\u00e1pido mejoran la organizaci\u00f3n y la conservaci\u00f3n de los alimentos.<\/p>\n<h3>Diferencias entre motor inverter y motores tradicionales<\/h3>\n<p>El motor inverter es una tecnolog\u00eda que ajusta autom\u00e1ticamente la velocidad del compresor seg\u00fan la temperatura interna del frigor\u00edfico. Esto se traduce en <strong>mayor eficiencia energ\u00e9tica, menos ruido y una mayor vida \u00fatil del electrodom\u00e9stico<\/strong>.<\/p>\n<p>En comparaci\u00f3n, los motores tradicionales funcionan a una velocidad fija y se encienden y apagan constantemente, lo que genera mayor consumo de energ\u00eda y m\u00e1s desgaste. Optar por un modelo con motor inverter es una excelente inversi\u00f3n a largo plazo.<\/p>\n<p>Si buscas una combinaci\u00f3n de <strong>funcionalidad y estilo<\/strong>, te invitamos a explorar nuestra selecci\u00f3n de <a href=\"https:\/\/www.lacasadelelectrodomestico.com\/Seccion~x~Frigorificos-balay-cristal-negro~IDSeccion~1377.html\" target=\"_new\" rel=\"noopener noreferrer\" data-start=\"352\" data-end=\"479\">frigor\u00edficos negros<\/a>, que aportar\u00e1n elegancia y modernidad a tu cocina.<\/p>\n<h2>Marcas destacadas en frigor\u00edficos combi<\/h2>\n<p><img loading=\"lazy\" decoding=\"async\" class=\"size-full wp-image-6865 alignnone\" src=\"https:\/\/www.lacasadelelectrodomestico.com\/blog\/wp-content\/uploads\/2025\/02\/mejores-frigorificos-combi-2.jpg\" alt=\"Mujer junto a frigor\u00edfico combi\" width=\"1000\" height=\"668\" srcset=\"https:\/\/www.lacasadelelectrodomestico.com\/blog\/wp-content\/uploads\/2025\/02\/mejores-frigorificos-combi-2.jpg 1000w, https:\/\/www.lacasadelelectrodomestico.com\/blog\/wp-content\/uploads\/2025\/02\/mejores-frigorificos-combi-2-300x200.jpg 300w, https:\/\/www.lacasadelelectrodomestico.com\/blog\/wp-content\/uploads\/2025\/02\/mejores-frigorificos-combi-2-768x513.jpg 768w, https:\/\/www.lacasadelelectrodomestico.com\/blog\/wp-content\/uploads\/2025\/02\/mejores-frigorificos-combi-2-450x301.jpg 450w\" sizes=\"auto, (max-width: 1000px) 100vw, 1000px\" \/><\/p>\n<p>Al elegir un frigor\u00edfico combi, es importante considerar las marcas m\u00e1s confiables y con mejor tecnolog\u00eda. Cada fabricante ofrece caracter\u00edsticas \u00fanicas que pueden marcar la diferencia en t\u00e9rminos de eficiencia, capacidad y durabilidad.<\/p>\n<h3>Bosch: innovaci\u00f3n y eficiencia<\/h3>\n<p>Los <strong><a href=\"https:\/\/www.lacasadelelectrodomestico.com\/Seccion~x~Frigorificos-combinados-bosch~IDSeccion~869.html\">frigor\u00edficos combi Bosch<\/a><\/strong> destacan por su tecnolog\u00eda avanzada y su enfoque en la conservaci\u00f3n de los alimentos. Incorporan el sistema <strong>VitaFresh<\/strong>, que mantiene frutas y verduras frescas por m\u00e1s tiempo. Adem\u00e1s, sus motores son silenciosos y de bajo consumo, ideales para quienes buscan eficiencia energ\u00e9tica y durabilidad.<\/p>\n<p>Si est\u00e1s considerando renovar tu cocina, te invitamos a descubrir nuestra selecci\u00f3n de <a href=\"https:\/\/www.lacasadelelectrodomestico.com\/Seccion~x~Frigorificos-bosch~IDSeccion~516.html\" target=\"_new\" rel=\"noopener noreferrer\" data-start=\"342\" data-end=\"448\">neveras Bosch<\/a>, reconocidas por su innovaci\u00f3n y eficiencia, para encontrar el modelo que mejor se adapte a tus necesidades.<\/p>\n<h3>Balay: funcionalidad y dise\u00f1o accesible<\/h3>\n<p>Los <strong><a href=\"https:\/\/www.lacasadelelectrodomestico.com\/Seccion~x~Frigorificos-combinados-balay~IDSeccion~867.html\">frigor\u00edficos combi Balay<\/a><\/strong> son una excelente opci\u00f3n para quienes buscan un equilibrio entre precio y prestaciones. Ofrecen modelos con <strong>tecnolog\u00eda No Frost<\/strong>, cajones de conservaci\u00f3n extra\u00edbles y controles sencillos. Su dise\u00f1o moderno y funcional se adapta a cualquier cocina sin comprometer la capacidad de almacenamiento.<\/p>\n<p>Aqu\u00ed te contamos <a href=\"https:\/\/www.lacasadelelectrodomestico.com\/blog\/regular-temperatura-frigorifico-balay\/\">c\u00f3mo ajustar la temperatura de un frigor\u00edfico Balay<\/a>.<\/p>\n<h3>Haier: modelos innovadores con gran capacidad<\/h3>\n<p>Los <strong><a href=\"https:\/\/www.lacasadelelectrodomestico.com\/Seccion~x~Frigorificos-combinados-haier~IDSeccion~1374.html\">frigor\u00edficos combi Haier<\/a><\/strong> ofrecen una gran capacidad de almacenamiento sin sacrificar eficiencia. Su sistema de refrigeraci\u00f3n Total No Frost evita la acumulaci\u00f3n de escarcha y mantiene una distribuci\u00f3n homog\u00e9nea del fr\u00edo. Adem\u00e1s, cuentan con compartimentos especiales para carnes y pescados, asegurando una mejor conservaci\u00f3n de los alimentos.<\/p>\n<h3>Teka: opciones asequibles con tecnolog\u00eda avanzada<\/h3>\n<p>Los <strong><a href=\"https:\/\/www.lacasadelelectrodomestico.com\/Seccion~x~Frigorificos-combinados-teka~IDSeccion~882.html\">frigor\u00edficos combi Teka<\/a><\/strong> combinan tecnolog\u00eda moderna con precios accesibles. Incorporan sistemas de enfriamiento eficientes, pantallas t\u00e1ctiles y configuraciones personalizables. Su dise\u00f1o ergon\u00f3mico y su bajo consumo energ\u00e9tico los convierten en una alternativa atractiva para quienes buscan calidad sin gastar de m\u00e1s.<\/p>\n<p>Si est\u00e1s buscando una <strong>combinaci\u00f3n perfecta de innovaci\u00f3n y rendimiento<\/strong>, te invitamos a explorar nuestra selecci\u00f3n de <a class=\"\" href=\"https:\/\/www.lacasadelelectrodomestico.com\/Seccion~x~Frigorificos-combinados-candy~IDSeccion~870.html\" target=\"_new\" rel=\"noopener\" data-start=\"900\" data-end=\"1022\">frigor\u00edficos Candy<\/a>, donde podr\u00e1s comparar modelos y aprovechar las mejores ofertas disponibles.<\/p>\n<h2>Preguntas frecuentes sobre frigor\u00edficos combi<\/h2>\n<h3>\u00bfQu\u00e9 es la tecnolog\u00eda No Frost y por qu\u00e9 es importante?<\/h3>\n<p>La tecnolog\u00eda No Frost evita la formaci\u00f3n de hielo dentro del frigor\u00edfico y el congelador. Esto significa que no ser\u00e1 necesario descongelarlo manualmente, lo que facilita su mantenimiento. Tambi\u00e9n mejora la circulaci\u00f3n del aire fr\u00edo, permitiendo una conservaci\u00f3n \u00f3ptima de los alimentos. Aqu\u00ed te contamos cu\u00e1l es la <a href=\"https:\/\/www.lacasadelelectrodomestico.com\/blog\/temperatura-frigorifico-no-frost\">temperatura de un frigor\u00edfico no frost<\/a>.<\/p>\n<h3>\u00bfCu\u00e1l es el consumo promedio de un frigor\u00edfico combi?<\/h3>\n<p>El consumo depende del modelo y su clasificaci\u00f3n energ\u00e9tica. Un frigor\u00edfico combi con eficiencia A puede consumir entre <strong>150 y 250 kWh al a\u00f1o<\/strong>, lo que se traduce en un gasto de electricidad reducido. Optar por un modelo eficiente puede significar un ahorro significativo en la factura de luz.<\/p>\n<h3>\u00bfQu\u00e9 frigor\u00edfico combi es mejor para climas c\u00e1lidos?<\/h3>\n<p>Para climas c\u00e1lidos, es recomendable un frigor\u00edfico con <strong>motor inverter y tecnolog\u00eda No Frost<\/strong>, ya que mantienen una temperatura estable sin esfuerzo adicional. Adem\u00e1s, elegir un modelo con <strong>clase clim\u00e1tica adecuada<\/strong> (T o ST) garantiza un mejor rendimiento en temperaturas elevadas.<\/p>\n<p>Si buscas una opci\u00f3n que combine calidad y precio, te invitamos a explorar nuestra selecci\u00f3n de <a class=\"\" href=\"https:\/\/www.lacasadelelectrodomestico.com\/Seccion~x~Combis-de-2-03-cm-de-alto~IDSeccion~682.html\" target=\"_new\" rel=\"noopener\" data-start=\"1306\" data-end=\"1420\">combis baratos<\/a>, donde podr\u00e1s comparar modelos y encontrar el que mejor se adapte a tus necesidades<\/p>\n<p>Elegir el <strong>frigor\u00edfico combi ideal<\/strong> garantiza una mejor conservaci\u00f3n de los alimentos y un mayor ahorro energ\u00e9tico. Con tantas opciones disponibles, encontrar el modelo perfecto es m\u00e1s f\u00e1cil que nunca. Descubre nuestro cat\u00e1logo y elige el frigor\u00edfico que mejor se adapte a tu hogar. <strong>Haz tu compra hoy mismo.<\/strong><\/p>\n","protected":false},"excerpt":{"rendered":"<p>Elegir el mejor frigor\u00edfico combi no es solo una cuesti\u00f3n de dise\u00f1o, sino de encontrar el equilibrio entre capacidad, eficiencia energ\u00e9tica y tecnolog\u00eda. Con tantas opciones en el mercado, puede ser dif\u00edcil saber cu\u00e1l es la mejor elecci\u00f3n para tu hogar. Si est\u00e1s considerando renovar tu cocina, te invitamos a descubrir nuestra selecci\u00f3n de neveras [&hellip;]<\/p>\n","protected":false},"author":17,"featured_media":6864,"comment_status":"open","ping_status":"open","sticky":false,"template":"","format":"standard","meta":{"footnotes":""},"categories":[1,3],"tags":[],"class_list":["post-6863","post","type-post","status-publish","format-standard","has-post-thumbnail","hentry","category-cocina","category-hogar"],"yoast_head":"<!-- This site is optimized with the Yoast SEO plugin v26.1.1 - https:\/\/yoast.com\/wordpress\/plugins\/seo\/ -->\n<title>Mejores Frigor\u00edficos Combi Para Tu Hogar | La Casa del Electrodom\u00e9stico<\/title>\n<meta name=\"description\" content=\"Mejores frigor\u00edficos combi con tecnolog\u00eda No Frost y eficiencia energ\u00e9tica. Descubre las marcas m\u00e1s fiables y compra el ideal para tu hogar.\" \/>\n<meta name=\"robots\" content=\"index, follow, max-snippet:-1, max-image-preview:large, max-video-preview:-1\" \/>\n<link rel=\"canonical\" href=\"https:\/\/www.lacasadelelectrodomestico.com\/blog\/mejores-frigorificos-combi\/\" \/>\n<meta property=\"og:locale\" content=\"es_ES\" \/>\n<meta property=\"og:type\" content=\"article\" \/>\n<meta property=\"og:title\" content=\"Mejores Frigor\u00edficos Combi Para Tu Hogar | La Casa del Electrodom\u00e9stico\" \/>\n<meta property=\"og:description\" content=\"Mejores frigor\u00edficos combi con tecnolog\u00eda No Frost y eficiencia energ\u00e9tica. Descubre las marcas m\u00e1s fiables y compra el ideal para tu hogar.\" \/>\n<meta property=\"og:url\" content=\"https:\/\/www.lacasadelelectrodomestico.com\/blog\/mejores-frigorificos-combi\/\" \/>\n<meta property=\"og:site_name\" content=\"Blog de La Casa Del Electrodom\u00e9stico\" \/>\n<meta property=\"article:published_time\" content=\"2025-02-17T22:00:37+00:00\" \/>\n<meta property=\"article:modified_time\" content=\"2025-12-03T11:23:50+00:00\" \/>\n<meta property=\"og:image\" content=\"https:\/\/www.lacasadelelectrodomestico.com\/blog\/wp-content\/uploads\/2025\/02\/mejores-frigorificos-combi-1.jpg\" \/>\n\t<meta property=\"og:image:width\" content=\"1000\" \/>\n\t<meta property=\"og:image:height\" content=\"668\" \/>\n\t<meta property=\"og:image:type\" content=\"image\/jpeg\" \/>\n<meta name=\"author\" content=\"Laura Conde\" \/>\n<meta name=\"twitter:card\" content=\"summary_large_image\" \/>\n<script type=\"application\/ld+json\" class=\"yoast-schema-graph\">{\"@context\":\"https:\/\/schema.org\",\"@graph\":[{\"@type\":\"Article\",\"@id\":\"https:\/\/www.lacasadelelectrodomestico.com\/blog\/mejores-frigorificos-combi\/#article\",\"isPartOf\":{\"@id\":\"https:\/\/www.lacasadelelectrodomestico.com\/blog\/mejores-frigorificos-combi\/\"},\"author\":{\"name\":\"Laura Conde\",\"@id\":\"https:\/\/www.lacasadelelectrodomestico.com\/blog\/#\/schema\/person\/b53d4da66a4952bfc90629a3c83ad1f6\"},\"headline\":\"Conoce los mejores frigor\u00edficos combi para tu hogar\",\"datePublished\":\"2025-02-17T22:00:37+00:00\",\"dateModified\":\"2025-12-03T11:23:50+00:00\",\"mainEntityOfPage\":{\"@id\":\"https:\/\/www.lacasadelelectrodomestico.com\/blog\/mejores-frigorificos-combi\/\"},\"wordCount\":1917,\"commentCount\":0,\"publisher\":{\"@id\":\"https:\/\/www.lacasadelelectrodomestico.com\/blog\/#organization\"},\"image\":{\"@id\":\"https:\/\/www.lacasadelelectrodomestico.com\/blog\/mejores-frigorificos-combi\/#primaryimage\"},\"thumbnailUrl\":\"https:\/\/www.lacasadelelectrodomestico.com\/blog\/wp-content\/uploads\/2025\/02\/mejores-frigorificos-combi-1.jpg\",\"articleSection\":[\"Cocina\",\"Hogar\"],\"inLanguage\":\"es\",\"potentialAction\":[{\"@type\":\"CommentAction\",\"name\":\"Comment\",\"target\":[\"https:\/\/www.lacasadelelectrodomestico.com\/blog\/mejores-frigorificos-combi\/#respond\"]}]},{\"@type\":\"WebPage\",\"@id\":\"https:\/\/www.lacasadelelectrodomestico.com\/blog\/mejores-frigorificos-combi\/\",\"url\":\"https:\/\/www.lacasadelelectrodomestico.com\/blog\/mejores-frigorificos-combi\/\",\"name\":\"Mejores Frigor\u00edficos Combi Para Tu Hogar | La Casa del Electrodom\u00e9stico\",\"isPartOf\":{\"@id\":\"https:\/\/www.lacasadelelectrodomestico.com\/blog\/#website\"},\"primaryImageOfPage\":{\"@id\":\"https:\/\/www.lacasadelelectrodomestico.com\/blog\/mejores-frigorificos-combi\/#primaryimage\"},\"image\":{\"@id\":\"https:\/\/www.lacasadelelectrodomestico.com\/blog\/mejores-frigorificos-combi\/#primaryimage\"},\"thumbnailUrl\":\"https:\/\/www.lacasadelelectrodomestico.com\/blog\/wp-content\/uploads\/2025\/02\/mejores-frigorificos-combi-1.jpg\",\"datePublished\":\"2025-02-17T22:00:37+00:00\",\"dateModified\":\"2025-12-03T11:23:50+00:00\",\"description\":\"Mejores frigor\u00edficos combi con tecnolog\u00eda No Frost y eficiencia energ\u00e9tica. Descubre las marcas m\u00e1s fiables y compra el ideal para tu hogar.\",\"breadcrumb\":{\"@id\":\"https:\/\/www.lacasadelelectrodomestico.com\/blog\/mejores-frigorificos-combi\/#breadcrumb\"},\"inLanguage\":\"es\",\"potentialAction\":[{\"@type\":\"ReadAction\",\"target\":[\"https:\/\/www.lacasadelelectrodomestico.com\/blog\/mejores-frigorificos-combi\/\"]}]},{\"@type\":\"ImageObject\",\"inLanguage\":\"es\",\"@id\":\"https:\/\/www.lacasadelelectrodomestico.com\/blog\/mejores-frigorificos-combi\/#primaryimage\",\"url\":\"https:\/\/www.lacasadelelectrodomestico.com\/blog\/wp-content\/uploads\/2025\/02\/mejores-frigorificos-combi-1.jpg\",\"contentUrl\":\"https:\/\/www.lacasadelelectrodomestico.com\/blog\/wp-content\/uploads\/2025\/02\/mejores-frigorificos-combi-1.jpg\",\"width\":1000,\"height\":668,\"caption\":\"mujer abriendo frigor\u00edfico combi\"},{\"@type\":\"BreadcrumbList\",\"@id\":\"https:\/\/www.lacasadelelectrodomestico.com\/blog\/mejores-frigorificos-combi\/#breadcrumb\",\"itemListElement\":[{\"@type\":\"ListItem\",\"position\":1,\"name\":\"Blog\",\"item\":\"https:\/\/www.lacasadelelectrodomestico.com\/blog\/\"},{\"@type\":\"ListItem\",\"position\":2,\"name\":\"Conoce los mejores frigor\u00edficos combi para tu hogar\"}]},{\"@type\":\"WebSite\",\"@id\":\"https:\/\/www.lacasadelelectrodomestico.com\/blog\/#website\",\"url\":\"https:\/\/www.lacasadelelectrodomestico.com\/blog\/\",\"name\":\"Blog de La Casa Del Electrodom\u00e9stico\",\"description\":\"\",\"publisher\":{\"@id\":\"https:\/\/www.lacasadelelectrodomestico.com\/blog\/#organization\"},\"inLanguage\":\"es\"},{\"@type\":\"Organization\",\"@id\":\"https:\/\/www.lacasadelelectrodomestico.com\/blog\/#organization\",\"name\":\"Blog de electrodom\u00e9sticos - La Casa del Electrodom\u00e9stico\",\"url\":\"https:\/\/www.lacasadelelectrodomestico.com\/blog\/\",\"logo\":{\"@type\":\"ImageObject\",\"inLanguage\":\"es\",\"@id\":\"https:\/\/www.lacasadelelectrodomestico.com\/blog\/#\/schema\/logo\/image\/\",\"url\":\"https:\/\/www.lacasadelelectrodomestico.com\/blog\/wp-content\/uploads\/2021\/05\/la-casa-del-electrodomestico-logo.jpg\",\"contentUrl\":\"https:\/\/www.lacasadelelectrodomestico.com\/blog\/wp-content\/uploads\/2021\/05\/la-casa-del-electrodomestico-logo.jpg\",\"width\":300,\"height\":300,\"caption\":\"Blog de electrodom\u00e9sticos - La Casa del Electrodom\u00e9stico\"},\"image\":{\"@id\":\"https:\/\/www.lacasadelelectrodomestico.com\/blog\/#\/schema\/logo\/image\/\"}},{\"@type\":\"Person\",\"@id\":\"https:\/\/www.lacasadelelectrodomestico.com\/blog\/#\/schema\/person\/b53d4da66a4952bfc90629a3c83ad1f6\",\"name\":\"Laura Conde\",\"image\":{\"@type\":\"ImageObject\",\"inLanguage\":\"es\",\"@id\":\"https:\/\/www.lacasadelelectrodomestico.com\/blog\/#\/schema\/person\/image\/\",\"url\":\"https:\/\/secure.gravatar.com\/avatar\/dee8c5267734d3cf880aab29497486728780787448028721a639d0beea19053e?s=96&d=mm&r=g\",\"contentUrl\":\"https:\/\/secure.gravatar.com\/avatar\/dee8c5267734d3cf880aab29497486728780787448028721a639d0beea19053e?s=96&d=mm&r=g\",\"caption\":\"Laura Conde\"},\"description\":\"Dependienta en tienda f\u00edsica Experta en fr\u00edo\"}]}<\/script>\n<!-- \/ Yoast SEO plugin. -->","yoast_head_json":{"title":"Mejores Frigor\u00edficos Combi Para Tu Hogar | La Casa del Electrodom\u00e9stico","description":"Mejores frigor\u00edficos combi con tecnolog\u00eda No Frost y eficiencia energ\u00e9tica. Descubre las marcas m\u00e1s fiables y compra el ideal para tu hogar.","robots":{"index":"index","follow":"follow","max-snippet":"max-snippet:-1","max-image-preview":"max-image-preview:large","max-video-preview":"max-video-preview:-1"},"canonical":"https:\/\/www.lacasadelelectrodomestico.com\/blog\/mejores-frigorificos-combi\/","og_locale":"es_ES","og_type":"article","og_title":"Mejores Frigor\u00edficos Combi Para Tu Hogar | La Casa del Electrodom\u00e9stico","og_description":"Mejores frigor\u00edficos combi con tecnolog\u00eda No Frost y eficiencia energ\u00e9tica. Descubre las marcas m\u00e1s fiables y compra el ideal para tu hogar.","og_url":"https:\/\/www.lacasadelelectrodomestico.com\/blog\/mejores-frigorificos-combi\/","og_site_name":"Blog de La Casa Del Electrodom\u00e9stico","article_published_time":"2025-02-17T22:00:37+00:00","article_modified_time":"2025-12-03T11:23:50+00:00","og_image":[{"width":1000,"height":668,"url":"https:\/\/www.lacasadelelectrodomestico.com\/blog\/wp-content\/uploads\/2025\/02\/mejores-frigorificos-combi-1.jpg","type":"image\/jpeg"}],"author":"Laura Conde","twitter_card":"summary_large_image","schema":{"@context":"https:\/\/schema.org","@graph":[{"@type":"Article","@id":"https:\/\/www.lacasadelelectrodomestico.com\/blog\/mejores-frigorificos-combi\/#article","isPartOf":{"@id":"https:\/\/www.lacasadelelectrodomestico.com\/blog\/mejores-frigorificos-combi\/"},"author":{"name":"Laura Conde","@id":"https:\/\/www.lacasadelelectrodomestico.com\/blog\/#\/schema\/person\/b53d4da66a4952bfc90629a3c83ad1f6"},"headline":"Conoce los mejores frigor\u00edficos combi para tu hogar","datePublished":"2025-02-17T22:00:37+00:00","dateModified":"2025-12-03T11:23:50+00:00","mainEntityOfPage":{"@id":"https:\/\/www.lacasadelelectrodomestico.com\/blog\/mejores-frigorificos-combi\/"},"wordCount":1917,"commentCount":0,"publisher":{"@id":"https:\/\/www.lacasadelelectrodomestico.com\/blog\/#organization"},"image":{"@id":"https:\/\/www.lacasadelelectrodomestico.com\/blog\/mejores-frigorificos-combi\/#primaryimage"},"thumbnailUrl":"https:\/\/www.lacasadelelectrodomestico.com\/blog\/wp-content\/uploads\/2025\/02\/mejores-frigorificos-combi-1.jpg","articleSection":["Cocina","Hogar"],"inLanguage":"es","potentialAction":[{"@type":"CommentAction","name":"Comment","target":["https:\/\/www.lacasadelelectrodomestico.com\/blog\/mejores-frigorificos-combi\/#respond"]}]},{"@type":"WebPage","@id":"https:\/\/www.lacasadelelectrodomestico.com\/blog\/mejores-frigorificos-combi\/","url":"https:\/\/www.lacasadelelectrodomestico.com\/blog\/mejores-frigorificos-combi\/","name":"Mejores Frigor\u00edficos Combi Para Tu Hogar | La Casa del Electrodom\u00e9stico","isPartOf":{"@id":"https:\/\/www.lacasadelelectrodomestico.com\/blog\/#website"},"primaryImageOfPage":{"@id":"https:\/\/www.lacasadelelectrodomestico.com\/blog\/mejores-frigorificos-combi\/#primaryimage"},"image":{"@id":"https:\/\/www.lacasadelelectrodomestico.com\/blog\/mejores-frigorificos-combi\/#primaryimage"},"thumbnailUrl":"https:\/\/www.lacasadelelectrodomestico.com\/blog\/wp-content\/uploads\/2025\/02\/mejores-frigorificos-combi-1.jpg","datePublished":"2025-02-17T22:00:37+00:00","dateModified":"2025-12-03T11:23:50+00:00","description":"Mejores frigor\u00edficos combi con tecnolog\u00eda No Frost y eficiencia energ\u00e9tica. Descubre las marcas m\u00e1s fiables y compra el ideal para tu hogar.","breadcrumb":{"@id":"https:\/\/www.lacasadelelectrodomestico.com\/blog\/mejores-frigorificos-combi\/#breadcrumb"},"inLanguage":"es","potentialAction":[{"@type":"ReadAction","target":["https:\/\/www.lacasadelelectrodomestico.com\/blog\/mejores-frigorificos-combi\/"]}]},{"@type":"ImageObject","inLanguage":"es","@id":"https:\/\/www.lacasadelelectrodomestico.com\/blog\/mejores-frigorificos-combi\/#primaryimage","url":"https:\/\/www.lacasadelelectrodomestico.com\/blog\/wp-content\/uploads\/2025\/02\/mejores-frigorificos-combi-1.jpg","contentUrl":"https:\/\/www.lacasadelelectrodomestico.com\/blog\/wp-content\/uploads\/2025\/02\/mejores-frigorificos-combi-1.jpg","width":1000,"height":668,"caption":"mujer abriendo frigor\u00edfico combi"},{"@type":"BreadcrumbList","@id":"https:\/\/www.lacasadelelectrodomestico.com\/blog\/mejores-frigorificos-combi\/#breadcrumb","itemListElement":[{"@type":"ListItem","position":1,"name":"Blog","item":"https:\/\/www.lacasadelelectrodomestico.com\/blog\/"},{"@type":"ListItem","position":2,"name":"Conoce los mejores frigor\u00edficos combi para tu hogar"}]},{"@type":"WebSite","@id":"https:\/\/www.lacasadelelectrodomestico.com\/blog\/#website","url":"https:\/\/www.lacasadelelectrodomestico.com\/blog\/","name":"Blog de La Casa Del Electrodom\u00e9stico","description":"","publisher":{"@id":"https:\/\/www.lacasadelelectrodomestico.com\/blog\/#organization"},"inLanguage":"es"},{"@type":"Organization","@id":"https:\/\/www.lacasadelelectrodomestico.com\/blog\/#organization","name":"Blog de electrodom\u00e9sticos - La Casa del Electrodom\u00e9stico","url":"https:\/\/www.lacasadelelectrodomestico.com\/blog\/","logo":{"@type":"ImageObject","inLanguage":"es","@id":"https:\/\/www.lacasadelelectrodomestico.com\/blog\/#\/schema\/logo\/image\/","url":"https:\/\/www.lacasadelelectrodomestico.com\/blog\/wp-content\/uploads\/2021\/05\/la-casa-del-electrodomestico-logo.jpg","contentUrl":"https:\/\/www.lacasadelelectrodomestico.com\/blog\/wp-content\/uploads\/2021\/05\/la-casa-del-electrodomestico-logo.jpg","width":300,"height":300,"caption":"Blog de electrodom\u00e9sticos - La Casa del Electrodom\u00e9stico"},"image":{"@id":"https:\/\/www.lacasadelelectrodomestico.com\/blog\/#\/schema\/logo\/image\/"}},{"@type":"Person","@id":"https:\/\/www.lacasadelelectrodomestico.com\/blog\/#\/schema\/person\/b53d4da66a4952bfc90629a3c83ad1f6","name":"Laura Conde","image":{"@type":"ImageObject","inLanguage":"es","@id":"https:\/\/www.lacasadelelectrodomestico.com\/blog\/#\/schema\/person\/image\/","url":"https:\/\/secure.gravatar.com\/avatar\/dee8c5267734d3cf880aab29497486728780787448028721a639d0beea19053e?s=96&d=mm&r=g","contentUrl":"https:\/\/secure.gravatar.com\/avatar\/dee8c5267734d3cf880aab29497486728780787448028721a639d0beea19053e?s=96&d=mm&r=g","caption":"Laura Conde"},"description":"Dependienta en tienda f\u00edsica Experta en fr\u00edo"}]}},"_links":{"self":[{"href":"https:\/\/www.lacasadelelectrodomestico.com\/blog\/wp-json\/wp\/v2\/posts\/6863","targetHints":{"allow":["GET"]}}],"collection":[{"href":"https:\/\/www.lacasadelelectrodomestico.com\/blog\/wp-json\/wp\/v2\/posts"}],"about":[{"href":"https:\/\/www.lacasadelelectrodomestico.com\/blog\/wp-json\/wp\/v2\/types\/post"}],"author":[{"embeddable":true,"href":"https:\/\/www.lacasadelelectrodomestico.com\/blog\/wp-json\/wp\/v2\/users\/17"}],"replies":[{"embeddable":true,"href":"https:\/\/www.lacasadelelectrodomestico.com\/blog\/wp-json\/wp\/v2\/comments?post=6863"}],"version-history":[{"count":10,"href":"https:\/\/www.lacasadelelectrodomestico.com\/blog\/wp-json\/wp\/v2\/posts\/6863\/revisions"}],"predecessor-version":[{"id":7863,"href":"https:\/\/www.lacasadelelectrodomestico.com\/blog\/wp-json\/wp\/v2\/posts\/6863\/revisions\/7863"}],"wp:featuredmedia":[{"embeddable":true,"href":"https:\/\/www.lacasadelelectrodomestico.com\/blog\/wp-json\/wp\/v2\/media\/6864"}],"wp:attachment":[{"href":"https:\/\/www.lacasadelelectrodomestico.com\/blog\/wp-json\/wp\/v2\/media?parent=6863"}],"wp:term":[{"taxonomy":"category","embeddable":true,"href":"https:\/\/www.lacasadelelectrodomestico.com\/blog\/wp-json\/wp\/v2\/categories?post=6863"},{"taxonomy":"post_tag","embeddable":true,"href":"https:\/\/www.lacasadelelectrodomestico.com\/blog\/wp-json\/wp\/v2\/tags?post=6863"}],"curies":[{"name":"wp","href":"https:\/\/api.w.org\/{rel}","templated":true}]}}