{"id":7801,"date":"2025-11-04T14:20:15","date_gmt":"2025-11-04T12:20:15","guid":{"rendered":"https:\/\/www.lacasadelelectrodomestico.com\/blog\/?p=7801"},"modified":"2025-11-12T10:52:37","modified_gmt":"2025-11-12T08:52:37","slug":"black-friday-mejores-descuentos-para-ahorrar","status":"publish","type":"post","link":"https:\/\/www.lacasadelelectrodomestico.com\/blog\/black-friday-mejores-descuentos-para-ahorrar\/","title":{"rendered":"Black Friday 2025 en La Casa del Electrodom\u00e9stico: los mejores descuentos para ahorrar"},"content":{"rendered":"<h2><img loading=\"lazy\" decoding=\"async\" class=\"alignnone size-full wp-image-7803\" src=\"https:\/\/www.lacasadelelectrodomestico.com\/blog\/wp-content\/uploads\/2025\/11\/descuentos-black-friday-scaled.webp\" alt=\"descuentos black friday\" width=\"2560\" height=\"985\" srcset=\"https:\/\/www.lacasadelelectrodomestico.com\/blog\/wp-content\/uploads\/2025\/11\/descuentos-black-friday-scaled.webp 2560w, https:\/\/www.lacasadelelectrodomestico.com\/blog\/wp-content\/uploads\/2025\/11\/descuentos-black-friday-300x115.webp 300w, https:\/\/www.lacasadelelectrodomestico.com\/blog\/wp-content\/uploads\/2025\/11\/descuentos-black-friday-1024x394.webp 1024w, https:\/\/www.lacasadelelectrodomestico.com\/blog\/wp-content\/uploads\/2025\/11\/descuentos-black-friday-768x295.webp 768w, https:\/\/www.lacasadelelectrodomestico.com\/blog\/wp-content\/uploads\/2025\/11\/descuentos-black-friday-1536x591.webp 1536w, https:\/\/www.lacasadelelectrodomestico.com\/blog\/wp-content\/uploads\/2025\/11\/descuentos-black-friday-2048x788.webp 2048w, https:\/\/www.lacasadelelectrodomestico.com\/blog\/wp-content\/uploads\/2025\/11\/descuentos-black-friday-450x173.webp 450w\" sizes=\"auto, (max-width: 2560px) 100vw, 2560px\" \/><\/h2>\n<h2>\u00bfCu\u00e1ndo empieza el Black Friday 2025 en tiendas online?<\/h2>\n<p>El <strong>Black Friday 2025<\/strong> se celebra el <strong>viernes 28 de noviembre<\/strong>, pero en muchas tiendas online como La Casa del Electrodom\u00e9stico, las ofertas comienzan <strong>varios d\u00edas antes<\/strong>, con promociones que se extienden hasta el <a href=\"https:\/\/www.lacasadelelectrodomestico.com\/Seccion~x~Cyber-monday~IDSeccion~1410.html\"><strong>Cyber Monday<\/strong><\/a>.<\/p>\n<p>Si quieres aprovechar las <a href=\"https:\/\/www.lacasadelelectrodomestico.com\/Seccion~x~Black-friday~IDSeccion~1326.html\"><strong>mejores ofertas del Black Friday<\/strong><\/a>, te recomendamos estar atento desde el 20 de noviembre, cuando comienzan a activarse los primeros <strong>descuentos Black Friday<\/strong>.<\/p>\n<h2>\u00bfD\u00f3nde comprar electrodom\u00e9sticos con descuentos Black Friday?<\/h2>\n<p>En el Black Friday, los <strong>electrodom\u00e9sticos<\/strong> son uno de los productos m\u00e1s demandados por los usuarios, especialmente por la magnitud de los descuentos. Si buscas una tienda fiable, con buen servicio y ofertas reales, <a href=\"https:\/\/www.lacasadelelectrodomestico.com\">La Casa del Electrodom\u00e9stico<\/a> es una de las mejores opciones.<\/p>\n<p>Te recomendamos visitar directamente las siguientes secciones para aprovechar las <strong>ofertas Black Friday<\/strong> en:<\/p>\n<ul>\n<li><a href=\"https:\/\/www.lacasadelelectrodomestico.com\/Seccion~x~Frigorificos-black-friday~IDSeccion~1331.html\">Frigor\u00edficos Black Friday<\/a><\/li>\n<li><a href=\"https:\/\/www.lacasadelelectrodomestico.com\/Seccion~x~Congeladores-black-friday~IDSeccion~1327.html\">Congeladores Black Friday<\/a><\/li>\n<li><a href=\"https:\/\/www.lacasadelelectrodomestico.com\/Seccion~x~Lavadora-black-friday~IDSeccion~1370.html\">Lavadoras Black Friday<\/a><\/li>\n<li><a href=\"https:\/\/www.lacasadelelectrodomestico.com\/Seccion~x~Secadora-black-friday~IDSeccion~1371.html\">Secadoras Black Friday<\/a><\/li>\n<li><a href=\"https:\/\/www.lacasadelelectrodomestico.com\/Seccion~x~Lavavajillas-black-friday~IDSeccion~1330.html\">Lavavajillas Black Friday<\/a><\/li>\n<li><a href=\"https:\/\/www.lacasadelelectrodomestico.com\/Seccion~x~Cocinas-black-friday~IDSeccion~1444.html\">Cocinas Black Friday<\/a><\/li>\n<\/ul>\n<hr \/>\n<h2>\u00bfQu\u00e9 tipo de productos tienen mejores rebajas en Black Friday?<\/h2>\n<p>Durante el <strong>Black Friday 2025<\/strong>, estos son los productos que suelen tener los <strong>descuentos m\u00e1s agresivos<\/strong>:<\/p>\n<h3>\u2705 Televisores y tecnolog\u00eda para el hogar<\/h3>\n<p>A\u00f1o tras a\u00f1o, los <a href=\"https:\/\/www.lacasadelelectrodomestico.com\/Seccion~x~Televisores-black-friday~IDSeccion~1437.html\"><strong>televisores Black Friday<\/strong><\/a> se colocan entre los productos estrella. Puedes encontrar modelos 4K, Smart TV, OLED y m\u00e1s con grandes rebajas.<\/p>\n<h3>\u2705 M\u00f3viles y accesorios<\/h3>\n<p>Los <a href=\"https:\/\/www.lacasadelelectrodomestico.com\/Seccion~x~Telefonos-moviles-black-friday~IDSeccion~1441.html\"><strong>m\u00f3viles Black Friday<\/strong><\/a> son ideales si est\u00e1s buscando cambiar de terminal o hacer un regalo. Adem\u00e1s de smartphones, tambi\u00e9n hay rebajas en accesorios como auriculares o cargadores.<\/p>\n<h3>\u2705 Electrodom\u00e9sticos de gran consumo<\/h3>\n<p>Neveras, frigor\u00edficos, <a href=\"https:\/\/www.lacasadelelectrodomestico.com\/Seccion~x~Cocinas-black-friday~IDSeccion~1444.html\">cocinas<\/a>, <a href=\"https:\/\/www.lacasadelelectrodomestico.com\/Seccion~x~Hornos-black-friday~IDSeccion~1372.html\">hornos<\/a>, lavavajillas y lavadoras tienen una alta rotaci\u00f3n en Black Friday. Es el momento perfecto para renovar tus equipos con un buen <strong>descuento Black Friday<\/strong>.<\/p>\n<h2><strong style=\"font-size: 16px;\">Recomendaci\u00f3n:<\/strong><span style=\"font-size: 16px;\"> compra durante el <\/span><strong style=\"font-size: 16px;\">Black Friday<\/strong><span style=\"font-size: 16px;\"> si ya sabes qu\u00e9 necesitas. Las mejores ofertas suelen agotarse r\u00e1pido.<\/span><\/h2>\n<h2>\u00bfC\u00f3mo aprovechar al m\u00e1ximo las ofertas Black Friday?<\/h2>\n<p>Para conseguir las <strong>mejores ofertas del Black Friday<\/strong>, sigue estos consejos:<\/p>\n<ol>\n<li><strong>Haz tu lista de necesidades antes del evento.<\/strong><\/li>\n<li><strong>Compara precios previos y evita falsos descuentos.<\/strong><\/li>\n<li><strong>Suscr\u00edbete a newsletters para recibir alertas exclusivas.<\/strong><\/li>\n<li><strong>Compra lo antes posible para evitar agotamientos.<\/strong><\/li>\n<li><strong>Verifica pol\u00edticas de devoluci\u00f3n, garant\u00eda y env\u00edo.<\/strong><\/li>\n<\/ol>\n<p>En La Casa del Electrodom\u00e9stico, trabajamos para garantizarte <strong>ofertas reales, productos de calidad y un servicio postventa que te acompa\u00f1a tras la compra.<\/strong><\/p>\n<p><img loading=\"lazy\" decoding=\"async\" class=\"aligncenter wp-image-7804\" src=\"https:\/\/www.lacasadelelectrodomestico.com\/blog\/wp-content\/uploads\/2025\/11\/ofertas-black-friday.webp\" alt=\"ofertas black friday\" width=\"800\" height=\"800\" srcset=\"https:\/\/www.lacasadelelectrodomestico.com\/blog\/wp-content\/uploads\/2025\/11\/ofertas-black-friday.webp 1024w, https:\/\/www.lacasadelelectrodomestico.com\/blog\/wp-content\/uploads\/2025\/11\/ofertas-black-friday-300x300.webp 300w, https:\/\/www.lacasadelelectrodomestico.com\/blog\/wp-content\/uploads\/2025\/11\/ofertas-black-friday-150x150.webp 150w, https:\/\/www.lacasadelelectrodomestico.com\/blog\/wp-content\/uploads\/2025\/11\/ofertas-black-friday-768x768.webp 768w, https:\/\/www.lacasadelelectrodomestico.com\/blog\/wp-content\/uploads\/2025\/11\/ofertas-black-friday-350x350.webp 350w\" sizes=\"auto, (max-width: 800px) 100vw, 800px\" \/><\/p>\n<h2>Preguntas frecuentes sobre el Black Friday 2025<\/h2>\n<h3>\ud83d\udccc \u00bfCu\u00e1ndo es el Black Friday 2025?<\/h3>\n<p>El <strong>viernes 28 de noviembre de 2025<\/strong>, aunque las ofertas comienzan d\u00edas antes en tiendas online como la nuestra.<\/p>\n<h3>\ud83d\udccc \u00bfEs seguro comprar electrodom\u00e9sticos online en Black Friday?<\/h3>\n<p>S\u00ed, siempre que compres en tiendas reconocidas, con buenas valoraciones y pol\u00edticas claras de devoluci\u00f3n, como La Casa del Electrodom\u00e9stico.<\/p>\n<h3>\ud83d\udccc \u00bfPuedo devolver un producto comprado en Black Friday?<\/h3>\n<p>Por supuesto. En nuestra tienda aplicamos las mismas condiciones de devoluci\u00f3n que durante el resto del a\u00f1o.<\/p>\n<h3>\ud83d\udccc \u00bfQu\u00e9 productos bajan m\u00e1s de precio?<\/h3>\n<p>Televisores, m\u00f3viles, frigor\u00edficos, lavadoras y peque\u00f1os electrodom\u00e9sticos suelen tener los <strong>mejores descuentos Black Friday<\/strong>.<\/p>\n<h3>\ud83d\udccc \u00bfHay unidades limitadas?<\/h3>\n<p>S\u00ed. Las mejores ofertas est\u00e1n sujetas a disponibilidad y pueden agotarse en pocas horas.<\/p>\n","protected":false},"excerpt":{"rendered":"<p>\u00bfCu\u00e1ndo empieza el Black Friday 2025 en tiendas online? El Black Friday 2025 se celebra el viernes 28 de noviembre, pero en muchas tiendas online como La Casa del Electrodom\u00e9stico, las ofertas comienzan varios d\u00edas antes, con promociones que se extienden hasta el Cyber Monday. Si quieres aprovechar las mejores ofertas del Black Friday, te [&hellip;]<\/p>\n","protected":false},"author":14,"featured_media":7803,"comment_status":"open","ping_status":"open","sticky":false,"template":"","format":"standard","meta":{"footnotes":""},"categories":[6],"tags":[],"class_list":["post-7801","post","type-post","status-publish","format-standard","has-post-thumbnail","hentry","category-tendencias"],"yoast_head":"<!-- This site is optimized with the Yoast SEO plugin v26.1.1 - https:\/\/yoast.com\/wordpress\/plugins\/seo\/ -->\n<title>Ofertas Black Friday 2025: Aprovecha los mejores descuentos<\/title>\n<meta name=\"description\" content=\"Descubre las mejores ofertas del Black Friday 2025 en electrodom\u00e9sticos, m\u00f3viles y TV. Ahorra con descuentos reales en La Casa del Electrodom\u00e9stico.\" \/>\n<meta name=\"robots\" content=\"index, follow, max-snippet:-1, max-image-preview:large, max-video-preview:-1\" \/>\n<link rel=\"canonical\" href=\"https:\/\/www.lacasadelelectrodomestico.com\/blog\/black-friday-mejores-descuentos-para-ahorrar\/\" \/>\n<meta property=\"og:locale\" content=\"es_ES\" \/>\n<meta property=\"og:type\" content=\"article\" \/>\n<meta property=\"og:title\" content=\"Ofertas Black Friday 2025: Aprovecha los mejores descuentos\" \/>\n<meta property=\"og:description\" content=\"Descubre las mejores ofertas del Black Friday 2025 en electrodom\u00e9sticos, m\u00f3viles y TV. Ahorra con descuentos reales en La Casa del Electrodom\u00e9stico.\" \/>\n<meta property=\"og:url\" content=\"https:\/\/www.lacasadelelectrodomestico.com\/blog\/black-friday-mejores-descuentos-para-ahorrar\/\" \/>\n<meta property=\"og:site_name\" content=\"Blog de La Casa Del Electrodom\u00e9stico\" \/>\n<meta property=\"article:published_time\" content=\"2025-11-04T12:20:15+00:00\" \/>\n<meta property=\"article:modified_time\" content=\"2025-11-12T08:52:37+00:00\" \/>\n<meta property=\"og:image\" content=\"https:\/\/www.lacasadelelectrodomestico.com\/blog\/wp-content\/uploads\/2025\/11\/descuentos-black-friday-scaled.webp\" \/>\n\t<meta property=\"og:image:width\" content=\"2560\" \/>\n\t<meta property=\"og:image:height\" content=\"985\" \/>\n\t<meta property=\"og:image:type\" content=\"image\/webp\" \/>\n<meta name=\"author\" content=\"Puri M\u00e9ndez Canales\" \/>\n<meta name=\"twitter:card\" content=\"summary_large_image\" \/>\n<script type=\"application\/ld+json\" class=\"yoast-schema-graph\">{\"@context\":\"https:\/\/schema.org\",\"@graph\":[{\"@type\":\"Article\",\"@id\":\"https:\/\/www.lacasadelelectrodomestico.com\/blog\/black-friday-mejores-descuentos-para-ahorrar\/#article\",\"isPartOf\":{\"@id\":\"https:\/\/www.lacasadelelectrodomestico.com\/blog\/black-friday-mejores-descuentos-para-ahorrar\/\"},\"author\":{\"name\":\"Puri M\u00e9ndez Canales\",\"@id\":\"https:\/\/www.lacasadelelectrodomestico.com\/blog\/#\/schema\/person\/e1914473fabe556b81569a86b0377163\"},\"headline\":\"Black Friday 2025 en La Casa del Electrodom\u00e9stico: los mejores descuentos para ahorrar\",\"datePublished\":\"2025-11-04T12:20:15+00:00\",\"dateModified\":\"2025-11-12T08:52:37+00:00\",\"mainEntityOfPage\":{\"@id\":\"https:\/\/www.lacasadelelectrodomestico.com\/blog\/black-friday-mejores-descuentos-para-ahorrar\/\"},\"wordCount\":543,\"commentCount\":0,\"publisher\":{\"@id\":\"https:\/\/www.lacasadelelectrodomestico.com\/blog\/#organization\"},\"image\":{\"@id\":\"https:\/\/www.lacasadelelectrodomestico.com\/blog\/black-friday-mejores-descuentos-para-ahorrar\/#primaryimage\"},\"thumbnailUrl\":\"https:\/\/www.lacasadelelectrodomestico.com\/blog\/wp-content\/uploads\/2025\/11\/descuentos-black-friday-scaled.webp\",\"articleSection\":[\"Tendencias\"],\"inLanguage\":\"es\",\"potentialAction\":[{\"@type\":\"CommentAction\",\"name\":\"Comment\",\"target\":[\"https:\/\/www.lacasadelelectrodomestico.com\/blog\/black-friday-mejores-descuentos-para-ahorrar\/#respond\"]}]},{\"@type\":\"WebPage\",\"@id\":\"https:\/\/www.lacasadelelectrodomestico.com\/blog\/black-friday-mejores-descuentos-para-ahorrar\/\",\"url\":\"https:\/\/www.lacasadelelectrodomestico.com\/blog\/black-friday-mejores-descuentos-para-ahorrar\/\",\"name\":\"Ofertas Black Friday 2025: Aprovecha los mejores descuentos\",\"isPartOf\":{\"@id\":\"https:\/\/www.lacasadelelectrodomestico.com\/blog\/#website\"},\"primaryImageOfPage\":{\"@id\":\"https:\/\/www.lacasadelelectrodomestico.com\/blog\/black-friday-mejores-descuentos-para-ahorrar\/#primaryimage\"},\"image\":{\"@id\":\"https:\/\/www.lacasadelelectrodomestico.com\/blog\/black-friday-mejores-descuentos-para-ahorrar\/#primaryimage\"},\"thumbnailUrl\":\"https:\/\/www.lacasadelelectrodomestico.com\/blog\/wp-content\/uploads\/2025\/11\/descuentos-black-friday-scaled.webp\",\"datePublished\":\"2025-11-04T12:20:15+00:00\",\"dateModified\":\"2025-11-12T08:52:37+00:00\",\"description\":\"Descubre las mejores ofertas del Black Friday 2025 en electrodom\u00e9sticos, m\u00f3viles y TV. Ahorra con descuentos reales en La Casa del Electrodom\u00e9stico.\",\"breadcrumb\":{\"@id\":\"https:\/\/www.lacasadelelectrodomestico.com\/blog\/black-friday-mejores-descuentos-para-ahorrar\/#breadcrumb\"},\"inLanguage\":\"es\",\"potentialAction\":[{\"@type\":\"ReadAction\",\"target\":[\"https:\/\/www.lacasadelelectrodomestico.com\/blog\/black-friday-mejores-descuentos-para-ahorrar\/\"]}]},{\"@type\":\"ImageObject\",\"inLanguage\":\"es\",\"@id\":\"https:\/\/www.lacasadelelectrodomestico.com\/blog\/black-friday-mejores-descuentos-para-ahorrar\/#primaryimage\",\"url\":\"https:\/\/www.lacasadelelectrodomestico.com\/blog\/wp-content\/uploads\/2025\/11\/descuentos-black-friday-scaled.webp\",\"contentUrl\":\"https:\/\/www.lacasadelelectrodomestico.com\/blog\/wp-content\/uploads\/2025\/11\/descuentos-black-friday-scaled.webp\",\"width\":2560,\"height\":985,\"caption\":\"descuentos black friday\"},{\"@type\":\"BreadcrumbList\",\"@id\":\"https:\/\/www.lacasadelelectrodomestico.com\/blog\/black-friday-mejores-descuentos-para-ahorrar\/#breadcrumb\",\"itemListElement\":[{\"@type\":\"ListItem\",\"position\":1,\"name\":\"Blog\",\"item\":\"https:\/\/www.lacasadelelectrodomestico.com\/blog\/\"},{\"@type\":\"ListItem\",\"position\":2,\"name\":\"Black Friday 2025 en La Casa del Electrodom\u00e9stico: los mejores descuentos para ahorrar\"}]},{\"@type\":\"WebSite\",\"@id\":\"https:\/\/www.lacasadelelectrodomestico.com\/blog\/#website\",\"url\":\"https:\/\/www.lacasadelelectrodomestico.com\/blog\/\",\"name\":\"Blog de La Casa Del Electrodom\u00e9stico\",\"description\":\"\",\"publisher\":{\"@id\":\"https:\/\/www.lacasadelelectrodomestico.com\/blog\/#organization\"},\"inLanguage\":\"es\"},{\"@type\":\"Organization\",\"@id\":\"https:\/\/www.lacasadelelectrodomestico.com\/blog\/#organization\",\"name\":\"Blog de electrodom\u00e9sticos - La Casa del Electrodom\u00e9stico\",\"url\":\"https:\/\/www.lacasadelelectrodomestico.com\/blog\/\",\"logo\":{\"@type\":\"ImageObject\",\"inLanguage\":\"es\",\"@id\":\"https:\/\/www.lacasadelelectrodomestico.com\/blog\/#\/schema\/logo\/image\/\",\"url\":\"https:\/\/www.lacasadelelectrodomestico.com\/blog\/wp-content\/uploads\/2021\/05\/la-casa-del-electrodomestico-logo.jpg\",\"contentUrl\":\"https:\/\/www.lacasadelelectrodomestico.com\/blog\/wp-content\/uploads\/2021\/05\/la-casa-del-electrodomestico-logo.jpg\",\"width\":300,\"height\":300,\"caption\":\"Blog de electrodom\u00e9sticos - La Casa del Electrodom\u00e9stico\"},\"image\":{\"@id\":\"https:\/\/www.lacasadelelectrodomestico.com\/blog\/#\/schema\/logo\/image\/\"}},{\"@type\":\"Person\",\"@id\":\"https:\/\/www.lacasadelelectrodomestico.com\/blog\/#\/schema\/person\/e1914473fabe556b81569a86b0377163\",\"name\":\"Puri M\u00e9ndez Canales\",\"image\":{\"@type\":\"ImageObject\",\"inLanguage\":\"es\",\"@id\":\"https:\/\/www.lacasadelelectrodomestico.com\/blog\/#\/schema\/person\/image\/\",\"url\":\"https:\/\/secure.gravatar.com\/avatar\/e95f2b36a9d90c9183df52d57a9c38edaeea2bf6955dccbfcd689f4f0b49dec2?s=96&d=mm&r=g\",\"contentUrl\":\"https:\/\/secure.gravatar.com\/avatar\/e95f2b36a9d90c9183df52d57a9c38edaeea2bf6955dccbfcd689f4f0b49dec2?s=96&d=mm&r=g\",\"caption\":\"Puri M\u00e9ndez Canales\"},\"description\":\"Dependienta en tienda f\u00edsica. Especialista en productos de imagen personal y peque\u00f1os electrodom\u00e9sticos.\"}]}<\/script>\n<!-- \/ Yoast SEO plugin. -->","yoast_head_json":{"title":"Ofertas Black Friday 2025: Aprovecha los mejores descuentos","description":"Descubre las mejores ofertas del Black Friday 2025 en electrodom\u00e9sticos, m\u00f3viles y TV. Ahorra con descuentos reales en La Casa del Electrodom\u00e9stico.","robots":{"index":"index","follow":"follow","max-snippet":"max-snippet:-1","max-image-preview":"max-image-preview:large","max-video-preview":"max-video-preview:-1"},"canonical":"https:\/\/www.lacasadelelectrodomestico.com\/blog\/black-friday-mejores-descuentos-para-ahorrar\/","og_locale":"es_ES","og_type":"article","og_title":"Ofertas Black Friday 2025: Aprovecha los mejores descuentos","og_description":"Descubre las mejores ofertas del Black Friday 2025 en electrodom\u00e9sticos, m\u00f3viles y TV. Ahorra con descuentos reales en La Casa del Electrodom\u00e9stico.","og_url":"https:\/\/www.lacasadelelectrodomestico.com\/blog\/black-friday-mejores-descuentos-para-ahorrar\/","og_site_name":"Blog de La Casa Del Electrodom\u00e9stico","article_published_time":"2025-11-04T12:20:15+00:00","article_modified_time":"2025-11-12T08:52:37+00:00","og_image":[{"width":2560,"height":985,"url":"https:\/\/www.lacasadelelectrodomestico.com\/blog\/wp-content\/uploads\/2025\/11\/descuentos-black-friday-scaled.webp","type":"image\/webp"}],"author":"Puri M\u00e9ndez Canales","twitter_card":"summary_large_image","schema":{"@context":"https:\/\/schema.org","@graph":[{"@type":"Article","@id":"https:\/\/www.lacasadelelectrodomestico.com\/blog\/black-friday-mejores-descuentos-para-ahorrar\/#article","isPartOf":{"@id":"https:\/\/www.lacasadelelectrodomestico.com\/blog\/black-friday-mejores-descuentos-para-ahorrar\/"},"author":{"name":"Puri M\u00e9ndez Canales","@id":"https:\/\/www.lacasadelelectrodomestico.com\/blog\/#\/schema\/person\/e1914473fabe556b81569a86b0377163"},"headline":"Black Friday 2025 en La Casa del Electrodom\u00e9stico: los mejores descuentos para ahorrar","datePublished":"2025-11-04T12:20:15+00:00","dateModified":"2025-11-12T08:52:37+00:00","mainEntityOfPage":{"@id":"https:\/\/www.lacasadelelectrodomestico.com\/blog\/black-friday-mejores-descuentos-para-ahorrar\/"},"wordCount":543,"commentCount":0,"publisher":{"@id":"https:\/\/www.lacasadelelectrodomestico.com\/blog\/#organization"},"image":{"@id":"https:\/\/www.lacasadelelectrodomestico.com\/blog\/black-friday-mejores-descuentos-para-ahorrar\/#primaryimage"},"thumbnailUrl":"https:\/\/www.lacasadelelectrodomestico.com\/blog\/wp-content\/uploads\/2025\/11\/descuentos-black-friday-scaled.webp","articleSection":["Tendencias"],"inLanguage":"es","potentialAction":[{"@type":"CommentAction","name":"Comment","target":["https:\/\/www.lacasadelelectrodomestico.com\/blog\/black-friday-mejores-descuentos-para-ahorrar\/#respond"]}]},{"@type":"WebPage","@id":"https:\/\/www.lacasadelelectrodomestico.com\/blog\/black-friday-mejores-descuentos-para-ahorrar\/","url":"https:\/\/www.lacasadelelectrodomestico.com\/blog\/black-friday-mejores-descuentos-para-ahorrar\/","name":"Ofertas Black Friday 2025: Aprovecha los mejores descuentos","isPartOf":{"@id":"https:\/\/www.lacasadelelectrodomestico.com\/blog\/#website"},"primaryImageOfPage":{"@id":"https:\/\/www.lacasadelelectrodomestico.com\/blog\/black-friday-mejores-descuentos-para-ahorrar\/#primaryimage"},"image":{"@id":"https:\/\/www.lacasadelelectrodomestico.com\/blog\/black-friday-mejores-descuentos-para-ahorrar\/#primaryimage"},"thumbnailUrl":"https:\/\/www.lacasadelelectrodomestico.com\/blog\/wp-content\/uploads\/2025\/11\/descuentos-black-friday-scaled.webp","datePublished":"2025-11-04T12:20:15+00:00","dateModified":"2025-11-12T08:52:37+00:00","description":"Descubre las mejores ofertas del Black Friday 2025 en electrodom\u00e9sticos, m\u00f3viles y TV. Ahorra con descuentos reales en La Casa del Electrodom\u00e9stico.","breadcrumb":{"@id":"https:\/\/www.lacasadelelectrodomestico.com\/blog\/black-friday-mejores-descuentos-para-ahorrar\/#breadcrumb"},"inLanguage":"es","potentialAction":[{"@type":"ReadAction","target":["https:\/\/www.lacasadelelectrodomestico.com\/blog\/black-friday-mejores-descuentos-para-ahorrar\/"]}]},{"@type":"ImageObject","inLanguage":"es","@id":"https:\/\/www.lacasadelelectrodomestico.com\/blog\/black-friday-mejores-descuentos-para-ahorrar\/#primaryimage","url":"https:\/\/www.lacasadelelectrodomestico.com\/blog\/wp-content\/uploads\/2025\/11\/descuentos-black-friday-scaled.webp","contentUrl":"https:\/\/www.lacasadelelectrodomestico.com\/blog\/wp-content\/uploads\/2025\/11\/descuentos-black-friday-scaled.webp","width":2560,"height":985,"caption":"descuentos black friday"},{"@type":"BreadcrumbList","@id":"https:\/\/www.lacasadelelectrodomestico.com\/blog\/black-friday-mejores-descuentos-para-ahorrar\/#breadcrumb","itemListElement":[{"@type":"ListItem","position":1,"name":"Blog","item":"https:\/\/www.lacasadelelectrodomestico.com\/blog\/"},{"@type":"ListItem","position":2,"name":"Black Friday 2025 en La Casa del Electrodom\u00e9stico: los mejores descuentos para ahorrar"}]},{"@type":"WebSite","@id":"https:\/\/www.lacasadelelectrodomestico.com\/blog\/#website","url":"https:\/\/www.lacasadelelectrodomestico.com\/blog\/","name":"Blog de La Casa Del Electrodom\u00e9stico","description":"","publisher":{"@id":"https:\/\/www.lacasadelelectrodomestico.com\/blog\/#organization"},"inLanguage":"es"},{"@type":"Organization","@id":"https:\/\/www.lacasadelelectrodomestico.com\/blog\/#organization","name":"Blog de electrodom\u00e9sticos - La Casa del Electrodom\u00e9stico","url":"https:\/\/www.lacasadelelectrodomestico.com\/blog\/","logo":{"@type":"ImageObject","inLanguage":"es","@id":"https:\/\/www.lacasadelelectrodomestico.com\/blog\/#\/schema\/logo\/image\/","url":"https:\/\/www.lacasadelelectrodomestico.com\/blog\/wp-content\/uploads\/2021\/05\/la-casa-del-electrodomestico-logo.jpg","contentUrl":"https:\/\/www.lacasadelelectrodomestico.com\/blog\/wp-content\/uploads\/2021\/05\/la-casa-del-electrodomestico-logo.jpg","width":300,"height":300,"caption":"Blog de electrodom\u00e9sticos - La Casa del Electrodom\u00e9stico"},"image":{"@id":"https:\/\/www.lacasadelelectrodomestico.com\/blog\/#\/schema\/logo\/image\/"}},{"@type":"Person","@id":"https:\/\/www.lacasadelelectrodomestico.com\/blog\/#\/schema\/person\/e1914473fabe556b81569a86b0377163","name":"Puri M\u00e9ndez Canales","image":{"@type":"ImageObject","inLanguage":"es","@id":"https:\/\/www.lacasadelelectrodomestico.com\/blog\/#\/schema\/person\/image\/","url":"https:\/\/secure.gravatar.com\/avatar\/e95f2b36a9d90c9183df52d57a9c38edaeea2bf6955dccbfcd689f4f0b49dec2?s=96&d=mm&r=g","contentUrl":"https:\/\/secure.gravatar.com\/avatar\/e95f2b36a9d90c9183df52d57a9c38edaeea2bf6955dccbfcd689f4f0b49dec2?s=96&d=mm&r=g","caption":"Puri M\u00e9ndez Canales"},"description":"Dependienta en tienda f\u00edsica. Especialista en productos de imagen personal y peque\u00f1os electrodom\u00e9sticos."}]}},"_links":{"self":[{"href":"https:\/\/www.lacasadelelectrodomestico.com\/blog\/wp-json\/wp\/v2\/posts\/7801","targetHints":{"allow":["GET"]}}],"collection":[{"href":"https:\/\/www.lacasadelelectrodomestico.com\/blog\/wp-json\/wp\/v2\/posts"}],"about":[{"href":"https:\/\/www.lacasadelelectrodomestico.com\/blog\/wp-json\/wp\/v2\/types\/post"}],"author":[{"embeddable":true,"href":"https:\/\/www.lacasadelelectrodomestico.com\/blog\/wp-json\/wp\/v2\/users\/14"}],"replies":[{"embeddable":true,"href":"https:\/\/www.lacasadelelectrodomestico.com\/blog\/wp-json\/wp\/v2\/comments?post=7801"}],"version-history":[{"count":2,"href":"https:\/\/www.lacasadelelectrodomestico.com\/blog\/wp-json\/wp\/v2\/posts\/7801\/revisions"}],"predecessor-version":[{"id":7805,"href":"https:\/\/www.lacasadelelectrodomestico.com\/blog\/wp-json\/wp\/v2\/posts\/7801\/revisions\/7805"}],"wp:featuredmedia":[{"embeddable":true,"href":"https:\/\/www.lacasadelelectrodomestico.com\/blog\/wp-json\/wp\/v2\/media\/7803"}],"wp:attachment":[{"href":"https:\/\/www.lacasadelelectrodomestico.com\/blog\/wp-json\/wp\/v2\/media?parent=7801"}],"wp:term":[{"taxonomy":"category","embeddable":true,"href":"https:\/\/www.lacasadelelectrodomestico.com\/blog\/wp-json\/wp\/v2\/categories?post=7801"},{"taxonomy":"post_tag","embeddable":true,"href":"https:\/\/www.lacasadelelectrodomestico.com\/blog\/wp-json\/wp\/v2\/tags?post=7801"}],"curies":[{"name":"wp","href":"https:\/\/api.w.org\/{rel}","templated":true}]}}